{"id":16953,"date":"2021-08-20T17:24:55","date_gmt":"2021-08-20T20:24:55","guid":{"rendered":"https:\/\/morenoprimero.com.ar\/?p=16953"},"modified":"2021-08-20T17:24:55","modified_gmt":"2021-08-20T20:24:55","slug":"las-universidades-de-la-provincia-ampliaran-la-presencialidad-con-protocolos-sanitarios","status":"publish","type":"post","link":"https:\/\/morenoprimero.com.ar\/archivo\/las-universidades-de-la-provincia-ampliaran-la-presencialidad-con-protocolos-sanitarios\/","title":{"rendered":"Las Universidades de la Provincia ampliar\u00e1n la presencialidad con protocolos sanitarios"},"content":{"rendered":"\n<p>El gobernador <strong>Axel Kicillof<\/strong> encabez\u00f3 junto al ministro de Salud <strong>Nicol\u00e1s Kreplak<\/strong> y los rectores de las diferentes universidades de la provincia de Buenos Aires una reuni\u00f3n para <strong>revisar los protocolos de presencialidad y ampliar la cantidad de alumnos que puedan asistir a las aulas<\/strong>. Autoridades de la <strong>Universidad Nacional de Moreno<\/strong> estuvieron presentes.&nbsp;<\/p>\n\n\n\n<p>La Provincia se encarg\u00f3 de presentar los <strong>protocolos<\/strong>, que <strong>quedar\u00e1n a determinaci\u00f3n y aplicaci\u00f3n de cada casa de estudios<\/strong>. \u00abEl Gobierno present\u00f3 los protocolos, pero se respeta la autonom\u00eda universitaria\u00bb, indicaron desde la Casa de Gobierno.<\/p>\n\n\n\n<p><strong>\u00abEstamos trabajando para tener listos y en funcionamiento lo antes posible los protocolos necesarios para profundizar la presencialidad\u00bb,<\/strong> remarc\u00f3 el gobernador <strong>Axel Kicillof <\/strong>y agradeci\u00f3 \u00abel trabajo voluntario y colaborativo que realizaron todas las universidades junto al Gobierno de la Provincia\u00bb.<\/p>\n\n\n\n<p>\u00abLa Jefatura de Gabinete y el ministerio de Salud est\u00e1n terminando los protocolos que ser\u00e1n los est\u00e1ndares m\u00ednimos que se van a tener que cumplir para una mayor presencialidad\u00bb, sostuvo <strong>Federico Thea<\/strong> y se\u00f1al\u00f3 que<strong> \u00abno ser\u00e1 necesaria una autorizaci\u00f3n previa de funcionamiento, lo que marca tambi\u00e9n el resultado exitoso de la vacunaci\u00f3n\u00bb.<\/strong><\/p>\n\n\n\n<p>El rector de la Universidad Nacional de La Plata, <strong>Fernando Tauber<\/strong>, afirm\u00f3 que \u00abla presencialidad en conjunto con la virtualidad van a ensanchar las posibilidades de llegar al conocimiento en todos los niveles\u00bb, y remarc\u00f3 que las actividades universitarias y las clases \u00abnunca se suspendieron\u00bb.<\/p>\n\n\n\n<p>Por el momento, <strong>se mantendr\u00e1 el sistema mixto de presencialidad.<\/strong> Varios alumnos y alumnas hab\u00edan manifestado conformidad con los estudios de forma remota. Sin embargo, para aquellos que no pose\u00edan los recursos econ\u00f3micos y t\u00e9cnicos para sostener las cursadas virtuales supon\u00eda una imposibilidad de continuar con sus estudios.<\/p>\n\n\n\n<p>\u00ab<strong>Si se cumplen los protocolos de cuidado necesarios, estamos en condiciones de comenzar a tener una presencia m\u00e1s importante en las aulas.<\/strong> Podemos hacerlo mientras sostenemos el monitoreo permanente de la situaci\u00f3n epidemiol\u00f3gica y su contexto\u00bb, valid\u00f3 el ministro de Salud bonaerense,<strong> Nicol\u00e1s Kreplak.<\/strong><\/p>\n\n\n\n<figure class=\"wp-block-image size-full\"><a href=\"https:\/\/morenoprimero.com.ar\/wp-content\/uploads\/2021\/08\/universidades-1.jpg\"><img loading=\"lazy\" decoding=\"async\" width=\"887\" height=\"575\" src=\"https:\/\/morenoprimero.com.ar\/wp-content\/uploads\/2021\/08\/universidades-1.jpg\" alt=\"\" class=\"wp-image-16955\" srcset=\"https:\/\/morenoprimero.com.ar\/archivo\/wp-content\/uploads\/2021\/08\/universidades-1.jpg 887w, https:\/\/morenoprimero.com.ar\/archivo\/wp-content\/uploads\/2021\/08\/universidades-1-300x194.jpg 300w, https:\/\/morenoprimero.com.ar\/archivo\/wp-content\/uploads\/2021\/08\/universidades-1-768x498.jpg 768w\" sizes=\"auto, (max-width: 887px) 100vw, 887px\" \/><\/a><\/figure>\n\n\n\n<p>Qu\u00e9 universidades participaron de la reuni\u00f3n<\/p>\n\n\n\n<p>La reuni\u00f3n entre el Gobierno y las universidades se realiz\u00f3 de forma presencial en la <strong>Casa de Gobierno de la provincia de Buenos Aires<\/strong>, y se hicieron presentes las siguientes autoridades:<\/p>\n\n\n\n<ul class=\"wp-block-list\"><li>&nbsp;<strong>Carlos Greco<\/strong> &#8211; Universidad de San Mart\u00edn<\/li><li><strong>Pablo Bonaldi<\/strong> &#8211; Universidad de Sarmiento<\/li><li><strong>Ana Mar\u00eda Jaramilli<\/strong> &#8211; Universidad de Lan\u00fas<\/li><li><strong>Daniel Mart\u00ednez<\/strong> &#8211; Universidad de La Matanza<\/li><li><strong>Fernando Tauber<\/strong> &#8211; Universidad de La Plata<\/li><li><strong>Antonio Lapolla<\/strong> &#8211; Universidad de Luj\u00e1n<\/li><li><strong>Alejandro Villar<\/strong> &#8211; Universidad de Quilmes<\/li><li><strong>Jorge Calzoni<\/strong> &#8211; Universidad de Avellaneda<\/li><li><strong>Hugo Omar Andrade<\/strong> &#8211; Universidad de Moreno<\/li><li><strong>Roberto Gallo<\/strong> &#8211; Universidad del Oeste<\/li><li><strong>Ernesto Villanueva<\/strong> &#8211; Universidad Arturo Jauretch<\/li><li><strong>Dar\u00edo Kusinsky<\/strong> &#8211; Universidad de Jos\u00e9 C. Paz<\/li><li><strong>Walter Wallaech<\/strong> &#8211; Universidad de Hurlingham<\/li><li><strong>Guillermo Tamarit<\/strong> &#8211; Universidad del Noroeste<\/li><li><strong>Hern\u00e1n Vigier<\/strong> &#8211; Universidad del Sudoeste<\/li><li><strong>Daniel Galli<\/strong> &#8211; Universidad de Ezeiza<\/li><\/ul>\n\n\n\n<p>Tambi\u00e9n participaron el secretario general de la UTN, <strong>Miguel Sosa<\/strong>; el secretario de Extensi\u00f3n Universitaria y Bienestar Estudiantil de la Universidad de Tres de Febrero, <strong>Gabriel Asprella<\/strong>; la secretaria general t\u00e9cnica de la Universidad Nacional del Sur, <strong>Andrea Barbero<\/strong>; el decano de la UTN Avellaneda,<strong> Jorge Del Gener<\/strong>; el decano de la Facultad de Ciencias Sociales de la Universidad de Lomas de Zamora, <strong>Gustavo Na\u00f3n<\/strong>; el vicedecano de la UTN Trenque Lauquen, <strong>Patricio Picco<\/strong>; y el vicerrector de la Universidad Nacional Guillermo Brown, <strong>Facundo Nejamkis<\/strong>.<\/p>\n\n\n\n<p>Por parte del Gobierno, adem\u00e1s de <strong>Axel Kicillof<\/strong> y <strong>Nicol\u00e1s Kreplak<\/strong>, se hicieron presentes el jefe de Gabinete, <strong>Carlos Bianco<\/strong>; la directora general de Cultura y Educaci\u00f3n, <strong>Agustina Vila<\/strong>; el secretario general de Gobierno, <strong>Federico Thea<\/strong>; el secretario nacional de Pol\u00edticas Universitarias, <strong>Jaime Perczyk<\/strong>; y la titular del Consejo Provincial de Coordinaci\u00f3n con el Sistema Universitario y Cient\u00edfico, <strong>Florencia Saintout<\/strong>.<\/p>\n","protected":false},"excerpt":{"rendered":"<p>El gobernador Axel Kicillof encabez\u00f3 junto al ministro de Salud Nicol\u00e1s Kreplak y los rectores de las diferentes universidades de la provincia de Buenos Aires una reuni\u00f3n para revisar los protocolos de presencialidad y ampliar la cantidad de alumnos que &hellip; <a href=\"https:\/\/morenoprimero.com.ar\/archivo\/las-universidades-de-la-provincia-ampliaran-la-presencialidad-con-protocolos-sanitarios\/\">Sigue leyendo <span class=\"meta-nav\">&rarr;<\/span><\/a><\/p>\n","protected":false},"author":6,"featured_media":16956,"comment_status":"closed","ping_status":"closed","sticky":false,"template":"","format":"standard","meta":{"footnotes":""},"categories":[578,2329],"tags":[132,2099,607,1718,84],"class_list":["post-16953","post","type-post","status-publish","format-standard","has-post-thumbnail","hentry","category-educacion","category-provincial","tag-axel-kicillof","tag-clases-presenciales","tag-universidad-nacional-de-moreno","tag-universidades","tag-unm"],"_links":{"self":[{"href":"https:\/\/morenoprimero.com.ar\/archivo\/wp-json\/wp\/v2\/posts\/16953","targetHints":{"allow":["GET"]}}],"collection":[{"href":"https:\/\/morenoprimero.com.ar\/archivo\/wp-json\/wp\/v2\/posts"}],"about":[{"href":"https:\/\/morenoprimero.com.ar\/archivo\/wp-json\/wp\/v2\/types\/post"}],"author":[{"embeddable":true,"href":"https:\/\/morenoprimero.com.ar\/archivo\/wp-json\/wp\/v2\/users\/6"}],"replies":[{"embeddable":true,"href":"https:\/\/morenoprimero.com.ar\/archivo\/wp-json\/wp\/v2\/comments?post=16953"}],"version-history":[{"count":1,"href":"https:\/\/morenoprimero.com.ar\/archivo\/wp-json\/wp\/v2\/posts\/16953\/revisions"}],"predecessor-version":[{"id":16957,"href":"https:\/\/morenoprimero.com.ar\/archivo\/wp-json\/wp\/v2\/posts\/16953\/revisions\/16957"}],"wp:featuredmedia":[{"embeddable":true,"href":"https:\/\/morenoprimero.com.ar\/archivo\/wp-json\/wp\/v2\/media\/16956"}],"wp:attachment":[{"href":"https:\/\/morenoprimero.com.ar\/archivo\/wp-json\/wp\/v2\/media?parent=16953"}],"wp:term":[{"taxonomy":"category","embeddable":true,"href":"https:\/\/morenoprimero.com.ar\/archivo\/wp-json\/wp\/v2\/categories?post=16953"},{"taxonomy":"post_tag","embeddable":true,"href":"https:\/\/morenoprimero.com.ar\/archivo\/wp-json\/wp\/v2\/tags?post=16953"}],"curies":[{"name":"wp","href":"https:\/\/api.w.org\/{rel}","templated":true}]}}