{"id":1693,"date":"2020-08-26T11:54:25","date_gmt":"2020-08-26T11:54:25","guid":{"rendered":"https:\/\/morenoprimero.com.ar\/?p=1693"},"modified":"2020-08-26T11:54:26","modified_gmt":"2020-08-26T11:54:26","slug":"murio-otra-abuela-que-no-pudo-abrazar-a-su-nieto-a","status":"publish","type":"post","link":"https:\/\/morenoprimero.com.ar\/archivo\/murio-otra-abuela-que-no-pudo-abrazar-a-su-nieto-a\/","title":{"rendered":"MURI\u00d3 OTRA ABUELA QUE NO PUDO ABRAZAR A SU NIETO\/A"},"content":{"rendered":"\n<p><strong>Se trata de la partida de Mar\u00eda Angela \u00abLa negra\u00bb Lescano, abuela de Plaza de Mayo, que no lleg\u00f3 a encontrar a su nieto\/a<\/strong> <strong>nacido durante el cautiverio de su hija Juana Colayago, desaparecida por el terrorismo de Estado con un embarazo de seis meses.<\/strong><\/p>\n\n\n\n<figure class=\"wp-block-image size-large\"><img loading=\"lazy\" decoding=\"async\" width=\"1024\" height=\"768\" src=\"https:\/\/morenoprimero.com.ar\/wp-content\/uploads\/2020\/08\/la-negra-lescano-1024x768.jpg\" alt=\"\" class=\"wp-image-1694\" srcset=\"https:\/\/morenoprimero.com.ar\/archivo\/wp-content\/uploads\/2020\/08\/la-negra-lescano-1024x768.jpg 1024w, https:\/\/morenoprimero.com.ar\/archivo\/wp-content\/uploads\/2020\/08\/la-negra-lescano-300x225.jpg 300w, https:\/\/morenoprimero.com.ar\/archivo\/wp-content\/uploads\/2020\/08\/la-negra-lescano-768x576.jpg 768w, https:\/\/morenoprimero.com.ar\/archivo\/wp-content\/uploads\/2020\/08\/la-negra-lescano-1536x1152.jpg 1536w, https:\/\/morenoprimero.com.ar\/archivo\/wp-content\/uploads\/2020\/08\/la-negra-lescano.jpg 2048w\" sizes=\"auto, (max-width: 1024px) 100vw, 1024px\" \/><\/figure>\n\n\n\n<p>Abuelas de Plaza de Mayo Oficial public\u00f3 ayer en su facebook que \u00abLa negra\u00bb parti\u00f3 antes de poder abrazar a su nieto\/a. <\/p>\n\n\n\n<p><em>La Negra, que el 23 de octubre hubiera cumplido 90 a\u00f1os, estir\u00f3 todo lo que pudo su existencia para concretar ese abrazo, pero no pudo. Y ac\u00e1 estamos, enfrentando una vez m\u00e1s la crudeza del tiempo y la crueldad de los pactos de silencio que nos ocultan d\u00f3nde est\u00e1n los nietos y nietas que faltan.<\/em><\/p>\n\n\n\n<p><em>Fue una mujer aguerrida, trabajadora y compa\u00f1era. Viajaba desde Jos\u00e9 Le\u00f3n Su\u00e1rez hasta la sede de Abuelas de Plaza de Mayo para averiguar alg\u00fan dato. Con el tiempo, Flavia y Lorena tomaron la b\u00fasqueda que su Abuela, ya cansada por los a\u00f1os, les leg\u00f3. Lorena Battistiol hoy integra la Comisi\u00f3n Directiva de Abuelas de Plaza de Mayo y Flavia, que durante muchos a\u00f1os form\u00f3 parte de los equipos de la Asociaci\u00f3n, hoy es concejal del Municipio de Escobar.<\/em><\/p>\n\n\n\n<p><em>Hoy nos toca despedir a la Negrita sin la concreci\u00f3n del encuentro con su nieto o nieta. Pero Flavia y Lorena han asumido esta lucha con compromiso apasionado de italianas, fuerza tucumana y mucho amor por ese hermano o hermana que a\u00fan esperan, para contarle tambi\u00e9n esta historia.<br>Abrazamos a la familia Colayago por la partida de Negrita, que descansar\u00e1 con la tranquilidad de saber que la b\u00fasqueda no cesa.<br>\u00a1Hasta siempre, querida Negrita Lescano!<\/em><\/p>\n\n\n\n<p><\/p>\n","protected":false},"excerpt":{"rendered":"<p>Se trata de la partida de Mar\u00eda Angela \u00abLa negra\u00bb Lescano, abuela de Plaza de Mayo, que no lleg\u00f3 a encontrar a su nieto\/a nacido durante el cautiverio de su hija Juana Colayago, desaparecida por el terrorismo de Estado con &hellip; <a href=\"https:\/\/morenoprimero.com.ar\/archivo\/murio-otra-abuela-que-no-pudo-abrazar-a-su-nieto-a\/\">Sigue leyendo <span class=\"meta-nav\">&rarr;<\/span><\/a><\/p>\n","protected":false},"author":6,"featured_media":1695,"comment_status":"open","ping_status":"open","sticky":false,"template":"","format":"standard","meta":{"footnotes":""},"categories":[21,5,20],"tags":[485,486],"class_list":["post-1693","post","type-post","status-publish","format-standard","has-post-thumbnail","hentry","category-interes-general","category-recomendadas","category-sociedad","tag-abuelas-de-plaza-de-mayo","tag-terrorismo-de-estado"],"_links":{"self":[{"href":"https:\/\/morenoprimero.com.ar\/archivo\/wp-json\/wp\/v2\/posts\/1693","targetHints":{"allow":["GET"]}}],"collection":[{"href":"https:\/\/morenoprimero.com.ar\/archivo\/wp-json\/wp\/v2\/posts"}],"about":[{"href":"https:\/\/morenoprimero.com.ar\/archivo\/wp-json\/wp\/v2\/types\/post"}],"author":[{"embeddable":true,"href":"https:\/\/morenoprimero.com.ar\/archivo\/wp-json\/wp\/v2\/users\/6"}],"replies":[{"embeddable":true,"href":"https:\/\/morenoprimero.com.ar\/archivo\/wp-json\/wp\/v2\/comments?post=1693"}],"version-history":[{"count":1,"href":"https:\/\/morenoprimero.com.ar\/archivo\/wp-json\/wp\/v2\/posts\/1693\/revisions"}],"predecessor-version":[{"id":1696,"href":"https:\/\/morenoprimero.com.ar\/archivo\/wp-json\/wp\/v2\/posts\/1693\/revisions\/1696"}],"wp:featuredmedia":[{"embeddable":true,"href":"https:\/\/morenoprimero.com.ar\/archivo\/wp-json\/wp\/v2\/media\/1695"}],"wp:attachment":[{"href":"https:\/\/morenoprimero.com.ar\/archivo\/wp-json\/wp\/v2\/media?parent=1693"}],"wp:term":[{"taxonomy":"category","embeddable":true,"href":"https:\/\/morenoprimero.com.ar\/archivo\/wp-json\/wp\/v2\/categories?post=1693"},{"taxonomy":"post_tag","embeddable":true,"href":"https:\/\/morenoprimero.com.ar\/archivo\/wp-json\/wp\/v2\/tags?post=1693"}],"curies":[{"name":"wp","href":"https:\/\/api.w.org\/{rel}","templated":true}]}}