{"id":16853,"date":"2021-08-19T14:20:54","date_gmt":"2021-08-19T17:20:54","guid":{"rendered":"https:\/\/morenoprimero.com.ar\/?p=16853"},"modified":"2021-08-19T14:20:55","modified_gmt":"2021-08-19T17:20:55","slug":"sergio-arreguez-tengo-muchas-expectativas-por-ir-avanzando-en-cada-barrio-sabiendo-que-no-son-promesas-sino-que-vamos-experimentando-esa-transformacion","status":"publish","type":"post","link":"https:\/\/morenoprimero.com.ar\/archivo\/sergio-arreguez-tengo-muchas-expectativas-por-ir-avanzando-en-cada-barrio-sabiendo-que-no-son-promesas-sino-que-vamos-experimentando-esa-transformacion\/","title":{"rendered":"Sergio Arreguez: \u201cTengo muchas expectativas por ir avanzando en cada barrio sabiendo que no son promesas, sino que vamos experimentando esa transformaci\u00f3n\u201d"},"content":{"rendered":"\n<h5 class=\"wp-block-heading\">Sergio Arreguez es\u00a0delegado\u00a0de Moreno Sur, y todo el trabajo realizado en este a\u00f1o y medio lo lleva a ver en el gobierno de Mariel Fern\u00e1ndez \u201cun estado militante, no burocr\u00e1tico, sino con los pies en el barro, trabajando a la par de los vecinos\u201d. Asegura que \u201ccuando vemos que los barrios se van mejorando es un impulso para seguir mejorando otro barrio m\u00e1s\u00bb.<\/h5>\n\n\n\n<p>Las&nbsp;<strong>Delegaciones Municipales<\/strong>&nbsp;son espacios de descentralizaci\u00f3n de servicios p\u00fablicos y otras obras peque\u00f1as. Tambi\u00e9n son puntos de referencia para la realizaci\u00f3n de gestiones y tr\u00e1mites.&nbsp;<strong>Son de vital importancia porque el gobierno local acelera los tiempos de respuesta a trav\u00e9s de estas \u00e1reas y esto le permite la proximidad con los vecinos y vecinas del distrito, en cada localidad.<\/strong>&nbsp;&nbsp;<\/p>\n\n\n\n<p><strong>Sergio\u00a0Arreguez<\/strong>\u00a0es delegado de Moreno Sur y convers\u00f3 con Moreno Primero sobre las tareas que se llevan a cabo. Considera que es importante una delegaci\u00f3n en dicha localidad porque \u201c<strong>Moreno Sur no es solo el centro, sino que hay muchos barrios, y llegar a ellos es una muestra de que el Estado tiene la impronta de ir a trabajar en el barrio, como un vecino m\u00e1s, involucrado con los problemas en el territorio y trabajando en conjunto con vecinos y vecinas<\/strong>\u00ab.<\/p>\n\n\n\n<p>Moreno Sur es una localidad con m\u00e1s de 30 barrios que \u201c<strong>estuvieron abandonados por much\u00edsimo tiempo y ahora hay una demanda tremenda en todos ellos<\/strong>\u201d y es por eso que la delegaci\u00f3n le presenta a Sergio \u201c<strong>un desaf\u00edo muy importante<\/strong>\u201d.\u00a0Pero ese desaf\u00edo \u201c<strong>tambi\u00e9n es alegr\u00eda, porque lo siento como vocaci\u00f3n y la verdad me reconforta much\u00edsimo poder aportar en el mejoramiento de los barrios<\/strong>\u201d. En ese aspecto, considera que \u201cla relaci\u00f3n con los vecinos es diversa porque durante much\u00edsimo tiempo recibieron solo promesas y ya est\u00e1n cansados\u201d.\u00a0\u00a0<\/p>\n\n\n\n<p>Ahora, muchas vecinas y vecinos ven la diferencia en la forma de trabajar:\u00a0\u201c<strong>Nosotros llevamos propuestas para mejorar el barrio y, si no tenemos el total de las herramientas, tenemos propuestas para trabajar en conjunto. Ah\u00ed ya cambia mucho, porque se dan cuenta que no se trata de promesas, sino que hay un compromiso de fondo, y a su vez es fundamental porque da cuenta de que no hay un Estado salvador que viene a solucionar todo, sino que es necesario el trabajo en comunidad<\/strong>\u00ab.<\/p>\n\n\n\n<blockquote class=\"wp-block-quote is-layout-flow wp-block-quote-is-layout-flow\"><p><em>Atalaya es un ejemplo de un barrio donde nunca estuvo el Estado presente, y ahora tienen calle, entra el colectivo, tienen una salita comunitaria, tienen luminaria y est\u00e1n m\u00e1s seguros para ir a trabajar o para ir al colegio, sin tener que caminar varias cuadras.\u00a0<\/em>\u00a0<\/p><\/blockquote>\n\n\n\n<p>La demanda que hay y las herramientas no son proporcionales, por eso hay que establecer prioridades y eso, explica el delegado, \u201clo vamos trabajando con las distintas organizaciones y distintos referentes\u201d. Adem\u00e1s, agrega: \u201c<strong>Todo el tiempo realizamos un trabajo de articulaci\u00f3n y trabajamos de forma organizada y planificada para encarar los proyectos<\/strong>\u00ab.<\/p>\n\n\n\n<figure class=\"wp-block-image\"><img decoding=\"async\" src=\"https:\/\/scontent.fepa2-1.fna.fbcdn.net\/v\/t1.6435-9\/202300911_290516219484694_2579091736067992502_n.jpg?_nc_cat=108&amp;ccb=1-5&amp;_nc_sid=8bfeb9&amp;_nc_eui2=AeFOtT_RSQCTG6UiJTjkGIUWqjTUDdj8XDaqNNQN2PxcNtlTtY27iDSaUTXFzhkIzExByAWOk67J_yy8LQFI6KD9&amp;_nc_ohc=-I2TSWJYFkkAX-JFh4I&amp;_nc_ht=scontent.fepa2-1.fna&amp;oh=220ec3cbf1e9fc177d9266aabb5fdba3&amp;oe=61424D19\" alt=\"Puede ser una imagen de una o varias personas, personas de pie y parque\"\/><\/figure>\n\n\n\n<p>Pero toda esa planificaci\u00f3n resultar\u00eda imposible sin un actor que Sergio considera clave: los\u00a0beneficiarios\u00a0del programa Potenciar Trabajo. Al respecto, expresa que \u201c<strong>en las delegaciones estamos teniendo un apoyo muy importante y una participaci\u00f3n relevante de los trabajadores del Potenciar Trabajo<\/strong>. Es muy importante la tarea que hacen y, <strong>a pesar de que su ingreso sea la mitad de un salario m\u00ednimo, tienen un compromiso tremendo<\/strong>. La verdad es\u00a0que,\u00a0si no tuvi\u00e9ramos el apoyo de estos trabajadores y trabajadoras informales, hoy no podr\u00edamos hacer todo el trabajo que venimos haciendo\u201d. Adem\u00e1s,  destaca el compromiso \u201cno solo porque es vital, sino tambi\u00e9n porque <strong>genera un cambio de percepci\u00f3n del otro lado, cuando hablaban de que los planes eran para mantener vagos, y hoy los ves en todas las cuadras a beneficiarios del plan, laburando<\/strong>\u00ab.<\/p>\n\n\n\n<figure class=\"wp-block-gallery columns-2 is-cropped wp-block-gallery-1 is-layout-flex wp-block-gallery-is-layout-flex\"><ul class=\"blocks-gallery-grid\"><li class=\"blocks-gallery-item\"><figure><a href=\"https:\/\/morenoprimero.com.ar\/wp-content\/uploads\/2021\/08\/Ptrabajo-2.jpg\"><img loading=\"lazy\" decoding=\"async\" width=\"720\" height=\"405\" src=\"https:\/\/morenoprimero.com.ar\/wp-content\/uploads\/2021\/08\/Ptrabajo-2.jpg\" alt=\"\" data-id=\"16866\" data-full-url=\"https:\/\/morenoprimero.com.ar\/wp-content\/uploads\/2021\/08\/Ptrabajo-2.jpg\" data-link=\"https:\/\/morenoprimero.com.ar\/?attachment_id=16866\" class=\"wp-image-16866\" srcset=\"https:\/\/morenoprimero.com.ar\/archivo\/wp-content\/uploads\/2021\/08\/Ptrabajo-2.jpg 720w, https:\/\/morenoprimero.com.ar\/archivo\/wp-content\/uploads\/2021\/08\/Ptrabajo-2-300x169.jpg 300w\" sizes=\"auto, (max-width: 720px) 100vw, 720px\" \/><\/a><\/figure><\/li><li class=\"blocks-gallery-item\"><figure><a href=\"https:\/\/morenoprimero.com.ar\/wp-content\/uploads\/2021\/08\/PTrabajo.jpg\"><img loading=\"lazy\" decoding=\"async\" width=\"960\" height=\"641\" src=\"https:\/\/morenoprimero.com.ar\/wp-content\/uploads\/2021\/08\/PTrabajo.jpg\" alt=\"\" data-id=\"16867\" data-full-url=\"https:\/\/morenoprimero.com.ar\/wp-content\/uploads\/2021\/08\/PTrabajo.jpg\" data-link=\"https:\/\/morenoprimero.com.ar\/?attachment_id=16867\" class=\"wp-image-16867\" srcset=\"https:\/\/morenoprimero.com.ar\/archivo\/wp-content\/uploads\/2021\/08\/PTrabajo.jpg 960w, https:\/\/morenoprimero.com.ar\/archivo\/wp-content\/uploads\/2021\/08\/PTrabajo-300x200.jpg 300w, https:\/\/morenoprimero.com.ar\/archivo\/wp-content\/uploads\/2021\/08\/PTrabajo-768x513.jpg 768w\" sizes=\"auto, (max-width: 960px) 100vw, 960px\" \/><\/a><\/figure><\/li><\/ul><\/figure>\n\n\n\n<p>Con todo, Sergio asegura que \u201csabemos que falta, pero les decimos a los vecinos que entiendan que es un abandono de much\u00edsimos a\u00f1os, y <strong>les puedo asegurar, con los a\u00f1os que tengo trabajando en el municipio, que nunca vi un estado municipal tan activo como el de ahora<\/strong>\u00ab, y agrega: <strong>\u201cSi bien encontramos muchas demandas, tambi\u00e9n encontramos mucho apoyo por parte de los vecinos que ven nuestro trabajo y traen muchas propuestas<\/strong>\u201d. Por tanto, sostiene: \u201c<strong>Que tengan la plena certeza de que nosotros tenemos el pedido de Mariel de que estemos constantemente recorriendo los barrios y seamos el contacto directo con los vecinos, atendiendo sus demandas<\/strong>\u00ab.<\/p>\n\n\n\n<figure class=\"wp-block-image\"><img decoding=\"async\" src=\"https:\/\/scontent.fepa2-1.fna.fbcdn.net\/v\/t1.6435-9\/180464435_252763899926593_402225936545911944_n.jpg?_nc_cat=103&amp;ccb=1-5&amp;_nc_sid=8bfeb9&amp;_nc_eui2=AeHw6tPzgfm7t6x7hAMGxKbH9pp8ngdjmCb2mnyeB2OYJtCK9DRCeOZaDX_MVAdzMbAoTk93CKZ1bXjELDU9Ey4W&amp;_nc_ohc=lNcrqBbLND8AX-5Dgig&amp;_nc_ht=scontent.fepa2-1.fna&amp;oh=36713e3e6cc048d10667fbae6037bea2&amp;oe=6143C500\" alt=\"Puede ser una imagen de una persona, de pie, \u00e1rbol, al aire libre y pared de ladrillo\"\/><\/figure>\n\n\n\n<p>Por su parte, sostiene: \u201cSi bien siento una gran preocupaci\u00f3n desde mi lugar por ver todo lo que falta, esa preocupaci\u00f3n se transforma en desaf\u00edo, porque nos queda mucho por hacer, pero tambi\u00e9n<strong> sabemos que la intendenta va buscando generar las herramientas que necesitamos para llevar a cabo cada proyecto. M\u00e1s a\u00fan, tengo muchas expectativas por ir avanzando en cada barrio mes a mes, sabiendo que no son promesas, sino que verdaderamente vamos experimentando esa transformaci\u00f3n<\/strong>\u00ab.<\/p>\n\n\n\n<p>Todo el trabajo realizado en este a\u00f1o y medio lo lleva a ver en el gobierno de Mariel Fern\u00e1ndez a \u201c<strong>un estado militante, no burocr\u00e1tico, sino con los pies en el barro, trabajando a la par de los vecinos<\/strong>\u201d, y asegura que \u201ccuando vemos que los barrios se van mejorando, es un impulso para seguir mejorando otro barrio m\u00e1s\u00bb.<\/p>\n\n\n\n<p>Por \u00faltimo, asegura que \u00ab<strong>el movimiento que se ve no es solo en \u00e9poca de campa\u00f1a, sino que se viene trabajando desde el comienzo de la gesti\u00f3n, por eso no me queda ninguna duda de que vamos a seguir trabajando como lo venimos haciendo para poder renovar el desaf\u00edo y seguir avanzando en este progreso de cada uno de los barrios<\/strong>\u00ab.<\/p>\n","protected":false},"excerpt":{"rendered":"<p>Sergio Arreguez es\u00a0delegado\u00a0de Moreno Sur, y todo el trabajo realizado en este a\u00f1o y medio lo lleva a ver en el gobierno de Mariel Fern\u00e1ndez \u201cun estado militante, no burocr\u00e1tico, sino con los pies en el barro, trabajando a la &hellip; <a href=\"https:\/\/morenoprimero.com.ar\/archivo\/sergio-arreguez-tengo-muchas-expectativas-por-ir-avanzando-en-cada-barrio-sabiendo-que-no-son-promesas-sino-que-vamos-experimentando-esa-transformacion\/\">Sigue leyendo <span class=\"meta-nav\">&rarr;<\/span><\/a><\/p>\n","protected":false},"author":6,"featured_media":16869,"comment_status":"open","ping_status":"open","sticky":false,"template":"","format":"standard","meta":{"footnotes":""},"categories":[496,2,2328],"tags":[2474,276,6,2951],"class_list":["post-16853","post","type-post","status-publish","format-standard","has-post-thumbnail","hentry","category-ambiente","category-destacadas","category-local","tag-delegaciones","tag-mariel-fernandez","tag-moreno","tag-sergio-arreguez"],"_links":{"self":[{"href":"https:\/\/morenoprimero.com.ar\/archivo\/wp-json\/wp\/v2\/posts\/16853","targetHints":{"allow":["GET"]}}],"collection":[{"href":"https:\/\/morenoprimero.com.ar\/archivo\/wp-json\/wp\/v2\/posts"}],"about":[{"href":"https:\/\/morenoprimero.com.ar\/archivo\/wp-json\/wp\/v2\/types\/post"}],"author":[{"embeddable":true,"href":"https:\/\/morenoprimero.com.ar\/archivo\/wp-json\/wp\/v2\/users\/6"}],"replies":[{"embeddable":true,"href":"https:\/\/morenoprimero.com.ar\/archivo\/wp-json\/wp\/v2\/comments?post=16853"}],"version-history":[{"count":5,"href":"https:\/\/morenoprimero.com.ar\/archivo\/wp-json\/wp\/v2\/posts\/16853\/revisions"}],"predecessor-version":[{"id":16877,"href":"https:\/\/morenoprimero.com.ar\/archivo\/wp-json\/wp\/v2\/posts\/16853\/revisions\/16877"}],"wp:featuredmedia":[{"embeddable":true,"href":"https:\/\/morenoprimero.com.ar\/archivo\/wp-json\/wp\/v2\/media\/16869"}],"wp:attachment":[{"href":"https:\/\/morenoprimero.com.ar\/archivo\/wp-json\/wp\/v2\/media?parent=16853"}],"wp:term":[{"taxonomy":"category","embeddable":true,"href":"https:\/\/morenoprimero.com.ar\/archivo\/wp-json\/wp\/v2\/categories?post=16853"},{"taxonomy":"post_tag","embeddable":true,"href":"https:\/\/morenoprimero.com.ar\/archivo\/wp-json\/wp\/v2\/tags?post=16853"}],"curies":[{"name":"wp","href":"https:\/\/api.w.org\/{rel}","templated":true}]}}