{"id":16825,"date":"2021-08-19T16:45:46","date_gmt":"2021-08-19T19:45:46","guid":{"rendered":"https:\/\/morenoprimero.com.ar\/?p=16825"},"modified":"2021-08-19T16:45:47","modified_gmt":"2021-08-19T19:45:47","slug":"un-sueno-hecho-realidad-inauguraron-el-centro-cultural-rayuela","status":"publish","type":"post","link":"https:\/\/morenoprimero.com.ar\/archivo\/un-sueno-hecho-realidad-inauguraron-el-centro-cultural-rayuela\/","title":{"rendered":"Un sue\u00f1o hecho realidad: inauguraron el Centro Cultural \u201cRayuela\u201d"},"content":{"rendered":"\n<h5 class=\"wp-block-heading\">Impulsados por las necesidades del barrio, la <strong>Agrupaci\u00f3n La 14 <\/strong>construy\u00f3 un centro cultural para el barrio<strong> Mayor del Pin<\/strong>o en la localidad de<strong> Cuartel V<\/strong>. \u201cEs el motor que nos impulsa a excluir lo malo y transformarlo en bueno, convertir la tristeza en alegr\u00eda, algo tan esencial para nuestros ni\u00f1os y j\u00f3venes\u201d destac\u00f3 una de las coordinadoras.<\/h5>\n\n\n\n<p>Este sue\u00f1o colectivo viene form\u00e1ndose desde hace meses. Las y los militantes de la agrupaci\u00f3n<strong> \u201cLa 14<\/strong>\u201d lo dieron todo con gran esfuerzo y organizaci\u00f3n para poder crear y ambientar un espacio cultural para las vecinas y vecinos de Mayor del Pino, barrio de Cuartel V. <strong>\u201cLas necesidades del barrio nos impulsaron a movilizar\u201d<\/strong>, destac\u00f3 <strong>Emiliano Morea<\/strong>, integrante de la agrupaci\u00f3n \u00abLa 14\u00bb.<\/p>\n\n\n\n<p>La inauguraci\u00f3n se realiz\u00f3 el pasado s\u00e1bado 14 de agosto, all\u00ed, las personas que se acercaron a disfrutar de la inauguraci\u00f3n fueron recibidos con un desayuno caliente por mujeres que preparan las ollas populares cada semana para las familias del barrio.<\/p>\n\n\n\n<p>Durante el acto de inauguraci\u00f3n, Priscila Cabrera, coordinadora del espacio, con mucha emoci\u00f3n expres\u00f3: \u00ab<strong>Este lugar forma parte de nuestros d\u00edas, nuestros pensamientos y nuestro trabajo. Es el lugar para aprender, compartir momentos, emociones, alegr\u00edas y tristezas, es el lazo con nuevos amigos, nueva gente y el objetivo firme de un proyecto que perdurar\u00e1 por siempre. Para nosotros, los que aqu\u00ed estamos d\u00eda a d\u00eda, es aire puro, es el motor que nos impulsa a excluir lo malo y transformarlo en bueno, convertir la tristeza en alegr\u00eda, algo tan esencial para nuestros ni\u00f1os y j\u00f3venes<\/strong>\u00ab<\/p>\n\n\n\n<p>\u201c<strong>Organizamos un circuito para evitar que se aglomeren las chicas y los chicos. Ten\u00edan que pasar por la entrada, sanitizamos a madres y a sus hijas e hijos, les pintamos las manos para que apoyen en la pared para el mural que se estaba realizando, se entreg\u00f3 la merienda, luego pasaron a recibir su regalo, se les dio una bolsita de caramelos y salieron de regreso a sus casas<\/strong>\u201d, explic\u00f3 <strong>Milagros Torres<\/strong>, quien forma parte del centro cultural, asiste a las y los talleristas y atiende a las vecinas y a los vecinos que pasan y se acercan.<\/p>\n\n\n\n<p>Adem\u00e1s, durante la jornada, las y los integrantes del centro cultural organizaron en la plaza \u201cFlorencia\u201d la entrega de juguetes para 500 chicas y chicos del barrio. Algunos de los juguetes que se entregaron fueron: rompecabezas, mu\u00f1ecas, perfumes, tazas, sonajeros para los beb\u00e9s, pelotas, pinturitas, yoyos,&nbsp;l\u00e1seres, juegos de generala, mazo de cartas,&nbsp;slime, vasos, entre varios juguetes m\u00e1s.&nbsp;&nbsp;<\/p>\n\n\n\n<p>El centro cultural \u00abRayuela\u00bb brinda talleres de costura, taller de artes marciales, folclore y adem\u00e1s, los d\u00edas lunes y jueves realizan meriendas a las 17 horas y los jueves por la tarde, a las 19:30, entregan viandas a trav\u00e9s de las comidas que se hacen en la olla popular. El centro cultural est\u00e1 ubicado en la calle V\u00edctor Hugo Casa 57 entre Baigorria Galarza, barrio \u00abMayor del pino\u00bb Cuartel V. <\/p>\n\n\n\n<figure class=\"wp-block-gallery columns-3 is-cropped wp-block-gallery-1 is-layout-flex wp-block-gallery-is-layout-flex\"><ul class=\"blocks-gallery-grid\"><li class=\"blocks-gallery-item\"><figure><a href=\"https:\/\/morenoprimero.com.ar\/wp-content\/uploads\/2021\/08\/WhatsApp-Image-2021-08-19-at-12.45.33-1.jpeg\"><img loading=\"lazy\" decoding=\"async\" width=\"720\" height=\"960\" src=\"https:\/\/morenoprimero.com.ar\/wp-content\/uploads\/2021\/08\/WhatsApp-Image-2021-08-19-at-12.45.33-1.jpeg\" alt=\"\" data-id=\"16834\" class=\"wp-image-16834\" srcset=\"https:\/\/morenoprimero.com.ar\/archivo\/wp-content\/uploads\/2021\/08\/WhatsApp-Image-2021-08-19-at-12.45.33-1.jpeg 720w, https:\/\/morenoprimero.com.ar\/archivo\/wp-content\/uploads\/2021\/08\/WhatsApp-Image-2021-08-19-at-12.45.33-1-225x300.jpeg 225w\" sizes=\"auto, (max-width: 720px) 100vw, 720px\" \/><\/a><\/figure><\/li><li class=\"blocks-gallery-item\"><figure><a href=\"https:\/\/morenoprimero.com.ar\/wp-content\/uploads\/2021\/08\/WhatsApp-Image-2021-08-19-at-12.45.47-2.jpeg\"><img loading=\"lazy\" decoding=\"async\" width=\"720\" height=\"960\" src=\"https:\/\/morenoprimero.com.ar\/wp-content\/uploads\/2021\/08\/WhatsApp-Image-2021-08-19-at-12.45.47-2.jpeg\" alt=\"\" data-id=\"16835\" data-full-url=\"https:\/\/morenoprimero.com.ar\/wp-content\/uploads\/2021\/08\/WhatsApp-Image-2021-08-19-at-12.45.47-2.jpeg\" data-link=\"https:\/\/morenoprimero.com.ar\/?attachment_id=16835\" class=\"wp-image-16835\" srcset=\"https:\/\/morenoprimero.com.ar\/archivo\/wp-content\/uploads\/2021\/08\/WhatsApp-Image-2021-08-19-at-12.45.47-2.jpeg 720w, https:\/\/morenoprimero.com.ar\/archivo\/wp-content\/uploads\/2021\/08\/WhatsApp-Image-2021-08-19-at-12.45.47-2-225x300.jpeg 225w\" sizes=\"auto, (max-width: 720px) 100vw, 720px\" \/><\/a><\/figure><\/li><li class=\"blocks-gallery-item\"><figure><a href=\"https:\/\/morenoprimero.com.ar\/wp-content\/uploads\/2021\/08\/WhatsApp-Image-2021-08-19-at-12.45.35-1.jpeg\"><img loading=\"lazy\" decoding=\"async\" width=\"720\" height=\"540\" src=\"https:\/\/morenoprimero.com.ar\/wp-content\/uploads\/2021\/08\/WhatsApp-Image-2021-08-19-at-12.45.35-1.jpeg\" alt=\"\" data-id=\"16836\" data-full-url=\"https:\/\/morenoprimero.com.ar\/wp-content\/uploads\/2021\/08\/WhatsApp-Image-2021-08-19-at-12.45.35-1.jpeg\" data-link=\"https:\/\/morenoprimero.com.ar\/?attachment_id=16836\" class=\"wp-image-16836\" srcset=\"https:\/\/morenoprimero.com.ar\/archivo\/wp-content\/uploads\/2021\/08\/WhatsApp-Image-2021-08-19-at-12.45.35-1.jpeg 720w, https:\/\/morenoprimero.com.ar\/archivo\/wp-content\/uploads\/2021\/08\/WhatsApp-Image-2021-08-19-at-12.45.35-1-300x225.jpeg 300w\" sizes=\"auto, (max-width: 720px) 100vw, 720px\" \/><\/a><\/figure><\/li><li class=\"blocks-gallery-item\"><figure><a href=\"https:\/\/morenoprimero.com.ar\/wp-content\/uploads\/2021\/08\/WhatsApp-Image-2021-08-19-at-12.45.35.jpeg\"><img loading=\"lazy\" decoding=\"async\" width=\"720\" height=\"540\" src=\"https:\/\/morenoprimero.com.ar\/wp-content\/uploads\/2021\/08\/WhatsApp-Image-2021-08-19-at-12.45.35.jpeg\" alt=\"\" data-id=\"16837\" data-full-url=\"https:\/\/morenoprimero.com.ar\/wp-content\/uploads\/2021\/08\/WhatsApp-Image-2021-08-19-at-12.45.35.jpeg\" data-link=\"https:\/\/morenoprimero.com.ar\/?attachment_id=16837\" class=\"wp-image-16837\" srcset=\"https:\/\/morenoprimero.com.ar\/archivo\/wp-content\/uploads\/2021\/08\/WhatsApp-Image-2021-08-19-at-12.45.35.jpeg 720w, https:\/\/morenoprimero.com.ar\/archivo\/wp-content\/uploads\/2021\/08\/WhatsApp-Image-2021-08-19-at-12.45.35-300x225.jpeg 300w\" sizes=\"auto, (max-width: 720px) 100vw, 720px\" \/><\/a><\/figure><\/li><li class=\"blocks-gallery-item\"><figure><a href=\"https:\/\/morenoprimero.com.ar\/wp-content\/uploads\/2021\/08\/WhatsApp-Image-2021-08-19-at-12.45.33-2.jpeg\"><img loading=\"lazy\" decoding=\"async\" width=\"720\" height=\"960\" src=\"https:\/\/morenoprimero.com.ar\/wp-content\/uploads\/2021\/08\/WhatsApp-Image-2021-08-19-at-12.45.33-2.jpeg\" alt=\"\" data-id=\"16838\" data-full-url=\"https:\/\/morenoprimero.com.ar\/wp-content\/uploads\/2021\/08\/WhatsApp-Image-2021-08-19-at-12.45.33-2.jpeg\" data-link=\"https:\/\/morenoprimero.com.ar\/?attachment_id=16838\" class=\"wp-image-16838\" srcset=\"https:\/\/morenoprimero.com.ar\/archivo\/wp-content\/uploads\/2021\/08\/WhatsApp-Image-2021-08-19-at-12.45.33-2.jpeg 720w, https:\/\/morenoprimero.com.ar\/archivo\/wp-content\/uploads\/2021\/08\/WhatsApp-Image-2021-08-19-at-12.45.33-2-225x300.jpeg 225w\" sizes=\"auto, (max-width: 720px) 100vw, 720px\" \/><\/a><\/figure><\/li><\/ul><\/figure>\n\n\n\n<figure class=\"wp-block-gallery columns-3 is-cropped wp-block-gallery-2 is-layout-flex wp-block-gallery-is-layout-flex\"><ul class=\"blocks-gallery-grid\"><li class=\"blocks-gallery-item\"><figure><a href=\"https:\/\/morenoprimero.com.ar\/wp-content\/uploads\/2021\/08\/WhatsApp-Image-2021-08-19-at-12.45.35-2-576x1024.jpeg\"><img loading=\"lazy\" decoding=\"async\" width=\"576\" height=\"1024\" src=\"https:\/\/morenoprimero.com.ar\/wp-content\/uploads\/2021\/08\/WhatsApp-Image-2021-08-19-at-12.45.35-2-576x1024.jpeg\" alt=\"\" data-id=\"16839\" class=\"wp-image-16839\" srcset=\"https:\/\/morenoprimero.com.ar\/archivo\/wp-content\/uploads\/2021\/08\/WhatsApp-Image-2021-08-19-at-12.45.35-2-576x1024.jpeg 576w, https:\/\/morenoprimero.com.ar\/archivo\/wp-content\/uploads\/2021\/08\/WhatsApp-Image-2021-08-19-at-12.45.35-2-169x300.jpeg 169w, https:\/\/morenoprimero.com.ar\/archivo\/wp-content\/uploads\/2021\/08\/WhatsApp-Image-2021-08-19-at-12.45.35-2-768x1365.jpeg 768w, https:\/\/morenoprimero.com.ar\/archivo\/wp-content\/uploads\/2021\/08\/WhatsApp-Image-2021-08-19-at-12.45.35-2-864x1536.jpeg 864w, https:\/\/morenoprimero.com.ar\/archivo\/wp-content\/uploads\/2021\/08\/WhatsApp-Image-2021-08-19-at-12.45.35-2.jpeg 900w\" sizes=\"auto, (max-width: 576px) 100vw, 576px\" \/><\/a><\/figure><\/li><li class=\"blocks-gallery-item\"><figure><a href=\"https:\/\/morenoprimero.com.ar\/wp-content\/uploads\/2021\/08\/WhatsApp-Image-2021-08-19-at-12.45.47-3.jpeg\"><img loading=\"lazy\" decoding=\"async\" width=\"720\" height=\"960\" src=\"https:\/\/morenoprimero.com.ar\/wp-content\/uploads\/2021\/08\/WhatsApp-Image-2021-08-19-at-12.45.47-3.jpeg\" alt=\"\" data-id=\"16843\" data-full-url=\"https:\/\/morenoprimero.com.ar\/wp-content\/uploads\/2021\/08\/WhatsApp-Image-2021-08-19-at-12.45.47-3.jpeg\" data-link=\"https:\/\/morenoprimero.com.ar\/?attachment_id=16843\" class=\"wp-image-16843\" srcset=\"https:\/\/morenoprimero.com.ar\/archivo\/wp-content\/uploads\/2021\/08\/WhatsApp-Image-2021-08-19-at-12.45.47-3.jpeg 720w, https:\/\/morenoprimero.com.ar\/archivo\/wp-content\/uploads\/2021\/08\/WhatsApp-Image-2021-08-19-at-12.45.47-3-225x300.jpeg 225w\" sizes=\"auto, (max-width: 720px) 100vw, 720px\" \/><\/a><\/figure><\/li><li class=\"blocks-gallery-item\"><figure><a href=\"https:\/\/morenoprimero.com.ar\/wp-content\/uploads\/2021\/08\/WhatsApp-Image-2021-08-19-at-12.45.47-2-1.jpeg\"><img loading=\"lazy\" decoding=\"async\" width=\"720\" height=\"960\" src=\"https:\/\/morenoprimero.com.ar\/wp-content\/uploads\/2021\/08\/WhatsApp-Image-2021-08-19-at-12.45.47-2-1.jpeg\" alt=\"\" data-id=\"16844\" data-full-url=\"https:\/\/morenoprimero.com.ar\/wp-content\/uploads\/2021\/08\/WhatsApp-Image-2021-08-19-at-12.45.47-2-1.jpeg\" data-link=\"https:\/\/morenoprimero.com.ar\/?attachment_id=16844\" class=\"wp-image-16844\" srcset=\"https:\/\/morenoprimero.com.ar\/archivo\/wp-content\/uploads\/2021\/08\/WhatsApp-Image-2021-08-19-at-12.45.47-2-1.jpeg 720w, https:\/\/morenoprimero.com.ar\/archivo\/wp-content\/uploads\/2021\/08\/WhatsApp-Image-2021-08-19-at-12.45.47-2-1-225x300.jpeg 225w\" sizes=\"auto, (max-width: 720px) 100vw, 720px\" \/><\/a><\/figure><\/li><li class=\"blocks-gallery-item\"><figure><a href=\"https:\/\/morenoprimero.com.ar\/wp-content\/uploads\/2021\/08\/WhatsApp-Image-2021-08-19-at-12.45.47.jpeg\"><img loading=\"lazy\" decoding=\"async\" width=\"720\" height=\"540\" src=\"https:\/\/morenoprimero.com.ar\/wp-content\/uploads\/2021\/08\/WhatsApp-Image-2021-08-19-at-12.45.47.jpeg\" alt=\"\" data-id=\"16845\" data-full-url=\"https:\/\/morenoprimero.com.ar\/wp-content\/uploads\/2021\/08\/WhatsApp-Image-2021-08-19-at-12.45.47.jpeg\" data-link=\"https:\/\/morenoprimero.com.ar\/?attachment_id=16845\" class=\"wp-image-16845\" srcset=\"https:\/\/morenoprimero.com.ar\/archivo\/wp-content\/uploads\/2021\/08\/WhatsApp-Image-2021-08-19-at-12.45.47.jpeg 720w, https:\/\/morenoprimero.com.ar\/archivo\/wp-content\/uploads\/2021\/08\/WhatsApp-Image-2021-08-19-at-12.45.47-300x225.jpeg 300w\" sizes=\"auto, (max-width: 720px) 100vw, 720px\" \/><\/a><\/figure><\/li><li class=\"blocks-gallery-item\"><figure><a href=\"https:\/\/morenoprimero.com.ar\/wp-content\/uploads\/2021\/08\/WhatsApp-Image-2021-08-19-at-12.45.36-1.jpeg\"><img loading=\"lazy\" decoding=\"async\" width=\"576\" height=\"1024\" src=\"https:\/\/morenoprimero.com.ar\/wp-content\/uploads\/2021\/08\/WhatsApp-Image-2021-08-19-at-12.45.36-1-576x1024.jpeg\" alt=\"\" data-id=\"16846\" data-full-url=\"https:\/\/morenoprimero.com.ar\/wp-content\/uploads\/2021\/08\/WhatsApp-Image-2021-08-19-at-12.45.36-1.jpeg\" data-link=\"https:\/\/morenoprimero.com.ar\/?attachment_id=16846\" class=\"wp-image-16846\" srcset=\"https:\/\/morenoprimero.com.ar\/archivo\/wp-content\/uploads\/2021\/08\/WhatsApp-Image-2021-08-19-at-12.45.36-1-576x1024.jpeg 576w, https:\/\/morenoprimero.com.ar\/archivo\/wp-content\/uploads\/2021\/08\/WhatsApp-Image-2021-08-19-at-12.45.36-1-169x300.jpeg 169w, https:\/\/morenoprimero.com.ar\/archivo\/wp-content\/uploads\/2021\/08\/WhatsApp-Image-2021-08-19-at-12.45.36-1-768x1365.jpeg 768w, https:\/\/morenoprimero.com.ar\/archivo\/wp-content\/uploads\/2021\/08\/WhatsApp-Image-2021-08-19-at-12.45.36-1-864x1536.jpeg 864w, https:\/\/morenoprimero.com.ar\/archivo\/wp-content\/uploads\/2021\/08\/WhatsApp-Image-2021-08-19-at-12.45.36-1.jpeg 900w\" sizes=\"auto, (max-width: 576px) 100vw, 576px\" \/><\/a><\/figure><\/li><li class=\"blocks-gallery-item\"><figure><a href=\"https:\/\/morenoprimero.com.ar\/wp-content\/uploads\/2021\/08\/WhatsApp-Image-2021-08-19-at-12.45.36.jpeg\"><img loading=\"lazy\" decoding=\"async\" width=\"576\" height=\"1024\" src=\"https:\/\/morenoprimero.com.ar\/wp-content\/uploads\/2021\/08\/WhatsApp-Image-2021-08-19-at-12.45.36-576x1024.jpeg\" alt=\"\" data-id=\"16847\" data-full-url=\"https:\/\/morenoprimero.com.ar\/wp-content\/uploads\/2021\/08\/WhatsApp-Image-2021-08-19-at-12.45.36.jpeg\" data-link=\"https:\/\/morenoprimero.com.ar\/?attachment_id=16847\" class=\"wp-image-16847\" srcset=\"https:\/\/morenoprimero.com.ar\/archivo\/wp-content\/uploads\/2021\/08\/WhatsApp-Image-2021-08-19-at-12.45.36-576x1024.jpeg 576w, https:\/\/morenoprimero.com.ar\/archivo\/wp-content\/uploads\/2021\/08\/WhatsApp-Image-2021-08-19-at-12.45.36-169x300.jpeg 169w, https:\/\/morenoprimero.com.ar\/archivo\/wp-content\/uploads\/2021\/08\/WhatsApp-Image-2021-08-19-at-12.45.36-768x1365.jpeg 768w, https:\/\/morenoprimero.com.ar\/archivo\/wp-content\/uploads\/2021\/08\/WhatsApp-Image-2021-08-19-at-12.45.36-864x1536.jpeg 864w, https:\/\/morenoprimero.com.ar\/archivo\/wp-content\/uploads\/2021\/08\/WhatsApp-Image-2021-08-19-at-12.45.36.jpeg 900w\" sizes=\"auto, (max-width: 576px) 100vw, 576px\" \/><\/a><\/figure><\/li><\/ul><\/figure>\n\n\n\n<p><\/p>\n","protected":false},"excerpt":{"rendered":"<p>Impulsados por las necesidades del barrio, la Agrupaci\u00f3n La 14 construy\u00f3 un centro cultural para el barrio Mayor del Pino en la localidad de Cuartel V. \u201cEs el motor que nos impulsa a excluir lo malo y transformarlo en bueno, &hellip; <a href=\"https:\/\/morenoprimero.com.ar\/archivo\/un-sueno-hecho-realidad-inauguraron-el-centro-cultural-rayuela\/\">Sigue leyendo <span class=\"meta-nav\">&rarr;<\/span><\/a><\/p>\n","protected":false},"author":6,"featured_media":16831,"comment_status":"closed","ping_status":"closed","sticky":false,"template":"","format":"standard","meta":{"footnotes":""},"categories":[2458,673,578,2328,27,20],"tags":[2950,156,2923,6],"class_list":["post-16825","post","type-post","status-publish","format-standard","has-post-thumbnail","hentry","category-cuartelv","category-deporte","category-educacion","category-local","category-politica","category-sociedad","tag-agrupacion-la-14","tag-cuartel-v","tag-mayor-del-pino","tag-moreno"],"_links":{"self":[{"href":"https:\/\/morenoprimero.com.ar\/archivo\/wp-json\/wp\/v2\/posts\/16825","targetHints":{"allow":["GET"]}}],"collection":[{"href":"https:\/\/morenoprimero.com.ar\/archivo\/wp-json\/wp\/v2\/posts"}],"about":[{"href":"https:\/\/morenoprimero.com.ar\/archivo\/wp-json\/wp\/v2\/types\/post"}],"author":[{"embeddable":true,"href":"https:\/\/morenoprimero.com.ar\/archivo\/wp-json\/wp\/v2\/users\/6"}],"replies":[{"embeddable":true,"href":"https:\/\/morenoprimero.com.ar\/archivo\/wp-json\/wp\/v2\/comments?post=16825"}],"version-history":[{"count":13,"href":"https:\/\/morenoprimero.com.ar\/archivo\/wp-json\/wp\/v2\/posts\/16825\/revisions"}],"predecessor-version":[{"id":16882,"href":"https:\/\/morenoprimero.com.ar\/archivo\/wp-json\/wp\/v2\/posts\/16825\/revisions\/16882"}],"wp:featuredmedia":[{"embeddable":true,"href":"https:\/\/morenoprimero.com.ar\/archivo\/wp-json\/wp\/v2\/media\/16831"}],"wp:attachment":[{"href":"https:\/\/morenoprimero.com.ar\/archivo\/wp-json\/wp\/v2\/media?parent=16825"}],"wp:term":[{"taxonomy":"category","embeddable":true,"href":"https:\/\/morenoprimero.com.ar\/archivo\/wp-json\/wp\/v2\/categories?post=16825"},{"taxonomy":"post_tag","embeddable":true,"href":"https:\/\/morenoprimero.com.ar\/archivo\/wp-json\/wp\/v2\/tags?post=16825"}],"curies":[{"name":"wp","href":"https:\/\/api.w.org\/{rel}","templated":true}]}}