{"id":16741,"date":"2021-08-17T16:05:15","date_gmt":"2021-08-17T19:05:15","guid":{"rendered":"https:\/\/morenoprimero.com.ar\/?p=16741"},"modified":"2021-08-17T16:05:16","modified_gmt":"2021-08-17T19:05:16","slug":"el-gobierno-bonaerense-anuncio-que-comenzara-la-vacunacion-casa-por-casa","status":"publish","type":"post","link":"https:\/\/morenoprimero.com.ar\/archivo\/el-gobierno-bonaerense-anuncio-que-comenzara-la-vacunacion-casa-por-casa\/","title":{"rendered":"El gobierno bonaerense anunci\u00f3 que comenzar\u00e1 la vacunaci\u00f3n \u00abcasa por casa\u00bb"},"content":{"rendered":"\n<p>\u00abA medida que aumentemos la vacunaci\u00f3n,<strong> empiezan a descender no solamente los casos si no tambi\u00e9n los fallecimientos<\/strong>\u00ab, explic\u00f3 el ministro de Salud&nbsp; <strong>Nicol\u00e1s Kreplak<\/strong> en referencia a la nueva modalidad de vacunaci\u00f3n.<\/p>\n\n\n\n<p>Sobre esta l\u00ednea, destac\u00f3 que en los hospitales se verifican por estos d\u00edas \u00abm\u00e1s egresos que ingresos\u00bb de pacientes de coronavirus e indic\u00f3 que \u00abhay que recordarlo, porque todav\u00eda <strong>existen pocas personas que no se hayan vacunado<\/strong>\u00ab<\/p>\n\n\n\n<p>\u00abHemos trabajado para poder tener colectivos que funcionen como vacunatorios m\u00f3viles y poder adentrarnos<strong> en territorios donde estemos detectando menor porcentaje de vacunaci\u00f3n y vacunar casa por casa<\/strong>\u00ab, asever\u00f3 <strong>Kreplak <\/strong>durante una conferencia de prensa en la Casa de Gobierno de la provincia de Buenos Aires.<\/p>\n\n\n\n<p>As\u00ed lo declar\u00f3 el funcionario esta ma\u00f1ana en La Plata junto al Jefe de Gabinete <strong>Carlos Bianco<\/strong>. A su vez, asever\u00f3 que ma\u00f1ana los m\u00f3viles del Ejecutivo provincial estar\u00e1n en los partidos de Tres de Febrero, San Miguel, La Matanza, Lan\u00fas y San Isidro.<\/p>\n\n\n\n<p><strong>Kreplak <\/strong>afirm\u00f3 tambi\u00e9n que <strong>\u00abEl objetivo que ten\u00edamos era lograr alcanzar en personas mayores de 50 a\u00f1os el 60% de cobertura de esquema completo. Ya lo hemos superado y seguimos vacunando a m\u00e1xima velocidad\u00bb&nbsp;<\/strong><\/p>\n\n\n\n<p>Se desplazar\u00e1n por<strong> parajes rurales del distrito <\/strong>y a ello se le suma el <strong>Tren Sanitario bonaerense,<\/strong> que fue puesto en marcha junto al<strong> Ministerio de Transporte de la Naci\u00f3n<\/strong> para recorrer ciudades de la Provincia con servicios sanitarios.<\/p>\n\n\n\n<p>Sobre la<strong> variante Delta<\/strong>, el ministro explic\u00f3 que hasta el momento se tiene todos los casos identificados sin tener que lamentar contactos estrechos\u00bb. Precis\u00f3 que de<strong> 44 casos<\/strong>, 42 fueron viajeros internacionales, y dos casos asociados a importaci\u00f3n, aunque <strong>no hay circulaci\u00f3n comunitaria<\/strong> y<strong> 43 casos ya finalizaron su aislamiento<\/strong>.<\/p>\n\n\n\n<p>Acerca de la reciente aprobaci\u00f3n de la combinaci\u00f3n de dosis, explic\u00f3 que <strong>\u00abel 98% de las personas que hab\u00eda recibido Sputnik como primera dosis acept\u00f3 combinar\u00bb<\/strong> otro f\u00e1rmaco como segunda dosis.<\/p>\n\n\n\n<p>\u00abNos encontramos en un momento de mejores condiciones sanitarias debido a la eficacia de las vacunas. Si hubiera una ola nueva, quiz\u00e1 ya no sea de la gravedad de la anterior. Creemos que gradualmente se puede ir comenzando con m\u00e1s actividades. Estamos a la espera de poder inocular a los menores\u00bb, concluy\u00f3.<\/p>\n\n\n\n<p>Asimismo, las autoridades de la provincia de Buenos Aires recordaron que<strong> todas las personas a partir de los 12 a\u00f1os pueden inscribirse en el siguiente <\/strong><a href=\"https:\/\/vacunatepba.gba.gob.ar\/\"><strong>link de la Provincia de Buenos Aires para recibir la vacuna contra la Covid-19.<\/strong><\/a><br>En tanto, todos los <strong>mayores de 18 a\u00f1os <\/strong>cuentan con la posibilidad de acceder a la denominada <strong>\u00abvacunaci\u00f3n libre\u00bb<\/strong>, es decir, dirigirse sin turno a cualquiera de los 400 puntos donde se aplican las vacunas contra el coronavirus, solo con DNI que acredite domicilio en la provincia, y recibir su primera dosis.<\/p>\n","protected":false},"excerpt":{"rendered":"<p>\u00abA medida que aumentemos la vacunaci\u00f3n, empiezan a descender no solamente los casos si no tambi\u00e9n los fallecimientos\u00ab, explic\u00f3 el ministro de Salud&nbsp; Nicol\u00e1s Kreplak en referencia a la nueva modalidad de vacunaci\u00f3n. Sobre esta l\u00ednea, destac\u00f3 que en los &hellip; <a href=\"https:\/\/morenoprimero.com.ar\/archivo\/el-gobierno-bonaerense-anuncio-que-comenzara-la-vacunacion-casa-por-casa\/\">Sigue leyendo <span class=\"meta-nav\">&rarr;<\/span><\/a><\/p>\n","protected":false},"author":6,"featured_media":16743,"comment_status":"closed","ping_status":"closed","sticky":false,"template":"","format":"standard","meta":{"footnotes":""},"categories":[3,2329,536],"tags":[540,2116,1470],"class_list":["post-16741","post","type-post","status-publish","format-standard","has-post-thumbnail","hentry","category-importantes","category-provincial","category-salud","tag-covid","tag-nicolas-kreplak","tag-vacunacion-2"],"_links":{"self":[{"href":"https:\/\/morenoprimero.com.ar\/archivo\/wp-json\/wp\/v2\/posts\/16741","targetHints":{"allow":["GET"]}}],"collection":[{"href":"https:\/\/morenoprimero.com.ar\/archivo\/wp-json\/wp\/v2\/posts"}],"about":[{"href":"https:\/\/morenoprimero.com.ar\/archivo\/wp-json\/wp\/v2\/types\/post"}],"author":[{"embeddable":true,"href":"https:\/\/morenoprimero.com.ar\/archivo\/wp-json\/wp\/v2\/users\/6"}],"replies":[{"embeddable":true,"href":"https:\/\/morenoprimero.com.ar\/archivo\/wp-json\/wp\/v2\/comments?post=16741"}],"version-history":[{"count":1,"href":"https:\/\/morenoprimero.com.ar\/archivo\/wp-json\/wp\/v2\/posts\/16741\/revisions"}],"predecessor-version":[{"id":16744,"href":"https:\/\/morenoprimero.com.ar\/archivo\/wp-json\/wp\/v2\/posts\/16741\/revisions\/16744"}],"wp:featuredmedia":[{"embeddable":true,"href":"https:\/\/morenoprimero.com.ar\/archivo\/wp-json\/wp\/v2\/media\/16743"}],"wp:attachment":[{"href":"https:\/\/morenoprimero.com.ar\/archivo\/wp-json\/wp\/v2\/media?parent=16741"}],"wp:term":[{"taxonomy":"category","embeddable":true,"href":"https:\/\/morenoprimero.com.ar\/archivo\/wp-json\/wp\/v2\/categories?post=16741"},{"taxonomy":"post_tag","embeddable":true,"href":"https:\/\/morenoprimero.com.ar\/archivo\/wp-json\/wp\/v2\/tags?post=16741"}],"curies":[{"name":"wp","href":"https:\/\/api.w.org\/{rel}","templated":true}]}}