{"id":16693,"date":"2021-08-15T16:02:36","date_gmt":"2021-08-15T19:02:36","guid":{"rendered":"https:\/\/morenoprimero.com.ar\/?p=16693"},"modified":"2021-08-17T11:44:24","modified_gmt":"2021-08-17T14:44:24","slug":"dia-de-las-nineces-por-mas-infancias-y-adolescencias-dignas-y-libres","status":"publish","type":"post","link":"https:\/\/morenoprimero.com.ar\/archivo\/dia-de-las-nineces-por-mas-infancias-y-adolescencias-dignas-y-libres\/","title":{"rendered":"D\u00eda de las ni\u00f1eces: Por m\u00e1s infancias y adolescencias dignas y libres"},"content":{"rendered":"\n<p>Hoy se conmemora el D\u00eda internacional de las ni\u00f1eces, cuyo objetivo es recordar a la sociedad que los y las ni\u00f1as son el colectivo m\u00e1s vulnerable y por lo tanto, quienes m\u00e1s sufren las crisis y los problemas del pa\u00eds y del mundo.<\/p>\n\n\n\n<p><strong>El derecho a la salud<\/strong> (calendario de vacunaci\u00f3n obligatoria, vacunaci\u00f3n contra el Covid-19, la prevenci\u00f3n, el acceso a medicamentos para ni\u00f1as y ni\u00f1os afectados por graves patolog\u00edas, etc.), <strong>el derecho a una vivienda digna en un entorno saludable, la garant\u00eda de una vida libre de violencia y de explotaci\u00f3n infantil, el derecho a la educaci\u00f3n, la informaci\u00f3n, la alimentaci\u00f3n digna, la no discriminaci\u00f3n, el derecho a jugar a y poder desarrollar libremente sus identidades persibidas, entre otras cuestiones deben ser siempre prioridad en la agenda de pol\u00edticas p\u00fablicas de los Gobiernos. <\/strong>Como tambi\u00e9n que su inter\u00e9s y opini\u00f3n sea tenido en cuenta en las situaciones que le involucran y a la participaci\u00f3n en las sociedades<\/p>\n\n\n\n<p><strong>\u201cLos \u00fanicos privilegiados son los ni\u00f1os\u201d, supo decir Evita alguna vez, la eterna abanderada de los y las humildes.&nbsp;<\/strong><\/p>\n","protected":false},"excerpt":{"rendered":"<p>Hoy se conmemora el D\u00eda internacional de las ni\u00f1eces, cuyo objetivo es recordar a la sociedad que los y las ni\u00f1as son el colectivo m\u00e1s vulnerable y por lo tanto, quienes m\u00e1s sufren las crisis y los problemas del pa\u00eds &hellip; <a href=\"https:\/\/morenoprimero.com.ar\/archivo\/dia-de-las-nineces-por-mas-infancias-y-adolescencias-dignas-y-libres\/\">Sigue leyendo <span class=\"meta-nav\">&rarr;<\/span><\/a><\/p>\n","protected":false},"author":6,"featured_media":16694,"comment_status":"closed","ping_status":"closed","sticky":false,"template":"","format":"standard","meta":{"footnotes":""},"categories":[21],"tags":[2939],"class_list":["post-16693","post","type-post","status-publish","format-standard","has-post-thumbnail","hentry","category-interes-general","tag-dia-de-las-nineces"],"_links":{"self":[{"href":"https:\/\/morenoprimero.com.ar\/archivo\/wp-json\/wp\/v2\/posts\/16693","targetHints":{"allow":["GET"]}}],"collection":[{"href":"https:\/\/morenoprimero.com.ar\/archivo\/wp-json\/wp\/v2\/posts"}],"about":[{"href":"https:\/\/morenoprimero.com.ar\/archivo\/wp-json\/wp\/v2\/types\/post"}],"author":[{"embeddable":true,"href":"https:\/\/morenoprimero.com.ar\/archivo\/wp-json\/wp\/v2\/users\/6"}],"replies":[{"embeddable":true,"href":"https:\/\/morenoprimero.com.ar\/archivo\/wp-json\/wp\/v2\/comments?post=16693"}],"version-history":[{"count":1,"href":"https:\/\/morenoprimero.com.ar\/archivo\/wp-json\/wp\/v2\/posts\/16693\/revisions"}],"predecessor-version":[{"id":16695,"href":"https:\/\/morenoprimero.com.ar\/archivo\/wp-json\/wp\/v2\/posts\/16693\/revisions\/16695"}],"wp:featuredmedia":[{"embeddable":true,"href":"https:\/\/morenoprimero.com.ar\/archivo\/wp-json\/wp\/v2\/media\/16694"}],"wp:attachment":[{"href":"https:\/\/morenoprimero.com.ar\/archivo\/wp-json\/wp\/v2\/media?parent=16693"}],"wp:term":[{"taxonomy":"category","embeddable":true,"href":"https:\/\/morenoprimero.com.ar\/archivo\/wp-json\/wp\/v2\/categories?post=16693"},{"taxonomy":"post_tag","embeddable":true,"href":"https:\/\/morenoprimero.com.ar\/archivo\/wp-json\/wp\/v2\/tags?post=16693"}],"curies":[{"name":"wp","href":"https:\/\/api.w.org\/{rel}","templated":true}]}}