{"id":16690,"date":"2021-08-13T22:05:52","date_gmt":"2021-08-14T01:05:52","guid":{"rendered":"https:\/\/morenoprimero.com.ar\/?p=16690"},"modified":"2021-08-13T22:05:53","modified_gmt":"2021-08-14T01:05:53","slug":"ya-se-puede-consultar-el-padron-electoral-provisorio-para-las-elecciones-2021","status":"publish","type":"post","link":"https:\/\/morenoprimero.com.ar\/archivo\/ya-se-puede-consultar-el-padron-electoral-provisorio-para-las-elecciones-2021\/","title":{"rendered":"Ya se puede consultar el padr\u00f3n electoral provisorio para las elecciones 2021"},"content":{"rendered":"\n<p>Hasta el <strong>14 de diciembre<\/strong> se puede consultar a trav\u00e9s de <a href=\"https:\/\/www.padron.gob.ar\/\">la<strong> web de la C\u00e1mara Nacional Electoral (CNE)<\/strong><\/a><strong> <\/strong>el padr\u00f3n provisoria a fin de realizar consultas y hacer reclamos pertinentes.<\/p>\n\n\n\n<p>Seg\u00fan se inform\u00f3, el <strong>padr\u00f3n provisorio para las elecciones 2021<\/strong> estar\u00e1 disponible para su consulta hasta el 14 de diciembre, a trav\u00e9s de su sitio web. La medida fue dispuesta a partir de una acordada de la CNE, con la participaci\u00f3n de los jueces Alberto Dalla V\u00eda y Santiago Corcuera.<\/p>\n\n\n\n<p>\u00abA partir del domingo 15 de noviembre hasta el 14 de diciembre estar\u00e1 disponible en su sitio Web (electoral.gob.ar) la consulta del padr\u00f3n provisorio para las elecciones 2021\u00bb, comunic\u00f3 la CNE.<\/p>\n\n\n\n<p>El objetivo es que la ciudadan\u00eda habilitada para votar pueda efectuar consultas y hacer los reclamos pertinentes sobre sus datos registrales. Los reclamos se podr\u00e1n hacer de manera online al momento de la consulta\u00bb, a\u00f1adieron los jueces.<\/p>\n\n\n\n<p>Dalla V\u00eda y Corcuera recordaron respecto a los j\u00f3venes que \u00abpara que sus datos se vean reflejados en el padr\u00f3n electoral, deber\u00e1n tener actualizado su DNI de los 14 a\u00f1os\u00bb.<\/p>\n","protected":false},"excerpt":{"rendered":"<p>Hasta el 14 de diciembre se puede consultar a trav\u00e9s de la web de la C\u00e1mara Nacional Electoral (CNE) el padr\u00f3n provisoria a fin de realizar consultas y hacer reclamos pertinentes. Seg\u00fan se inform\u00f3, el padr\u00f3n provisorio para las elecciones &hellip; <a href=\"https:\/\/morenoprimero.com.ar\/archivo\/ya-se-puede-consultar-el-padron-electoral-provisorio-para-las-elecciones-2021\/\">Sigue leyendo <span class=\"meta-nav\">&rarr;<\/span><\/a><\/p>\n","protected":false},"author":6,"featured_media":16691,"comment_status":"closed","ping_status":"closed","sticky":false,"template":"","format":"standard","meta":{"footnotes":""},"categories":[21,27],"tags":[2937,2938,2040],"class_list":["post-16690","post","type-post","status-publish","format-standard","has-post-thumbnail","hentry","category-interes-general","category-politica","tag-cne","tag-padron","tag-paso"],"_links":{"self":[{"href":"https:\/\/morenoprimero.com.ar\/archivo\/wp-json\/wp\/v2\/posts\/16690","targetHints":{"allow":["GET"]}}],"collection":[{"href":"https:\/\/morenoprimero.com.ar\/archivo\/wp-json\/wp\/v2\/posts"}],"about":[{"href":"https:\/\/morenoprimero.com.ar\/archivo\/wp-json\/wp\/v2\/types\/post"}],"author":[{"embeddable":true,"href":"https:\/\/morenoprimero.com.ar\/archivo\/wp-json\/wp\/v2\/users\/6"}],"replies":[{"embeddable":true,"href":"https:\/\/morenoprimero.com.ar\/archivo\/wp-json\/wp\/v2\/comments?post=16690"}],"version-history":[{"count":1,"href":"https:\/\/morenoprimero.com.ar\/archivo\/wp-json\/wp\/v2\/posts\/16690\/revisions"}],"predecessor-version":[{"id":16692,"href":"https:\/\/morenoprimero.com.ar\/archivo\/wp-json\/wp\/v2\/posts\/16690\/revisions\/16692"}],"wp:featuredmedia":[{"embeddable":true,"href":"https:\/\/morenoprimero.com.ar\/archivo\/wp-json\/wp\/v2\/media\/16691"}],"wp:attachment":[{"href":"https:\/\/morenoprimero.com.ar\/archivo\/wp-json\/wp\/v2\/media?parent=16690"}],"wp:term":[{"taxonomy":"category","embeddable":true,"href":"https:\/\/morenoprimero.com.ar\/archivo\/wp-json\/wp\/v2\/categories?post=16690"},{"taxonomy":"post_tag","embeddable":true,"href":"https:\/\/morenoprimero.com.ar\/archivo\/wp-json\/wp\/v2\/tags?post=16690"}],"curies":[{"name":"wp","href":"https:\/\/api.w.org\/{rel}","templated":true}]}}