{"id":16583,"date":"2021-08-12T10:00:26","date_gmt":"2021-08-12T13:00:26","guid":{"rendered":"https:\/\/morenoprimero.com.ar\/?p=16583"},"modified":"2021-08-12T12:59:12","modified_gmt":"2021-08-12T15:59:12","slug":"se-inauguro-el-centro-de-salud-atalaya-en-moreno-sur","status":"publish","type":"post","link":"https:\/\/morenoprimero.com.ar\/archivo\/se-inauguro-el-centro-de-salud-atalaya-en-moreno-sur\/","title":{"rendered":"Se inaugur\u00f3 el centro de salud \u00abAtalaya\u00bb en Moreno sur"},"content":{"rendered":"\n<h5 class=\"wp-block-heading\">Este nuevo CAPS atender\u00e1 a m\u00e1s de 11 mil vecinas y vecinos de los barrios Atalaya y Manantiales, y cuenta con servicios de enfermer\u00eda, medicina general, psicolog\u00eda y obstetricia, entre otros.&nbsp;Forma parte de las 16 unidades sanitarias que se construyeron y refaccionaron en Moreno durante la pandemia.<\/h5>\n\n\n\n<p>La intendenta de Moreno, <strong>Mariel Fern\u00e1ndez<\/strong>, junto al ministro de Infraestructura y Servicios P\u00fablicos de la Provincia, <strong>Agust\u00edn Simone<\/strong>; el ministro de Salud de la Provincia, <strong>Nicol\u00e1s Kreplak<\/strong>; el precandidato a diputado nacional por Buenos Aires, <strong>Daniel Goll\u00e1n<\/strong>; y la secretaria de Salud municipal, <strong>B\u00e1rbara Cort\u00e9s<\/strong>, inauguraron el Centro de Atenci\u00f3n Primaria de la Salud (CAPS) \u201cAtalaya\u201d en la localidad de Moreno Sur.&nbsp;<\/p>\n\n\n\n<p>Las autoridades tambi\u00e9n recorrieron la <strong>Unidad Sanitaria \u201cLas Catonas\u201d<\/strong> que, junto al de Moreno Sur, forman parte de los <strong>16 CAPS<\/strong> construidos de cero y refaccionados en el Municipio durante la pandemia. Estas obras forman parte del <strong>Plan Sanitario provincial<\/strong>&nbsp; que se lleva adelante para fortalecer el sistema de salud y garantizar atenci\u00f3n m\u00e9dica p\u00fablica cercana y de calidad para las y los habitantes de Moreno y de toda la Provincia.&nbsp;<\/p>\n\n\n\n<p><strong>Este nuevo CAPS atender\u00e1 a m\u00e1s de 11 mil vecinas y vecinos de los barrios Atalaya y Manantiales, y cuenta con servicios de enfermer\u00eda, medicina general, psicolog\u00eda y obstetricia, entre otros.&nbsp;<\/strong><\/p>\n\n\n\n<p><br>\u00ab<strong>Un poco la historia de este barrio y el proceso que hacemos en Moreno, es la de una gesti\u00f3n, la nuestra, que est\u00e1 muy apoyada en su comunidad. Cada cosa que hacemos en este barrio, nos emocionamos y festejamos con las vecinas, porque una cosa es que ellas se organicen solas y busquen recursos, y otra es cuando el Estado est\u00e1 presente y todo eso va m\u00e1s r\u00e1pido, porque est\u00e1n organizadas y organizados<\/strong>\u00ab, afirm\u00f3 Mariel Fern\u00e1ndez y resalt\u00f3 que \u00ab<strong>La pol\u00edtica es una postura frente a la vida y nosotros frente a la vida queremos hacer estas cosas: queremos pensar en la casa com\u00fan, que es lo que est\u00e1n haciendo las vecinas y es lo que da felicidad.<\/strong>\u00ab<\/p>\n\n\n\n<p><br>Por otra parte, la jefa comunal expres\u00f3: \u00ab<strong>Muy agradecida con nuestro gobernador y con nuestro presidente por todas las herramientas, insumos y el personal que lleg\u00f3 a Moreno para fortalecer nuestro sistema p\u00fablico de salud. Creo que en este tiempo qued\u00f3 muy claro quien nos cuida y quienes no nos quieren cuidar y prefieren que muera gente, y no piensan que tenemos que salir delante como pueblo argentino de esta pandemia mundial.<\/strong>\u00ab<\/p>\n\n\n\n<p><br>Por su parte, el ministro <strong>Simone<\/strong> manifest\u00f3 que \u00ab<strong>En Moreno venimos trabajando en muchas cosas, esta es una de las tantas. Estamos agradecidos con Mariel y su equipo, por la ayuda que nos dan para que cada una de estas obras se puedan terminar. Tenemos muchas obras por delante como la Avenida Derqui que ya est\u00e1 en marcha, la del Hospital de la Vega que ya est\u00e1 caso terminada, y las de las Rutas 24 y 25 que pronto van a comenzar. Con la pandemia m\u00e1s controlada vienen a\u00f1os de poder estar al 100% de lo que venimos hacer, que algunas las podemos mostrar hoy y en los pr\u00f3ximos dos a\u00f1os van haber muchas m\u00e1s.<\/strong>\u00ab<\/p>\n\n\n\n<p><br><strong>\u00abUn Centro de Salud solo no sirve para nada, tiene que ser parte de un sistema, de un proyecto. Si uno mira en Moreno donde est\u00e1bamos cuando comenz\u00f3 la pandemia y donde estamos ahora, ve que avanz\u00f3 much\u00edsimo el sistema de salud, y todav\u00eda falta<\/strong>\u00bb se\u00f1al\u00f3 el ministro<strong> Kreplak<\/strong> y recalc\u00f3 que \u00ab<strong>Todos apostaban que en la Provincia y en Moreno no \u00edbamos a dar a basto con la pandemia y se pudo por el enorme esfuerzo del pueblo,&nbsp; el incansable esfuerzo de las y los trabajadores de la salud, y un Estado que nunca dejo de estar presente.<\/strong>\u00ab<\/p>\n\n\n\n<p><br>\u00ab<strong>Nuestra vocaci\u00f3n es reparar todas las injusticias que existen y son muchas de nuestra sociedad. Mariel tiene una historia que tiene que ver tambi\u00e9n con la vecina que andaba con nosotros y no pod\u00eda parar de llorar viendo que se hac\u00eda realidad. Porque esto se hace con la comunidad no es el Estado solamente<\/strong>\u00ab, enfatiz\u00f3 <strong>Daniel Goll\u00e1n<\/strong> y concluy\u00f3: \u00ab<strong>Nosotros amamos esta Provincia y representamos un colectivo que es el verdadero pueblo.\u00bb<\/strong><\/p>\n\n\n\n<p><\/p>\n\n\n\n<figure class=\"wp-block-image size-full\"><a href=\"https:\/\/morenoprimero.com.ar\/wp-content\/uploads\/2021\/08\/Centro-de-Salud-Atalaya-1.jpg\"><img loading=\"lazy\" decoding=\"async\" width=\"1024\" height=\"682\" src=\"https:\/\/morenoprimero.com.ar\/wp-content\/uploads\/2021\/08\/Centro-de-Salud-Atalaya-1.jpg\" alt=\"\" class=\"wp-image-16587\" srcset=\"https:\/\/morenoprimero.com.ar\/archivo\/wp-content\/uploads\/2021\/08\/Centro-de-Salud-Atalaya-1.jpg 1024w, https:\/\/morenoprimero.com.ar\/archivo\/wp-content\/uploads\/2021\/08\/Centro-de-Salud-Atalaya-1-300x200.jpg 300w, https:\/\/morenoprimero.com.ar\/archivo\/wp-content\/uploads\/2021\/08\/Centro-de-Salud-Atalaya-1-768x512.jpg 768w\" sizes=\"auto, (max-width: 1024px) 100vw, 1024px\" \/><\/a><\/figure>\n","protected":false},"excerpt":{"rendered":"<p>Este nuevo CAPS atender\u00e1 a m\u00e1s de 11 mil vecinas y vecinos de los barrios Atalaya y Manantiales, y cuenta con servicios de enfermer\u00eda, medicina general, psicolog\u00eda y obstetricia, entre otros.&nbsp;Forma parte de las 16 unidades sanitarias que se construyeron &hellip; <a href=\"https:\/\/morenoprimero.com.ar\/archivo\/se-inauguro-el-centro-de-salud-atalaya-en-moreno-sur\/\">Sigue leyendo <span class=\"meta-nav\">&rarr;<\/span><\/a><\/p>\n","protected":false},"author":6,"featured_media":16610,"comment_status":"closed","ping_status":"closed","sticky":false,"template":"","format":"standard","meta":{"footnotes":""},"categories":[2328,536,20],"tags":[276,6,102,1407],"class_list":["post-16583","post","type-post","status-publish","format-standard","has-post-thumbnail","hentry","category-local","category-salud","category-sociedad","tag-mariel-fernandez","tag-moreno","tag-municipio-de-moreno","tag-salud-publica-2"],"_links":{"self":[{"href":"https:\/\/morenoprimero.com.ar\/archivo\/wp-json\/wp\/v2\/posts\/16583","targetHints":{"allow":["GET"]}}],"collection":[{"href":"https:\/\/morenoprimero.com.ar\/archivo\/wp-json\/wp\/v2\/posts"}],"about":[{"href":"https:\/\/morenoprimero.com.ar\/archivo\/wp-json\/wp\/v2\/types\/post"}],"author":[{"embeddable":true,"href":"https:\/\/morenoprimero.com.ar\/archivo\/wp-json\/wp\/v2\/users\/6"}],"replies":[{"embeddable":true,"href":"https:\/\/morenoprimero.com.ar\/archivo\/wp-json\/wp\/v2\/comments?post=16583"}],"version-history":[{"count":2,"href":"https:\/\/morenoprimero.com.ar\/archivo\/wp-json\/wp\/v2\/posts\/16583\/revisions"}],"predecessor-version":[{"id":16589,"href":"https:\/\/morenoprimero.com.ar\/archivo\/wp-json\/wp\/v2\/posts\/16583\/revisions\/16589"}],"wp:featuredmedia":[{"embeddable":true,"href":"https:\/\/morenoprimero.com.ar\/archivo\/wp-json\/wp\/v2\/media\/16610"}],"wp:attachment":[{"href":"https:\/\/morenoprimero.com.ar\/archivo\/wp-json\/wp\/v2\/media?parent=16583"}],"wp:term":[{"taxonomy":"category","embeddable":true,"href":"https:\/\/morenoprimero.com.ar\/archivo\/wp-json\/wp\/v2\/categories?post=16583"},{"taxonomy":"post_tag","embeddable":true,"href":"https:\/\/morenoprimero.com.ar\/archivo\/wp-json\/wp\/v2\/tags?post=16583"}],"curies":[{"name":"wp","href":"https:\/\/api.w.org\/{rel}","templated":true}]}}