{"id":165,"date":"2020-07-03T05:41:33","date_gmt":"2020-07-03T05:41:33","guid":{"rendered":"https:\/\/morenoprimero.com.ar\/?p=165"},"modified":"2020-11-25T11:40:51","modified_gmt":"2020-11-25T11:40:51","slug":"kicillof-la-inclusion-es-la-mejor-herramienta-para-construir-la-pospandemia","status":"publish","type":"post","link":"https:\/\/morenoprimero.com.ar\/archivo\/kicillof-la-inclusion-es-la-mejor-herramienta-para-construir-la-pospandemia\/","title":{"rendered":"KICILLOF: \u00abLA INCLUSI\u00d3N ES LA MEJOR HERRAMIENTA PARA CONSTRUIR LA POSPANDEMIA\u00bb"},"content":{"rendered":"\n<p><\/p>\n\n\n\n<p>El gobernador Axel Kicillof, el ministro de Desarrollo Social de la Naci\u00f3n, Daniel Arroyo y el ministro de Desarrollo de la Comunidad de la Provincia, Andr\u00e9s Larroque, encabezaron esta ma\u00f1ana la firma de convenios del programa nacional Potenciar Trabajo, que promover\u00e1 la inclusi\u00f3n socioproductiva en la provincia de Buenos Aires. \u201cLo que estamos haciendo es esencial y marca un giro en la pol\u00edtica social, es darle a los bonaerenses el acceso al derecho a trabajar\u201d, asegur\u00f3 Kicillof.<\/p>\n\n\n\n<p><br>\u201cEs un paso hacia el futuro y es importante que lo demos junto al gobierno nacional, provincial, los municipios y las organizaciones sociales\u201d, agreg\u00f3 el Gobernador durante la r\u00fabrica que se realiz\u00f3 en el Sal\u00f3n Dorado de la Casa de Gobierno.<\/p>\n\n\n\n<p><br>En esta primera etapa firmaron la adhesi\u00f3n al programa de sus municipios los intendentes: Mariano Cascallares (Almirante Brown); Jorge Ferraresi (Avellaneda); Fabi\u00e1n Cagliardi (Berisso); Fernando Moreira (General San Mart\u00edn); Juan Zabaleta (Hurlingham); Mayra Mendoza (Quilmes); Andr\u00e9s Watson (Florencio Varela); Mariel Fern\u00e1ndez (Moreno); y Fernando Espinoza (La Matanza). Tambi\u00e9n suscribi\u00f3 los acuerdos el secretario general de Econom\u00eda Popular de la Naci\u00f3n, Emilio P\u00e9rsico, junto a organizaciones sociales, con el objetivo de mejorar el empleo y generar nuevas propuestas productivas a trav\u00e9s de la formaci\u00f3n y capacitaci\u00f3n en oficios.<\/p>\n\n\n\n<p><br>\u201cGarantizar el trabajo es una de las principales funciones que tiene un gobierno, pero para eso se necesitan organizaciones, instituciones, Estado, recursos, bienes de capital, programas. Hay que organizar ese camino\u201d, detall\u00f3 Kicillof y remarc\u00f3 que \u201cla potencia de la provincia de Buenos Aires est\u00e1 en su capacidad de trabajar y producir\u201d.<\/p>\n\n\n\n<p><br>Se\u00f1al\u00f3 tambi\u00e9n que este programa \u201ces uno de los instrumentos para la pospandemia\u201d, ya que \u201cla \u00fanica posibilidad que tenemos es ponernos a sembrar los cimientos de ese futuro, que tiene que tener m\u00e1s inclusi\u00f3n y m\u00e1s trabajo\u201d.<\/p>\n\n\n\n<p><br>En esa l\u00ednea, Arroyo indic\u00f3 que \u201cesta es la pol\u00edtica social de la pospandemia\u201d y explic\u00f3 que apunta a que \u201cel desarrollo local se reconstruya desde abajo hacia arriba. El Estado tiene que acompa\u00f1ar al sector informal con m\u00e1quinas, herramientas y capacitaci\u00f3n, potenciando las condiciones que tiene cada uno de los territorios\u201d, destac\u00f3 el Ministro.<br>Por su parte, Larroque remarc\u00f3: \u201cEn un momento dif\u00edcil, donde vemos que la actividad econ\u00f3mica decae, el Estado decide intervenir de una manera muy concreta, reconociendo tareas que son socialmente necesarias para la vida de nuestra provincia y que el mercado no reconoce\u201d.<\/p>\n\n\n\n<p><br>En esta oportunidad, firmaron los acuerdos por parte de las organizaciones sociales: Leonardo Urrejola de Barrios de Pie; Fredy Waldemar Mari\u00f1o de la Corriente Clasista y Combativa (CCC); Gildo Onorato del Movimiento Evita y Nicol\u00e1s Caropresi del Movimiento de Trabajadores Excluidos (MTE).<br>Potenciar Trabajo contempla la creaci\u00f3n y el fortalecimiento de unidades productivas para promover la inclusi\u00f3n social plena y el incremento progresivo de ingresos con vistas a alcanzar la autonom\u00eda econ\u00f3mica. <\/p>\n\n\n\n<p>Adem\u00e1s, incluye microcr\u00e9ditos y cr\u00e9dito para m\u00e1quinas y herramientas a tasas muy bajas. Impulsa cinco sectores productivos fundamentales: construcci\u00f3n, producci\u00f3n de alimentos, actividad textil, econom\u00eda del cuidado de personas y la recolecci\u00f3n y reciclado de residuos urbanos.<\/p>\n","protected":false},"excerpt":{"rendered":"<p>El gobernador Axel Kicillof, el ministro de Desarrollo Social de la Naci\u00f3n, Daniel Arroyo y el ministro de Desarrollo de la Comunidad de la Provincia, Andr\u00e9s Larroque, encabezaron esta ma\u00f1ana la firma de convenios del programa nacional Potenciar Trabajo, que &hellip; <a href=\"https:\/\/morenoprimero.com.ar\/archivo\/kicillof-la-inclusion-es-la-mejor-herramienta-para-construir-la-pospandemia\/\">Sigue leyendo <span class=\"meta-nav\">&rarr;<\/span><\/a><\/p>\n","protected":false},"author":6,"featured_media":166,"comment_status":"open","ping_status":"open","sticky":false,"template":"","format":"standard","meta":{"footnotes":""},"categories":[21,20],"tags":[72,74,73,60],"class_list":["post-165","post","type-post","status-publish","format-standard","has-post-thumbnail","hentry","category-interes-general","category-sociedad","tag-kicillof","tag-municipios","tag-potenciar-trabajo","tag-provincia-de-buenos-aires"],"_links":{"self":[{"href":"https:\/\/morenoprimero.com.ar\/archivo\/wp-json\/wp\/v2\/posts\/165","targetHints":{"allow":["GET"]}}],"collection":[{"href":"https:\/\/morenoprimero.com.ar\/archivo\/wp-json\/wp\/v2\/posts"}],"about":[{"href":"https:\/\/morenoprimero.com.ar\/archivo\/wp-json\/wp\/v2\/types\/post"}],"author":[{"embeddable":true,"href":"https:\/\/morenoprimero.com.ar\/archivo\/wp-json\/wp\/v2\/users\/6"}],"replies":[{"embeddable":true,"href":"https:\/\/morenoprimero.com.ar\/archivo\/wp-json\/wp\/v2\/comments?post=165"}],"version-history":[{"count":1,"href":"https:\/\/morenoprimero.com.ar\/archivo\/wp-json\/wp\/v2\/posts\/165\/revisions"}],"predecessor-version":[{"id":167,"href":"https:\/\/morenoprimero.com.ar\/archivo\/wp-json\/wp\/v2\/posts\/165\/revisions\/167"}],"wp:featuredmedia":[{"embeddable":true,"href":"https:\/\/morenoprimero.com.ar\/archivo\/wp-json\/wp\/v2\/media\/166"}],"wp:attachment":[{"href":"https:\/\/morenoprimero.com.ar\/archivo\/wp-json\/wp\/v2\/media?parent=165"}],"wp:term":[{"taxonomy":"category","embeddable":true,"href":"https:\/\/morenoprimero.com.ar\/archivo\/wp-json\/wp\/v2\/categories?post=165"},{"taxonomy":"post_tag","embeddable":true,"href":"https:\/\/morenoprimero.com.ar\/archivo\/wp-json\/wp\/v2\/tags?post=165"}],"curies":[{"name":"wp","href":"https:\/\/api.w.org\/{rel}","templated":true}]}}