{"id":16458,"date":"2021-08-07T11:17:19","date_gmt":"2021-08-07T14:17:19","guid":{"rendered":"https:\/\/morenoprimero.com.ar\/?p=16458"},"modified":"2021-08-07T11:17:20","modified_gmt":"2021-08-07T14:17:20","slug":"alberto-fernandez-anuncio-aperturas-de-actividades","status":"publish","type":"post","link":"https:\/\/morenoprimero.com.ar\/archivo\/alberto-fernandez-anuncio-aperturas-de-actividades\/","title":{"rendered":"Alberto Fern\u00e1ndez anunci\u00f3 aperturas de actividades"},"content":{"rendered":"\n<h5 class=\"wp-block-heading\">El presidente Alberto Fern\u00e1ndez anunci\u00f3 que comenzar\u00e1n aperturas progresivas de actividades en todo el pa\u00eds.<\/h5>\n\n\n\n<p>El presidente\u00a0<strong><a href=\"https:\/\/infocielo.com\/alberto-fernandez\">Alberto Fern\u00e1ndez<\/a><\/strong>\u00a0anunci\u00f3 el plan de recuperaci\u00f3n de actividades de manera \u00abresponsable y cuidadosa\u00bb a partir de este s\u00e1bado. Se trata de la apertura progresiva de actividades mientras avanza la vacunaci\u00f3n contra el coronavirus y se intenta retrasar el ingreso de la variante Delta. Profundizar\u00e1n la presencialidad de las clases, eventos deportivos, recitales y turismo.<br><br>A trav\u00e9s de un anuncio grabado, Alberto Fern\u00e1ndez repas\u00f3 la situaci\u00f3n epidemiol\u00f3gica del pa\u00eds y dijo que \u00abhace 10 semanas consecutivas que bajan los casos\u00bb y que \u00abestamos logrando retrasar el ingreso de la variante Delta en nuestro pa\u00eds\u00bb.<br><br>En cuanto a la vacunaci\u00f3n, el Presidente asegur\u00f3 que en agosto nuestro objetivo es aumentar el porcentaje de segundas dosis. vamos a aplicar mas de siete millones de segundas dosis\u00bb. Asimismo, remarc\u00f3 que el objetivo es \u00abno saturar el sistema de salud\u00bb.<br><br>\u00abEstos avances nos permiten anunciar el plan para recuperar actividades de manera responsable y cuidadosa\u00bb, consider\u00f3.<br><br>Los<strong> anuncios de Alberto Fern\u00e1ndez: qu\u00e9 actividades regresar\u00e1n<\/strong><br><br>El presidente, Alberto Fern\u00e1ndez, indic\u00f3 que a trav\u00e9s de un Decreto de Necesidad y Urgencia (DNU) presentar\u00e1n un plan de regreso de actividades: \u00abA partir de ma\u00f1ana ampliaremos poco a poco la cantidad de personas que puedan reunirse. Avanzaremos con la presencialidad en las escuelas\u00bb.<br><br>\u00abEl siguiente paso ser\u00e1 el regreso del p\u00fablico con aforos progresivos con eventos masivos al aire libre, eventos deportivos y recitales\u00bb, adelant\u00f3.<br><br>Tambi\u00e9n confirm\u00f3 que \u00abpodr\u00e1 haber viajes grupales de personas mayores con esquemas completos de vacunaci\u00f3n a lugares que no est\u00e9n en alarma epidemiol\u00f3gica\u00bb. Al mismo tiempo, sobre el turismo internacional, precis\u00f3 que por el momento se comenzar\u00e1 con los \u00abpa\u00edses de la regi\u00f3n\u00bb.<br><br>En ese aspecto, el mandatario afirm\u00f3 que \u00abvamos a iniciar la combinaci\u00f3n de vacunas que facilitar\u00e1 avanzar en las segundas dosis\u00bb y que \u00abtenemos un plan para ir recuperando paulatinamente todas las actividades. Nos cuidaremos mucho de las nuevas variantes\u00bb. <br><br>Sobre la situaci\u00f3n econ\u00f3mica, detall\u00f3 que \u00abArgentina este a\u00f1o va a crecer alrededor de 7 por ciento y el a\u00f1o que viene 4,5 por ciento\u00bb.<br><br>\u00abHoy mismo estamos generando miles de puestos de trabajo, la vacuna es la mejor pol\u00edtica econ\u00f3mica\u00bb, manifest\u00f3.<\/p>\n","protected":false},"excerpt":{"rendered":"<p>El presidente Alberto Fern\u00e1ndez anunci\u00f3 que comenzar\u00e1n aperturas progresivas de actividades en todo el pa\u00eds. El presidente\u00a0Alberto Fern\u00e1ndez\u00a0anunci\u00f3 el plan de recuperaci\u00f3n de actividades de manera \u00abresponsable y cuidadosa\u00bb a partir de este s\u00e1bado. Se trata de la apertura progresiva &hellip; <a href=\"https:\/\/morenoprimero.com.ar\/archivo\/alberto-fernandez-anuncio-aperturas-de-actividades\/\">Sigue leyendo <span class=\"meta-nav\">&rarr;<\/span><\/a><\/p>\n","protected":false},"author":6,"featured_media":16459,"comment_status":"closed","ping_status":"closed","sticky":false,"template":"","format":"standard","meta":{"footnotes":""},"categories":[2330],"tags":[645,26],"class_list":["post-16458","post","type-post","status-publish","format-standard","has-post-thumbnail","hentry","category-nacional","tag-alberto-fernandez-2","tag-coronavirus"],"_links":{"self":[{"href":"https:\/\/morenoprimero.com.ar\/archivo\/wp-json\/wp\/v2\/posts\/16458","targetHints":{"allow":["GET"]}}],"collection":[{"href":"https:\/\/morenoprimero.com.ar\/archivo\/wp-json\/wp\/v2\/posts"}],"about":[{"href":"https:\/\/morenoprimero.com.ar\/archivo\/wp-json\/wp\/v2\/types\/post"}],"author":[{"embeddable":true,"href":"https:\/\/morenoprimero.com.ar\/archivo\/wp-json\/wp\/v2\/users\/6"}],"replies":[{"embeddable":true,"href":"https:\/\/morenoprimero.com.ar\/archivo\/wp-json\/wp\/v2\/comments?post=16458"}],"version-history":[{"count":1,"href":"https:\/\/morenoprimero.com.ar\/archivo\/wp-json\/wp\/v2\/posts\/16458\/revisions"}],"predecessor-version":[{"id":16460,"href":"https:\/\/morenoprimero.com.ar\/archivo\/wp-json\/wp\/v2\/posts\/16458\/revisions\/16460"}],"wp:featuredmedia":[{"embeddable":true,"href":"https:\/\/morenoprimero.com.ar\/archivo\/wp-json\/wp\/v2\/media\/16459"}],"wp:attachment":[{"href":"https:\/\/morenoprimero.com.ar\/archivo\/wp-json\/wp\/v2\/media?parent=16458"}],"wp:term":[{"taxonomy":"category","embeddable":true,"href":"https:\/\/morenoprimero.com.ar\/archivo\/wp-json\/wp\/v2\/categories?post=16458"},{"taxonomy":"post_tag","embeddable":true,"href":"https:\/\/morenoprimero.com.ar\/archivo\/wp-json\/wp\/v2\/tags?post=16458"}],"curies":[{"name":"wp","href":"https:\/\/api.w.org\/{rel}","templated":true}]}}