{"id":1643,"date":"2020-08-24T15:15:23","date_gmt":"2020-08-24T15:15:23","guid":{"rendered":"https:\/\/morenoprimero.com.ar\/?p=1643"},"modified":"2020-08-24T15:15:24","modified_gmt":"2020-08-24T15:15:24","slug":"moreno-lanza-el-programa-de-arbolado-urbano","status":"publish","type":"post","link":"https:\/\/morenoprimero.com.ar\/archivo\/moreno-lanza-el-programa-de-arbolado-urbano\/","title":{"rendered":"MORENO LANZA EL PROGRAMA DE ARBOLADO URBANO"},"content":{"rendered":"\n<p><strong>A trav\u00e9s del Instituto Municipal de Desarrollo Econ\u00f3mico Local , el Municipio lanz\u00f3 el Programa de Arbolado Urbano y Servicios de Espacios Verdes en la Plaza Buj\u00e1n, con la presencia de la intendenta Mariel Fern\u00e1ndez y la administradora del IMDEL Mar\u00eda Gim\u00e9nez.<\/strong><\/p>\n\n\n\n<figure class=\"wp-block-image size-large\"><img loading=\"lazy\" decoding=\"async\" width=\"1024\" height=\"682\" src=\"https:\/\/morenoprimero.com.ar\/wp-content\/uploads\/2020\/08\/marieeeeeeeeeeeeeeeeeeeeeeeeeeeeel-1024x682.jpeg\" alt=\"\" class=\"wp-image-1644\" srcset=\"https:\/\/morenoprimero.com.ar\/archivo\/wp-content\/uploads\/2020\/08\/marieeeeeeeeeeeeeeeeeeeeeeeeeeeeel-1024x682.jpeg 1024w, https:\/\/morenoprimero.com.ar\/archivo\/wp-content\/uploads\/2020\/08\/marieeeeeeeeeeeeeeeeeeeeeeeeeeeeel-300x200.jpeg 300w, https:\/\/morenoprimero.com.ar\/archivo\/wp-content\/uploads\/2020\/08\/marieeeeeeeeeeeeeeeeeeeeeeeeeeeeel-768x511.jpeg 768w, https:\/\/morenoprimero.com.ar\/archivo\/wp-content\/uploads\/2020\/08\/marieeeeeeeeeeeeeeeeeeeeeeeeeeeeel.jpeg 1080w\" sizes=\"auto, (max-width: 1024px) 100vw, 1024px\" \/><\/figure>\n\n\n\n<p>El programa tiene como objetivo incentivar la producci\u00f3n de especies nativas que favorezcan la flora y fauna del municipio y planificar los espacios verdes y las diferentes delegaciones del distrito. <\/p>\n\n\n\n<p>Tambi\u00e9n, cuenta con escuelas de formaci\u00f3n t\u00e9cnica del IMDEL en arboleda y bosques urbanos que se desarrollan en escuelas, jardines y capillas.<\/p>\n\n\n\n<p>Desde el 10 de diciembre hasta la fecha se han plantado 10 mil diferentes \u00e1rboles y arbustos entre ellos 3.000 en veredas y en espacios p\u00fablicos como las Plazas Benjam\u00edn Franklin en Paso del Rey; Mariano Moreno, San Mart\u00edn, Las Carretas, Bujan y Corval\u00e1n. <\/p>\n\n\n\n<p><\/p>\n","protected":false},"excerpt":{"rendered":"<p>A trav\u00e9s del Instituto Municipal de Desarrollo Econ\u00f3mico Local , el Municipio lanz\u00f3 el Programa de Arbolado Urbano y Servicios de Espacios Verdes en la Plaza Buj\u00e1n, con la presencia de la intendenta Mariel Fern\u00e1ndez y la administradora del IMDEL &hellip; <a href=\"https:\/\/morenoprimero.com.ar\/archivo\/moreno-lanza-el-programa-de-arbolado-urbano\/\">Sigue leyendo <span class=\"meta-nav\">&rarr;<\/span><\/a><\/p>\n","protected":false},"author":6,"featured_media":1645,"comment_status":"open","ping_status":"open","sticky":false,"template":"","format":"standard","meta":{"footnotes":""},"categories":[21,5,20],"tags":[242,102],"class_list":["post-1643","post","type-post","status-publish","format-standard","has-post-thumbnail","hentry","category-interes-general","category-recomendadas","category-sociedad","tag-imdel","tag-municipio-de-moreno"],"_links":{"self":[{"href":"https:\/\/morenoprimero.com.ar\/archivo\/wp-json\/wp\/v2\/posts\/1643","targetHints":{"allow":["GET"]}}],"collection":[{"href":"https:\/\/morenoprimero.com.ar\/archivo\/wp-json\/wp\/v2\/posts"}],"about":[{"href":"https:\/\/morenoprimero.com.ar\/archivo\/wp-json\/wp\/v2\/types\/post"}],"author":[{"embeddable":true,"href":"https:\/\/morenoprimero.com.ar\/archivo\/wp-json\/wp\/v2\/users\/6"}],"replies":[{"embeddable":true,"href":"https:\/\/morenoprimero.com.ar\/archivo\/wp-json\/wp\/v2\/comments?post=1643"}],"version-history":[{"count":1,"href":"https:\/\/morenoprimero.com.ar\/archivo\/wp-json\/wp\/v2\/posts\/1643\/revisions"}],"predecessor-version":[{"id":1646,"href":"https:\/\/morenoprimero.com.ar\/archivo\/wp-json\/wp\/v2\/posts\/1643\/revisions\/1646"}],"wp:featuredmedia":[{"embeddable":true,"href":"https:\/\/morenoprimero.com.ar\/archivo\/wp-json\/wp\/v2\/media\/1645"}],"wp:attachment":[{"href":"https:\/\/morenoprimero.com.ar\/archivo\/wp-json\/wp\/v2\/media?parent=1643"}],"wp:term":[{"taxonomy":"category","embeddable":true,"href":"https:\/\/morenoprimero.com.ar\/archivo\/wp-json\/wp\/v2\/categories?post=1643"},{"taxonomy":"post_tag","embeddable":true,"href":"https:\/\/morenoprimero.com.ar\/archivo\/wp-json\/wp\/v2\/tags?post=1643"}],"curies":[{"name":"wp","href":"https:\/\/api.w.org\/{rel}","templated":true}]}}