{"id":1638,"date":"2020-08-24T15:22:07","date_gmt":"2020-08-24T15:22:07","guid":{"rendered":"https:\/\/morenoprimero.com.ar\/?p=1638"},"modified":"2020-08-24T15:22:07","modified_gmt":"2020-08-24T15:22:07","slug":"saviolita-nunez-lider-de-la-barra-disidente-de-river-murio-en-una-balacera","status":"publish","type":"post","link":"https:\/\/morenoprimero.com.ar\/archivo\/saviolita-nunez-lider-de-la-barra-disidente-de-river-murio-en-una-balacera\/","title":{"rendered":"SAVIOLITA N\u00da\u00d1EZ, L\u00cdDER DE LA BARRA DISIDENTE DE RIVER, MURI\u00d3 EN UNA BALACERA"},"content":{"rendered":"\n<h3 class=\"wp-block-heading\">&nbsp; Mart\u00edn N\u00fa\u00f1ez, alias&nbsp;Saviolita, estaba camino a coronarse como l\u00edder de la barra brava de&nbsp;River&nbsp;Plate. El 2020 era, probablemente, el a\u00f1o en que logre su objetivo, pero la pandemia le posterg\u00f3 la coronaci\u00f3n y su muerte se la impidi\u00f3.&nbsp;<\/h3>\n\n\n\n<p>&nbsp;&nbsp; <strong>A partir de un conflicto por un terreno ubicado en Francisco \u00c1lvarez<\/strong>,&nbsp;<strong>Saviolita&nbsp;lleg\u00f3 en una camioneta Hilux junto a otros dos autos y cinco personas m\u00e1s<\/strong>, para recuperar un terreno que, seg\u00fan ellos, era de un amigo. Cuando ingresaron en el lugar, y tras una discusi\u00f3n, <strong>comenz\u00f3 la balacera que termin\u00f3 con dos heridos y el destino fatal del l\u00edder de la barra disidente de&nbsp;River, quien no lleg\u00f3 vivo al Hospital Mariano Moreno.<\/strong><\/p>\n\n\n\n<p>&nbsp;&nbsp; <strong>Las versiones que brindaron uno y otro bando del conflicto son diferentes.&nbsp;&nbsp;<\/strong><\/p>\n\n\n\n<p>&nbsp; &nbsp;El presunto due\u00f1o del terreno explic\u00f3 que lo compr\u00f3 en una cooperativa de venta en la localidad de General Rodr\u00edguez. Esa tarde quiso corroborar que no se lo hubiesen usurpado y cambiarle el candado. De pronto ve llegar seis personas que dispararon desde la vereda y forzaron la puerta con el fin de tomar el terreno. El hombre responde con un arma Bersa&nbsp;Thunder&nbsp;y comienza la balacera.&nbsp;Saviolita&nbsp;muere con un disparo mortal en el t\u00f3rax, y dos hombres resultaron heridos de bala.&nbsp;<\/p>\n\n\n\n<p>&nbsp;&nbsp; Los heridos, por su parte, explicaron que acompa\u00f1aron al l\u00edder de la barra disidente de&nbsp;River&nbsp;a recuperar un terreno tras ser alertados por vecinos de una toma.&nbsp;Al&nbsp;llegar, fueron recibidos con disparos de armas de fuego.&nbsp;&nbsp;<\/p>\n\n\n\n<p>&nbsp; &nbsp;Esta versi\u00f3n coincide con la declaraci\u00f3n de dos testigos en la comisar\u00eda. Ellos, aseguraron que el due\u00f1o del terreno hab\u00eda ido a la tarde, que encontr\u00f3 su terreno usurpado por dos hombres que aseguraron que no se iban a ir. Entonces el hombre, le pidi\u00f3 ayuda a&nbsp;Saviolita, con quien ten\u00eda una buena relaci\u00f3n.&nbsp;<\/p>\n\n\n\n<figure class=\"wp-block-image size-large\"><img loading=\"lazy\" decoding=\"async\" width=\"1024\" height=\"573\" src=\"https:\/\/morenoprimero.com.ar\/wp-content\/uploads\/2020\/08\/ecbqb527dzabvbomdhhkg5yrp4-1024x573.jpg\" alt=\"\" class=\"wp-image-1639\" srcset=\"https:\/\/morenoprimero.com.ar\/archivo\/wp-content\/uploads\/2020\/08\/ecbqb527dzabvbomdhhkg5yrp4-1024x573.jpg 1024w, https:\/\/morenoprimero.com.ar\/archivo\/wp-content\/uploads\/2020\/08\/ecbqb527dzabvbomdhhkg5yrp4-300x168.jpg 300w, https:\/\/morenoprimero.com.ar\/archivo\/wp-content\/uploads\/2020\/08\/ecbqb527dzabvbomdhhkg5yrp4-768x430.jpg 768w, https:\/\/morenoprimero.com.ar\/archivo\/wp-content\/uploads\/2020\/08\/ecbqb527dzabvbomdhhkg5yrp4.jpg 1366w\" sizes=\"auto, (max-width: 1024px) 100vw, 1024px\" \/><\/figure>\n\n\n\n<p>&nbsp; &nbsp;<strong>Hay un detenido.<\/strong> Ser\u00e1 indagado por la Dra. Carina Saucedo, a cargo de la UFI&nbsp;N\u00ba&nbsp;2 del Departamento Judicial de Moreno y General Rodr\u00edguez, quien espera resultados parciales para ampliar la investigaci\u00f3n.<\/p>\n\n\n\n<p>&nbsp;<\/p>\n\n\n\n<figure class=\"wp-block-image size-large\"><img loading=\"lazy\" decoding=\"async\" width=\"297\" height=\"170\" src=\"https:\/\/morenoprimero.com.ar\/wp-content\/uploads\/2020\/08\/descarga.jpg\" alt=\"\" class=\"wp-image-1640\"\/><\/figure>\n\n\n\n<p>&nbsp; <strong>La car\u00e1tula de la causa es \u201cHomicidio Agravado por el uso de arma de fuego, homicidio agravado en grado de tentativa y lesiones\u201d.&nbsp;&nbsp;&nbsp;<\/strong><\/p>\n","protected":false},"excerpt":{"rendered":"<p>&nbsp; Mart\u00edn N\u00fa\u00f1ez, alias&nbsp;Saviolita, estaba camino a coronarse como l\u00edder de la barra brava de&nbsp;River&nbsp;Plate. El 2020 era, probablemente, el a\u00f1o en que logre su objetivo, pero la pandemia le posterg\u00f3 la coronaci\u00f3n y su muerte se la impidi\u00f3.&nbsp; &nbsp;&nbsp; &hellip; <a href=\"https:\/\/morenoprimero.com.ar\/archivo\/saviolita-nunez-lider-de-la-barra-disidente-de-river-murio-en-una-balacera\/\">Sigue leyendo <span class=\"meta-nav\">&rarr;<\/span><\/a><\/p>\n","protected":false},"author":6,"featured_media":1641,"comment_status":"open","ping_status":"open","sticky":false,"template":"","format":"standard","meta":{"footnotes":""},"categories":[3,8],"tags":[476,477,474,478],"class_list":["post-1638","post","type-post","status-publish","format-standard","has-post-thumbnail","hentry","category-importantes","category-policiales","tag-barra-brava","tag-francisco-alvarez-2","tag-river-plate","tag-toma-de-tierras"],"_links":{"self":[{"href":"https:\/\/morenoprimero.com.ar\/archivo\/wp-json\/wp\/v2\/posts\/1638","targetHints":{"allow":["GET"]}}],"collection":[{"href":"https:\/\/morenoprimero.com.ar\/archivo\/wp-json\/wp\/v2\/posts"}],"about":[{"href":"https:\/\/morenoprimero.com.ar\/archivo\/wp-json\/wp\/v2\/types\/post"}],"author":[{"embeddable":true,"href":"https:\/\/morenoprimero.com.ar\/archivo\/wp-json\/wp\/v2\/users\/6"}],"replies":[{"embeddable":true,"href":"https:\/\/morenoprimero.com.ar\/archivo\/wp-json\/wp\/v2\/comments?post=1638"}],"version-history":[{"count":2,"href":"https:\/\/morenoprimero.com.ar\/archivo\/wp-json\/wp\/v2\/posts\/1638\/revisions"}],"predecessor-version":[{"id":1656,"href":"https:\/\/morenoprimero.com.ar\/archivo\/wp-json\/wp\/v2\/posts\/1638\/revisions\/1656"}],"wp:featuredmedia":[{"embeddable":true,"href":"https:\/\/morenoprimero.com.ar\/archivo\/wp-json\/wp\/v2\/media\/1641"}],"wp:attachment":[{"href":"https:\/\/morenoprimero.com.ar\/archivo\/wp-json\/wp\/v2\/media?parent=1638"}],"wp:term":[{"taxonomy":"category","embeddable":true,"href":"https:\/\/morenoprimero.com.ar\/archivo\/wp-json\/wp\/v2\/categories?post=1638"},{"taxonomy":"post_tag","embeddable":true,"href":"https:\/\/morenoprimero.com.ar\/archivo\/wp-json\/wp\/v2\/tags?post=1638"}],"curies":[{"name":"wp","href":"https:\/\/api.w.org\/{rel}","templated":true}]}}