{"id":16317,"date":"2021-08-05T10:08:49","date_gmt":"2021-08-05T13:08:49","guid":{"rendered":"https:\/\/morenoprimero.com.ar\/?p=16317"},"modified":"2021-08-05T10:15:16","modified_gmt":"2021-08-05T13:15:16","slug":"en-moreno-comenzo-la-vacunacion-para-chicas-y-chicos-de-12-a-17-anos-con-factores-de-riesgo","status":"publish","type":"post","link":"https:\/\/morenoprimero.com.ar\/archivo\/en-moreno-comenzo-la-vacunacion-para-chicas-y-chicos-de-12-a-17-anos-con-factores-de-riesgo\/","title":{"rendered":"En Moreno comenz\u00f3 la vacunaci\u00f3n para chicas y chicos de 12 a 17 a\u00f1os con factores de riesgo"},"content":{"rendered":"\n<h5 class=\"wp-block-heading\">J\u00f3venes morenenses ya recibieron la primera dosis de la vacuna Moderna aprobada por uso pedi\u00e1trico<\/h5>\n\n\n\n<p> En Moreno, como en toda la provincia de Buenos Aires, comenz\u00f3 la vacunaci\u00f3n para chicas y chicos de 12 a 17 a\u00f1os priorizados por sus condiciones de salud. <strong>Adem\u00e1s de realizar la inscripci\u00f3n, es indispensable que<\/strong> <strong>concurran al vacunatorio con un responsable afectivo<\/strong>.<\/p>\n\n\n\n<p>La vacuna que se aplica es <strong>Moderna<\/strong>, aprobada para uso pedi\u00e1trico, y distribuida por el Gobierno Nacional y Provincial.<\/p>\n\n\n\n<p>Quienes deseen registrarse en el plan de vacunaci\u00f3n p\u00fablico, gratuito y optativo, pueden hacerlo desde la web&nbsp;<a href=\"http:\/\/vacunatepba.gba.gob.ar\/\" target=\"_blank\" rel=\"noreferrer noopener\">vacunatepba.gba.gob.ar<\/a>&nbsp;o a trav\u00e9s de la aplicaci\u00f3n VacunatePBA.<\/p>\n\n\n\n<p>De acuerdo a los lineamientos establecidos a nivel nacional, la vacunaci\u00f3n correspondiente a la franja etaria de 12 a 17 a\u00f1os incluye las siguientes condiciones priorizadas:<\/p>\n\n\n\n<p>\u2022 Diabetes tipo 1 o 2.<\/p>\n\n\n\n<p>\u2022 Obesidad grado 2 (IMC &gt; 35) y grado 3 (IMC &gt; 40).<\/p>\n\n\n\n<p>\u2022 Enfermedad cardiovascular cr\u00f3nica: Insuficiencia card\u00edaca, enfermedad coronaria, valvulopat\u00edas, miocardiopat\u00edas, hipertensi\u00f3n pulmonar, cardiopat\u00edas cong\u00e9nitas.<\/p>\n\n\n\n<p>\u2022 Enfermedad renal cr\u00f3nica (incluidos pacientes en di\u00e1lisis cr\u00f3nica y trasplantes) y s\u00edndrome nefr\u00f3tico.<\/p>\n\n\n\n<p>\u2022 Enfermedad respiratoria cr\u00f3nica: Enfermedad pulmonar obstructiva cr\u00f3nica (EPOC), fibrosis qu\u00edstica, enfermedad intersticial pulmonar, asma grave; requerimiento de ox\u00edgeno terapia; enfermedad grave de la v\u00eda a\u00e9rea; hospitalizaciones por asma.<\/p>\n\n\n\n<p>\u2022 Enfermedad hep\u00e1tica: Cirrosis, hepatitis autoinmune.<\/p>\n\n\n\n<p>\u2022 Personas que viven con VIH independientemente del CD4 y CV.<\/p>\n\n\n\n<p>\u2022 Pacientes en lista de espera para trasplantes de \u00f3rganos s\u00f3lidos y trasplantes de c\u00e9lulas hematopoy\u00e9ticas.<\/p>\n\n\n\n<p>\u2022 Pacientes oncol\u00f3gicos y oncohematol\u00f3gicos con diagn\u00f3stico reciente o \u201cactiva\u201d.<\/p>\n\n\n\n<p>\u2022 Personas con tuberculosis activa.<\/p>\n\n\n\n<p>\u2022 Personas con discapacidad intelectual y del desarrollo.<\/p>\n\n\n\n<p>\u2022 S\u00edndrome de Down.<\/p>\n\n\n\n<p>\u2022 Personas con enfermedades autoinmunes y\/o tratamientos inmunosupresores, inmunomoduladores o biol\u00f3gicos.<\/p>\n\n\n\n<p>\u2022 Adolescentes que viven en lugares de larga estancia.<\/p>\n\n\n\n<p>\u2022 Personas gestantes de 12 a 17 a\u00f1os con indicaci\u00f3n individual.<\/p>\n\n\n\n<p>\u2022 Personas con carnet \u00fanico de discapacidad (CUD) vigente.<\/p>\n\n\n\n<p>\u2022 Personas con pensi\u00f3n de ANSES por invalidez aunque no tengan CUD.<\/p>\n\n\n\n<p>\u2022 Personas con pensi\u00f3n de ANSES por trasplantes aunque no tengan CUD.<\/p>\n\n\n\n<p>A<strong>dem\u00e1s, ya rige la vacunaci\u00f3n libre de primeras dosis para todas las personas mayores de 18 a\u00f1os. Solamente deben presentarse en cualquier vacunatorio con DNI que acredite domicilio en provincia de Buenos Aires, sin necesidad de inscripci\u00f3n previa.<\/strong><\/p>\n\n\n\n<p><\/p>\n","protected":false},"excerpt":{"rendered":"<p>J\u00f3venes morenenses ya recibieron la primera dosis de la vacuna Moderna aprobada por uso pedi\u00e1trico En Moreno, como en toda la provincia de Buenos Aires, comenz\u00f3 la vacunaci\u00f3n para chicas y chicos de 12 a 17 a\u00f1os priorizados por sus &hellip; <a href=\"https:\/\/morenoprimero.com.ar\/archivo\/en-moreno-comenzo-la-vacunacion-para-chicas-y-chicos-de-12-a-17-anos-con-factores-de-riesgo\/\">Sigue leyendo <span class=\"meta-nav\">&rarr;<\/span><\/a><\/p>\n","protected":false},"author":6,"featured_media":16319,"comment_status":"closed","ping_status":"closed","sticky":false,"template":"","format":"standard","meta":{"footnotes":""},"categories":[2328,536],"tags":[1399,26,94,6,1409,2096],"class_list":["post-16317","post","type-post","status-publish","format-standard","has-post-thumbnail","hentry","category-local","category-salud","tag-buenos-aires-vacunate","tag-coronavirus","tag-covid-19","tag-moreno","tag-vacunas","tag-vacunas-contra-el-covid"],"_links":{"self":[{"href":"https:\/\/morenoprimero.com.ar\/archivo\/wp-json\/wp\/v2\/posts\/16317","targetHints":{"allow":["GET"]}}],"collection":[{"href":"https:\/\/morenoprimero.com.ar\/archivo\/wp-json\/wp\/v2\/posts"}],"about":[{"href":"https:\/\/morenoprimero.com.ar\/archivo\/wp-json\/wp\/v2\/types\/post"}],"author":[{"embeddable":true,"href":"https:\/\/morenoprimero.com.ar\/archivo\/wp-json\/wp\/v2\/users\/6"}],"replies":[{"embeddable":true,"href":"https:\/\/morenoprimero.com.ar\/archivo\/wp-json\/wp\/v2\/comments?post=16317"}],"version-history":[{"count":1,"href":"https:\/\/morenoprimero.com.ar\/archivo\/wp-json\/wp\/v2\/posts\/16317\/revisions"}],"predecessor-version":[{"id":16320,"href":"https:\/\/morenoprimero.com.ar\/archivo\/wp-json\/wp\/v2\/posts\/16317\/revisions\/16320"}],"wp:featuredmedia":[{"embeddable":true,"href":"https:\/\/morenoprimero.com.ar\/archivo\/wp-json\/wp\/v2\/media\/16319"}],"wp:attachment":[{"href":"https:\/\/morenoprimero.com.ar\/archivo\/wp-json\/wp\/v2\/media?parent=16317"}],"wp:term":[{"taxonomy":"category","embeddable":true,"href":"https:\/\/morenoprimero.com.ar\/archivo\/wp-json\/wp\/v2\/categories?post=16317"},{"taxonomy":"post_tag","embeddable":true,"href":"https:\/\/morenoprimero.com.ar\/archivo\/wp-json\/wp\/v2\/tags?post=16317"}],"curies":[{"name":"wp","href":"https:\/\/api.w.org\/{rel}","templated":true}]}}