{"id":16234,"date":"2021-08-03T14:13:20","date_gmt":"2021-08-03T17:13:20","guid":{"rendered":"https:\/\/morenoprimero.com.ar\/?p=16234"},"modified":"2021-08-04T14:39:05","modified_gmt":"2021-08-04T17:39:05","slug":"lorena-alderete-y-una-historia-de-lucha-feminista-popular-en-moreno","status":"publish","type":"post","link":"https:\/\/morenoprimero.com.ar\/archivo\/lorena-alderete-y-una-historia-de-lucha-feminista-popular-en-moreno\/","title":{"rendered":"Lorena Alderete y una historia de lucha feminista popular en Moreno"},"content":{"rendered":"\n<h5 class=\"wp-block-heading\">De militar la candidatura a concejal de su padre con la vuelta de la democracia, a candidata a concejal en el Frente de Todos. En el feminismo popular, encontr\u00f3 su camino de lucha. Ve al Movimiento Feminista como una experiencia muy rica en Latinoamerica: \u00abPorque est\u00e1 dando respuesta y alcanzando ciertas luchas, como la del aborto en Argentina\u00bb.<\/h5>\n\n\n\n<p>Lorena Alderete es nacida y criada en Moreno. Su padre vino en un cami\u00f3n a los 13 a\u00f1os desde Tucum\u00e1n y se instal\u00f3 en Isidro Casanova, conoci\u00f3 a la madre de Lorena, morenense, se casaron y&nbsp;eligieron&nbsp;Moreno como lugar de residencia.&nbsp;<\/p>\n\n\n\n<p>Su madre, despu\u00e9s de la democracia, luch\u00f3 por los Derechos Humanos y organiz\u00f3 una de la primeras asambleas permanentes por los DDHH. Los hermanos de su padre eran militantes peronistas nucleados en la UOM, todos trabajaron en metal\u00fargica. Su padre tom\u00f3 el camino del peronismo m\u00e1s revolucionario, socialista y latinoamericano.\u00a0\u00a0<\/p>\n\n\n\n<p><strong>Con una familia militante, su primer asomo a la pol\u00edtica fue con la vuelta de la democracia<\/strong>. Su padre fue candidato a Concejal por el Partido Intransigente donde ella, con 12 a\u00f1os,\u00a0se recuerda con los padrones gordos y pesados en la plaza de Moreno y las pintadas con\u00a0Ferrite, en un momento hist\u00f3rico donde los partidos pol\u00edticos no eran moneda corriente luego de la dictadura militar. Tal como lo expresa Lorena, \u201cTodo se armaba con el vecino, la vecina, el almacenero\u201d<strong>. Diez a\u00f1os despu\u00e9s, apenas pasados los 20, comenz\u00f3 a participar del Encuentro Regional de Mujeres en Moreno, su principal espacio de formaci\u00f3n a\u00f1o tras a\u00f1o.<\/strong>\u00a0\u00a0<\/p>\n\n\n\n<h5 class=\"wp-block-heading\"><strong>En el a\u00f1o 2005, su experiencia militante se enriquece en una diversidad de experiencias, luego de 10 a\u00f1os de formaci\u00f3n feminista en el territorio que la vio nacer.<\/strong> <strong>Del barrio El&nbsp;Ca\u00f1\u00f3n<\/strong>,&nbsp;surge impulsado por un grupo de compa\u00f1eras del cual ella era parte, la organizaci\u00f3n \u201c<strong>Mujeres al pie del Ca\u00f1\u00f3n\u201d<\/strong>. Desde all\u00ed, asisten a mujeres en situaci\u00f3n de vulnerabilidad en el territorio y su trabajo se centr\u00f3 en mujeres v\u00edctimas de trata, secuestradas, abusadas.&nbsp;&nbsp;De a poco, su vida entrelaz\u00f3 los espacios de formaci\u00f3n y discusi\u00f3n, y los espacios de trabajo en el territorio. Desde el colectivo recientemente formado, participaban de encuentros de mujeres del todo el oeste que se realizaban en diferentes localidades.&nbsp;<\/h5>\n\n\n\n<p>Lorena recuerda las \u201cmesitas\u201d en las estaciones de los diferentes distritos, donde repart\u00edan volantes y buscaban concientizar sobre una problem\u00e1tica que en aquel entonces era mal vista. \u201cComenzamos a buscar una respuesta a la cuesti\u00f3n de la salud sexual de las mujeres en el territorio.\u201d, relata.\u00a0<\/p>\n\n\n\n<p>El Movimiento Feminista en Moreno \u201ctiene puntos clave de lucha\u201d, considera la militante feminista, y nombra \u201cla libertad de\u00a0las hermanas Ail\u00e9n y Marina Jara, que estuvieron dos a\u00f1os presas por defenderse de un tipo que quiso abusar de ellas\u201d. Como as\u00ed tambi\u00e9n la influencia del caso de Romina Tejerina, que sucedi\u00f3 en\u00a0Jujuy,\u00a0pero tom\u00f3 alcance nacional.\u00a0\u201cFueron\u00a0luchas en el territorio que iban haciendo un espejo con la lucha a nivel nacional, un ida y vuelta\u201d, sintetiza.\u00a0\u00a0<\/p>\n\n\n\n<figure class=\"wp-block-gallery columns-2 is-cropped wp-block-gallery-1 is-layout-flex wp-block-gallery-is-layout-flex\"><ul class=\"blocks-gallery-grid\"><li class=\"blocks-gallery-item\"><figure><a href=\"https:\/\/morenoprimero.com.ar\/wp-content\/uploads\/2021\/08\/Hermanas-jara.jpg\"><img loading=\"lazy\" decoding=\"async\" width=\"600\" height=\"338\" src=\"https:\/\/morenoprimero.com.ar\/wp-content\/uploads\/2021\/08\/Hermanas-jara.jpg\" alt=\"\" data-id=\"16239\" data-full-url=\"https:\/\/morenoprimero.com.ar\/wp-content\/uploads\/2021\/08\/Hermanas-jara.jpg\" data-link=\"https:\/\/morenoprimero.com.ar\/?attachment_id=16239\" class=\"wp-image-16239\" srcset=\"https:\/\/morenoprimero.com.ar\/archivo\/wp-content\/uploads\/2021\/08\/Hermanas-jara.jpg 600w, https:\/\/morenoprimero.com.ar\/archivo\/wp-content\/uploads\/2021\/08\/Hermanas-jara-300x169.jpg 300w\" sizes=\"auto, (max-width: 600px) 100vw, 600px\" \/><\/a><\/figure><\/li><li class=\"blocks-gallery-item\"><figure><a href=\"https:\/\/morenoprimero.com.ar\/wp-content\/uploads\/2021\/08\/Tejerina.jpg\"><img loading=\"lazy\" decoding=\"async\" width=\"235\" height=\"300\" src=\"https:\/\/morenoprimero.com.ar\/wp-content\/uploads\/2021\/08\/Tejerina.jpg\" alt=\"\" data-id=\"16240\" data-full-url=\"https:\/\/morenoprimero.com.ar\/wp-content\/uploads\/2021\/08\/Tejerina.jpg\" data-link=\"https:\/\/morenoprimero.com.ar\/?attachment_id=16240\" class=\"wp-image-16240\"\/><\/a><\/figure><\/li><\/ul><figcaption class=\"blocks-gallery-caption\">A la izquierda, Ail\u00e9n y Marina Jara, a la derecha, Romina Tejerina<\/figcaption><\/figure>\n\n\n\n<p>El colectivo del cual formaba parte Lorena tom\u00f3 contacto con el Movimiento 29 de Mayo&nbsp;y comenzaron a articular en busca de un objetivo: <strong>ir al 1\u00b0 Encuentro Nacional de Mujeres<\/strong>. De ah\u00ed en m\u00e1s, participar\u00edan todos los a\u00f1os de esos <strong>\u201cespacios de formaci\u00f3n durante tres d\u00edas seguidos, con varios talleres diversos y actividades, sumado a la marcha de miles de mujeres, lesbianas, travestis, trans\u201d<\/strong>.&nbsp; Lorena cuenta que \u201carmamos diferentes jornadas para ir a los encuentros en las provincias, pon\u00edamos el cuerpo para poder sacar el micro, y con el Movimiento 29 de Mayo \u00e9ramos parte del barrio, como primo hermanas, y nosotras llevamos la perspectiva feminista\u201d.&nbsp;<\/p>\n\n\n\n<p><\/p>\n\n\n\n<h5 class=\"wp-block-heading\">El feminismo popular y Moreno&nbsp;<\/h5>\n\n\n\n<p>\u201cAntes del 2015, armamos un encuentro feminista del oeste en el Camping de ATE con todo el feminismo diverso\u201d, explica Lorena, y prosigue: \u201cA ra\u00edz de esos encuentros, <strong>empezamos a pensar qu\u00e9 tipo de feminismo quer\u00edamos construir, en cu\u00e1l nos reconoc\u00edamos<\/strong>\u201d.&nbsp; Se hab\u00edan desarrollado como parte del feminismo \u201cm\u00e1s intelectual\u201d, el&nbsp;cual&nbsp;les hab\u00eda dado las herramientas para desarrollar ideas y pensamiento cr\u00edtico, pero no eran feministas intelectuales, <strong>\u201c\u00e9ramos&nbsp;feministas del barrio, en el barrio<\/strong>\u201d.&nbsp;&nbsp;&nbsp;<\/p>\n\n\n\n<figure class=\"wp-block-image size-full\"><a href=\"https:\/\/morenoprimero.com.ar\/wp-content\/uploads\/2021\/08\/image-5.png\"><img loading=\"lazy\" decoding=\"async\" width=\"719\" height=\"404\" src=\"https:\/\/morenoprimero.com.ar\/wp-content\/uploads\/2021\/08\/image-5.png\" alt=\"\" class=\"wp-image-16242\" srcset=\"https:\/\/morenoprimero.com.ar\/archivo\/wp-content\/uploads\/2021\/08\/image-5.png 719w, https:\/\/morenoprimero.com.ar\/archivo\/wp-content\/uploads\/2021\/08\/image-5-300x169.png 300w\" sizes=\"auto, (max-width: 719px) 100vw, 719px\" \/><\/a><\/figure>\n\n\n\n<p>A partir de varios encuentros de formaciones en educaci\u00f3n popular, se constituy\u00f3 un eslab\u00f3n m\u00e1s en su construcci\u00f3n de perspectiva feminista.\u00a0 As\u00ed, <strong>ve\u00edan en el feminismo, pensado desde lo popular, como una herramienta de emancipaci\u00f3n.<\/strong> Junto al Movimiento 29 de Mayo, comenzaron a dar cursos de capacitaci\u00f3n y formaci\u00f3n a las organizaciones feministas, sociales y pol\u00edticas. As\u00ed, considera que el Feminismo Popular \u201ctiene que ver con nuestra clase, con nuestra identidad, que no solo abraza a las compa\u00f1eras nacidas y criadas en el territorio, sino tambi\u00e9n a compa\u00f1eras migrantes de distintos pa\u00edses que llegaron y pasaron hambre y tuvieron que luchar, e incluso hoy llegan a formar parte de nuestra\u00a0organizaci\u00f3n, que es una caracter\u00edstica particular de Moreno, una pluralidad cultural muy rica\u201d.\u00a0<\/p>\n\n\n\n<blockquote class=\"wp-block-quote is-layout-flow wp-block-quote-is-layout-flow\"><p><em> El Feminismo Popular tiene que ver con nuestra clase, con nuestra identidad, que no solo abraza a las compa\u00f1eras nacidas y criadas en el territorio, sino tambi\u00e9n a compa\u00f1eras migrantes de distintos pa\u00edses que llegaron y pasaron hambre y tuvieron que luchar, e incluso hoy llegan a formar parte de nuestra&nbsp;organizaci\u00f3n, que es una caracter\u00edstica particular de Moreno, una pluralidad cultural muy rica <\/em><\/p><\/blockquote>\n\n\n\n<p>Adem\u00e1s, con&nbsp;vasta&nbsp;experiencia en militante en su localidad natal, se\u00f1ala: \u201cYo veo un Moreno politizado de toda la vida, una historia de lucha, de movimientos pol\u00edticos, sociales, culturales, desde que tengo uso de raz\u00f3n la vida pol\u00edtica ac\u00e1 es inmensa, uno de los distritos m\u00e1s politizados desde la vuelta de la democracia.&nbsp; Ejemplo de ello son el encuentro de la c\u00fapula del ERP en La Pastoril, ac\u00e1 hubo muchos desaparecidos y desaparecidas, y de por s\u00ed Moreno es muy peronista\u00bb.&nbsp;<\/p>\n\n\n\n<blockquote class=\"wp-block-quote is-layout-flow wp-block-quote-is-layout-flow\"><p><em> Yo veo un Moreno politizado de toda la vida, una historia de lucha, de movimientos pol\u00edticos, sociales, culturales, desde que tengo uso de raz\u00f3n la vida pol\u00edtica ac\u00e1 es inmensa, uno de los distritos m\u00e1s politizados desde la vuelta de la democracia. <\/em><\/p><\/blockquote>\n\n\n\n<p><strong>Por fuera del territorio, o mejor, ampliando la escala, la militancia feminista de Lorena es muy activa.<\/strong> Como integrante del feminismo es coordinadora, colaboradora y trabajadora del Departamento de G\u00e9nero de ATE a nivel nacional, desde donde organiza la log\u00edstica para los encuentros nacionales de mujeres. Tambi\u00e9n fue colaboradora de la Secretar\u00eda de G\u00e9nero de la CTA Aut\u00f3noma, desde donde form\u00f3 parte del debate por el protocolo contra la violencia y el acoso en el mundo del trabajo. Adem\u00e1s, particip\u00f3 de la diplomatura de g\u00e9nero en conjunto con la Facultad de Filosof\u00eda y Letras, la \u201cDiplomatura en G\u00e9nero y participaci\u00f3n sindical con perspectiva feminista\u201d.&nbsp;<\/p>\n\n\n\n<h5 class=\"wp-block-heading\">Lorena Alderete, feminista en la lista del Frente de Todos&nbsp;<\/h5>\n\n\n\n<p>Por otro lado, desde el Movimiento 29 de mayo&nbsp;construyen y entrelazan con diferentes movimientos desde la conformaci\u00f3n de la coordinadora de lucha de los movimientos sociales de Moreno en el 2005, de las cuales va a ser parte el Movimiento Evita y desde donde \u201c<strong>se da una lucha contra el hambre y contra el Neoliberalismo<\/strong>\u201d.&nbsp;<\/p>\n\n\n\n<p>Cuando Mariel asume como intendenta, \u201c<strong>lo primero que pensamos es acompa\u00f1ar la gesti\u00f3n, y durante la pandemia acompa\u00f1amos y ayudamos a sostener las ollas de manera triplicada a lo que ven\u00edamos haciendo<\/strong>, porque hab\u00eda que decirle a la gente que se quede en su casa, pero muchos no ten\u00edan para comer e hizo falta garantizarle un plato de comida, y lo tomamos con mucha responsabilidad y dedicaci\u00f3n\u201d. <strong>Es desde ese trabajo territorial que Mariel nos invita a ser parte de la lista, y por eso nos sentimos orgullosos, porque hay una lista muy diferente a las anteriores, con un entramado muy diferente<\/strong>\u00ab.&nbsp;<\/p>\n\n\n\n<p>&nbsp;Se refiere las variadas<strong> irrupciones de actores sociales que la conforman,<\/strong> a la integraci\u00f3n del feminismo, pero tambi\u00e9n de la diversidad, de la juventud; actores sociales y luchas que se encontraron en el territorio, y que tiene que ver, adem\u00e1s, \u00abcon un cambio de paradigma y con una respuesta de Mariel Fern\u00e1ndez a la demanda de vecinos y vecinas de Moreno\u00bb.&nbsp;<\/p>\n\n\n\n<p>El feminismo tiene que tener representaci\u00f3n en la lista, considera Lorena, y explica por qu\u00e9:\u00a0\u201cEl feminismo es transversal y los encuentros de mujeres son ejemplo de ello, porque ah\u00ed viene cada\u00a0cual,\u00a0con sus banderas, pero con unidad en la lucha, a derribar la desigualdad, a derribar el patriarcado, a ampliar derechos, a luchar contra los abusos y las violaciones, a hablar de la ESI\u201d. Por tanto, el feminismo popular \u201cest\u00e1 teniendo un valor muy importante en Latinoam\u00e9rica porque est\u00e1 dando respuesta y alcanzando ciertas luchas, como la del aborto en Argentina\u201d.\u00a0<\/p>\n\n\n\n<p>Los j\u00f3venes son otro actor fundamental y cuya representatividad es notable en la lista del Frente de Todos.&nbsp;\u201cAs\u00ed como&nbsp;desde el feminismo planteamos la idea de ocupar espacios, lo mismo sucede con los j\u00f3venes, hay que darles lugar,&nbsp;son quienes tienen una vida pol\u00edtica bastante ardua, con mucha militancia y poca representaci\u00f3n\u201d, plantea. Pero no son solo ellos los que piden el espacio, sino tambi\u00e9n es un reclamo de la sociedad, reflexiona. \u201cCreo que la intendenta supo ver el cansancio de vecinas y vecinos cansados de ver siempre a los mismos personajes y formas de hacer pol\u00edtica que se aleja de ellos, entonces apost\u00f3 a la juventud, a las nuevas generaciones que son quienes traen un aire fresco y tienen que ponerse al frente de la vida pol\u00edtica\u201d.&nbsp;<\/p>\n\n\n\n<blockquote class=\"wp-block-quote is-layout-flow wp-block-quote-is-layout-flow\"><p><em>Creo que la intendenta supo ver el cansancio de vecinas y vecinos cansados de ver siempre a los mismos personajes y formas de hacer pol\u00edtica que se aleja de ellos, entonces apost\u00f3 a la juventud, a las nuevas generaciones que son quienes traen un aire fresco y tienen que ponerse al frente de la vida pol\u00edtica<\/em>.<\/p><\/blockquote>\n\n\n\n<p>Todas esas organizaciones sociales, diversidades y juventudes, de acuerdo a Lorena, tienen una coincidencia en tiempo y espacio. <strong>Se encontraron laburando en el territorio y forman parte del entramado que se fue dando en el barrio, en la convivencia y en el compromiso de dar respuesta a los sectores m\u00e1s populares, en las barriadas, y somos quienes hoy representamos en la lista a los sectores del cual venimos, una lista que se arm\u00f3 sobre la base del trabajo que se vio<\/strong>\u201d.&nbsp;<\/p>\n\n\n\n<blockquote class=\"wp-block-quote is-layout-flow wp-block-quote-is-layout-flow\"><p><em> No soy Lorena Alderete la candidata, sino que soy una candidata que lleva la representatividad asamblearia, las voces de una asamblea con m\u00e1s de 35 barrios, y eso tambi\u00e9n marca la diferencia entre la pol\u00edtica tradicional y la pol\u00edtica que venimos pensando<\/em>.<\/p><\/blockquote>\n\n\n\n<p>Por \u00faltimo, resalt\u00f3 que \u201cpara m\u00ed es un orgullo estar en la lista porque no soy Lorena Alderete la candidata, sino que soy una candidata que lleva la representatividad asamblearia, las voces de una asamblea con m\u00e1s de 35 barrios, y eso tambi\u00e9n marca la diferencia entre la pol\u00edtica tradicional y la pol\u00edtica que venimos pensando\u201d. As\u00ed, conformaron la Agrupaci\u00f3n 8 M, cuya candidata tiene nombre y apellido, pero representa una lucha hist\u00f3rica, feminista y territorial.&nbsp;<\/p>\n\n\n\n<p><\/p>\n\n\n\n<figure class=\"wp-block-image size-full\"><a href=\"https:\/\/morenoprimero.com.ar\/wp-content\/uploads\/2021\/08\/image-7.png\"><img loading=\"lazy\" decoding=\"async\" width=\"719\" height=\"404\" src=\"https:\/\/morenoprimero.com.ar\/wp-content\/uploads\/2021\/08\/image-7.png\" alt=\"\" class=\"wp-image-16244\" srcset=\"https:\/\/morenoprimero.com.ar\/archivo\/wp-content\/uploads\/2021\/08\/image-7.png 719w, https:\/\/morenoprimero.com.ar\/archivo\/wp-content\/uploads\/2021\/08\/image-7-300x169.png 300w\" sizes=\"auto, (max-width: 719px) 100vw, 719px\" \/><\/a><\/figure>\n","protected":false},"excerpt":{"rendered":"<p>De militar la candidatura a concejal de su padre con la vuelta de la democracia, a candidata a concejal en el Frente de Todos. En el feminismo popular, encontr\u00f3 su camino de lucha. Ve al Movimiento Feminista como una experiencia &hellip; <a href=\"https:\/\/morenoprimero.com.ar\/archivo\/lorena-alderete-y-una-historia-de-lucha-feminista-popular-en-moreno\/\">Sigue leyendo <span class=\"meta-nav\">&rarr;<\/span><\/a><\/p>\n","protected":false},"author":6,"featured_media":16282,"comment_status":"closed","ping_status":"closed","sticky":false,"template":"","format":"standard","meta":{"footnotes":""},"categories":[2328,4],"tags":[772,666,2873,6],"class_list":["post-16234","post","type-post","status-publish","format-standard","has-post-thumbnail","hentry","category-local","category-notas","tag-feminismo","tag-frente-de-todos-moreno","tag-lorena-alderete","tag-moreno"],"_links":{"self":[{"href":"https:\/\/morenoprimero.com.ar\/archivo\/wp-json\/wp\/v2\/posts\/16234","targetHints":{"allow":["GET"]}}],"collection":[{"href":"https:\/\/morenoprimero.com.ar\/archivo\/wp-json\/wp\/v2\/posts"}],"about":[{"href":"https:\/\/morenoprimero.com.ar\/archivo\/wp-json\/wp\/v2\/types\/post"}],"author":[{"embeddable":true,"href":"https:\/\/morenoprimero.com.ar\/archivo\/wp-json\/wp\/v2\/users\/6"}],"replies":[{"embeddable":true,"href":"https:\/\/morenoprimero.com.ar\/archivo\/wp-json\/wp\/v2\/comments?post=16234"}],"version-history":[{"count":10,"href":"https:\/\/morenoprimero.com.ar\/archivo\/wp-json\/wp\/v2\/posts\/16234\/revisions"}],"predecessor-version":[{"id":16280,"href":"https:\/\/morenoprimero.com.ar\/archivo\/wp-json\/wp\/v2\/posts\/16234\/revisions\/16280"}],"wp:featuredmedia":[{"embeddable":true,"href":"https:\/\/morenoprimero.com.ar\/archivo\/wp-json\/wp\/v2\/media\/16282"}],"wp:attachment":[{"href":"https:\/\/morenoprimero.com.ar\/archivo\/wp-json\/wp\/v2\/media?parent=16234"}],"wp:term":[{"taxonomy":"category","embeddable":true,"href":"https:\/\/morenoprimero.com.ar\/archivo\/wp-json\/wp\/v2\/categories?post=16234"},{"taxonomy":"post_tag","embeddable":true,"href":"https:\/\/morenoprimero.com.ar\/archivo\/wp-json\/wp\/v2\/tags?post=16234"}],"curies":[{"name":"wp","href":"https:\/\/api.w.org\/{rel}","templated":true}]}}