{"id":16183,"date":"2021-08-02T17:47:50","date_gmt":"2021-08-02T20:47:50","guid":{"rendered":"https:\/\/morenoprimero.com.ar\/?p=16183"},"modified":"2021-08-02T17:47:51","modified_gmt":"2021-08-02T20:47:51","slug":"moreno-sigue-exigiendo-justicia-a-los-responsables-politicos-de-los-asesinatos-laborales-de-sandra-y-ruben","status":"publish","type":"post","link":"https:\/\/morenoprimero.com.ar\/archivo\/moreno-sigue-exigiendo-justicia-a-los-responsables-politicos-de-los-asesinatos-laborales-de-sandra-y-ruben\/","title":{"rendered":"Moreno sigue exigiendo justicia a los responsables pol\u00edticos de los asesinatos laborales de Sandra y Rub\u00e9n"},"content":{"rendered":"\n<p>Un 2 de agosto del a\u00f1o 2018 explotaba la<strong> Escuela N\u00b049 \u201cNicol\u00e1s Avellaneda\u201d <\/strong>producto de una p\u00e9rdida de gas. La tragedia se cobr\u00f3 la vida de <strong>Sandra Calamano<\/strong>, vicedirectora de la escuela, y<strong> Rub\u00e9n Rodr\u00edguez<\/strong>, auxiliar de porter\u00eda.&nbsp;&nbsp;<\/p>\n\n\n\n<p>Familiares de Sandra y Rub\u00e9n, trabajadoras y trabajadores de la Educaci\u00f3n, familias de Moreno, sindicatos, organizaciones sociales y pol\u00edticas, y toda la comunidad educativa se congregaron espont\u00e1neamente para exigir justicia. <strong>El dolor se transform\u00f3 en lucha y organizaci\u00f3n, adem\u00e1s de justicia, se exigi\u00f3 escuelas dignas y seguras.&nbsp;<\/strong><\/p>\n\n\n\n<p>Hoy como ayer, el pedido es el mismo. A tres a\u00f1os de la tragedia hubo un acto homenaje en la escuela N\u00b049 a las 8.06 de la ma\u00f1ana, horario en que ocurri\u00f3 la explosi\u00f3n. Luego, a las 10 de la ma\u00f1ana, la cita fue en el <strong>Consejo Escolar de Moreno <\/strong>y la consigna se encontraba escrita claramente en el escenario: <strong>Justicia por Sandra y Rub\u00e9n.&nbsp;<\/strong><\/p>\n\n\n\n<p>Descubrieron el cartel de se\u00f1alizaci\u00f3n del <strong>Pasaje \u201cSandra y Rub\u00e9n\u201d <\/strong>sobre la Av. Victorica, entre Mitre y Piovano. Luego, se trasladaron a la <strong>fiscal\u00eda de Moreno<\/strong> con la consigna que desde primeras horas del d\u00eda, y desde hace 3 a\u00f1os, invade las calles de <strong>Moreno<\/strong>.&nbsp;&nbsp;<\/p>\n\n\n\n<p>Cada persona que levant\u00f3 su voz en el escenario record\u00f3 a <strong>Sandra y Rub\u00e9n <\/strong>y su compromiso con la<strong> educaci\u00f3n p\u00fablica<\/strong>, como as\u00ed tambi\u00e9n record\u00f3 a los responsables de la tragedia, y critic\u00f3 que ocupan bancas en el gobierno y sean candidatos, tal es el caso de<strong> Mar\u00eda Eugenia Vidal.<\/strong><\/p>\n\n\n\n<p><strong>Oscar \u00abColo\u00bb de Isasi, Secretario General ATE y Provincia de Buenos Aires y Secretario General CTA Aut\u00f3noma Provincia de Buenos Aires, <\/strong>tom\u00f3 la palabra y expres\u00f3 que \u201cFueron dos muertes con causas evitables, que se podr\u00eda haber evitado si el gobierno de la \u00e9poca hubiera invertido en lo que ten\u00eda que invertir para que haya escuelas seguras para los pibes y trabajadores y trabajadoras de la educaci\u00f3n.\u201d y agreg\u00f3 que \u201cPero ese dolor, fue nutrido de la sabidur\u00eda del pueblo de Moreno. <strong>Un pueblo que transform\u00f3 ese dolor en bronca, que transform\u00f3 esa bronca en organizaci\u00f3n, y esa organizaci\u00f3n deriv\u00f3 en la lucha. <\/strong>En la lucha, no solo por exigir justicia como hoy tambi\u00e9n estamos exigiendo para Sandra y Rub\u00e9n, sino tambi\u00e9n en la lucha para mejorar las condiciones estructurales de la escuela p\u00fablica que <strong>hab\u00eda sido destru\u00edda por el gobierno de Mar\u00eda Eugenia Vidal y de Maruicio Macri<\/strong>. Y se convirti\u00f3 as\u00ed en un faro de resistencia a un gobierno que despreciaba la educaci\u00f3n p\u00fablica. El <strong>morenazo <\/strong>no solo se convirti\u00f3 en una <strong>expresi\u00f3n de exigencia de justicia<\/strong>, sino en un <strong>faro de la lucha contra el neoliberalismo.&nbsp;<\/strong><\/p>\n\n\n\n<p>Finaliz\u00f3 su intervenci\u00f3n diciendo que: \u201cA 3 a\u00f1os del asesinato de Sandra y Rub\u00e9n, desde la <strong>Asociaci\u00f3n Trabajadores del Estado<\/strong> (ATE), desde la <strong>CTA aut\u00f3noma de la Provincia de Buenos Aires<\/strong>, reafirmamos nuestra lucha por la educaci\u00f3n p\u00fablica, nuestra lucha por los derechos de los trabajadores y trabajadoras de la educaci\u00f3n, nuestra lucha por los derechos de los pibes y las pibas de una educaci\u00f3n de calidad y segura. <strong>Nuestra lucha por justicia por Sandra y Rub\u00e9n, y nuestra lucha por un Estado participativo, democr\u00e1tico y popular que est\u00e9 al servicio de los m\u00e1s humildes.\u201d<\/strong><\/p>\n\n\n\n<figure class=\"wp-block-image size-large\"><a href=\"https:\/\/morenoprimero.com.ar\/wp-content\/uploads\/2021\/08\/WhatsApp-Image-2021-08-02-at-1.06.40-PM-2.jpeg\"><img loading=\"lazy\" decoding=\"async\" width=\"857\" height=\"1024\" src=\"https:\/\/morenoprimero.com.ar\/wp-content\/uploads\/2021\/08\/WhatsApp-Image-2021-08-02-at-1.06.40-PM-2-857x1024.jpeg\" alt=\"\" class=\"wp-image-16185\" srcset=\"https:\/\/morenoprimero.com.ar\/archivo\/wp-content\/uploads\/2021\/08\/WhatsApp-Image-2021-08-02-at-1.06.40-PM-2-857x1024.jpeg 857w, https:\/\/morenoprimero.com.ar\/archivo\/wp-content\/uploads\/2021\/08\/WhatsApp-Image-2021-08-02-at-1.06.40-PM-2-251x300.jpeg 251w, https:\/\/morenoprimero.com.ar\/archivo\/wp-content\/uploads\/2021\/08\/WhatsApp-Image-2021-08-02-at-1.06.40-PM-2-768x918.jpeg 768w, https:\/\/morenoprimero.com.ar\/archivo\/wp-content\/uploads\/2021\/08\/WhatsApp-Image-2021-08-02-at-1.06.40-PM-2.jpeg 898w\" sizes=\"auto, (max-width: 857px) 100vw, 857px\" \/><\/a><\/figure>\n\n\n\n<p>Continu\u00f3 <strong>Mar\u00eda Laura Torres, Secretaria Gremial de SUTEBA, <\/strong>quien en nombre de todos los docentes bonaerenses record\u00f3 que \u201cEsto no fue un accidente: lo dijimos desde el primer d\u00eda. Pudo ser evitado, porque hay que tener memoria y no hay que olvidar, que \u00edbamos sistem\u00e1ticamente a las puertas de esa <strong>Direcci\u00f3n General de Cultura y Educaci\u00f3n<\/strong> que estaba cerrada con candado y con rejas, y que estaba gobernada de la mano de Mar\u00eda Eugenia Vidal y del Director General de Escuela de ese momento, que<strong> nunca nos abrieron las puertas para escuchar y saber que no solamente la Escuela 49 de Moreno era una de las que estaba en situaci\u00f3n de riesgo.<\/strong>\u201d&nbsp;<\/p>\n\n\n\n<p><strong>Torres <\/strong>continu\u00f3 expresando que&nbsp; \u201cfue as\u00ed como la unidad de todos los y las docentes en ese <strong>Frente de Unidad Bonaerense<\/strong>, sistem\u00e1ticamente march\u00e1bamos para denunciar que hab\u00eda un Estado no solamente ausente, sino que a parte desfinanciaba la educaci\u00f3n p\u00fablica en su totalidad, tambi\u00e9n en la infraestructura. Y <strong>la unidad, y la insistencia de todos los trabajadores y las trabajadoras fue lo que hizo posible, junto con los movimientos sociales, que ac\u00e1 en ese mismo lugar, desde el primer d\u00eda, hubiese una imagen de lucha, de fuerza, de unidad.&nbsp;<\/strong><\/p>\n\n\n\n<p>A su vez, destac\u00f3 que \u201cpor eso hoy <strong>tenemos una Provincia diferente, y tambi\u00e9n tenemos un Moreno diferente.<\/strong> Tenemos una Provincia que est\u00e1 triplicando el presupuesto en infraestructura escolar. Estamos en el camino de eso que nosotros decimos justicia, porque<strong> decir justicia por Sandra y por Rub\u00e9n es decir escuelas seguras para todas y para todos nuestros pibes y pibas. <\/strong>Decir escuelas seguras es decir que hay un Estado presente en un momento muy dif\u00edcil que est\u00e1 viviendo el mundo entero por la pandemia.\u201d&nbsp;<\/p>\n\n\n\n<p>Por su parte, <strong>Micaela Junco, en representaci\u00f3n de estudiantes de terciarios <\/strong>enunci\u00f3 que \u201cEse tremendo dolor que sentimos los que amamos a la educaci\u00f3n p\u00fablica, de que nos hab\u00edan matado dos compa\u00f1eros en la escuela, en el lugar m\u00e1s seguro que pensamos para nuestros ni\u00f1os y compa\u00f1eros. Yo no quiero dejar de decirlo: <strong>fue Mar\u00eda Eugenia Vidal.<\/strong> Hay que nombrarlo, hay que decirlo, porque esta mujer sigue haciendo pol\u00edtica y sigue siendo candidata. En el 2018<strong> le dijimos que con Moreno no pod\u00eda, y con Moreno no pudo.\u201d<\/strong><\/p>\n\n\n\n<p>Y agreg\u00f3 que \u201cNosotros como estudiantes terciarios, futuros docentes, tenemos en claro que somos la bandera de lucha que nos va a acompa\u00f1ar para siempre. <strong>Como morenenses y como comunidad educativa tenemos que estar orgullosos, porque por meses resistimos, en el acampe.<\/strong>\u201d Y record\u00f3 que \u201cLos terciarios estaban cerrados porque no estaban en condiciones, y nosotros estuvimos en cada vereda, porque los docentes nunca dejaron de trabajar. Y les dec\u00edan que eran vagos, <strong>ten\u00edamos clase en la calle y rend\u00edamos parcial en la calle.<\/strong> Cuando ellos hablan de <strong>educaci\u00f3n p\u00fablica,<\/strong> no tienen ni idea de lo que hablan, porque no la conocen. <strong>Entonces recordemos una y mil veces que son responsables pol\u00edticos de nuestros compa\u00f1eros.\u201d<\/strong><br><strong>Mariana Catanneo, Secretaria General de SUTEBA Moreno <\/strong>expres\u00f3 que \u201cNos hab\u00edamos movilizado tantas veces, para pedir que escuchen nuestros reclamos, que reparen nuestras escuelas. Y ellos <strong>se dedicaron a vaciar el consejo, a abandonarnos. <\/strong>Dejaron libre a las escuelas para que sobrevivan bajo la l\u00ednea de subsistencia. Eso fue lo que hicieron, y no nos olvidamos, por eso estamos ac\u00e1. Porque <strong>vamos a seguir exigiendo justicia.\u201d<\/strong><\/p>\n\n\n\n<figure class=\"wp-block-image size-full\"><a href=\"https:\/\/morenoprimero.com.ar\/wp-content\/uploads\/2021\/08\/WhatsApp-Image-2021-08-02-at-1.06.40-PM-1.jpeg\"><img loading=\"lazy\" decoding=\"async\" width=\"720\" height=\"763\" src=\"https:\/\/morenoprimero.com.ar\/wp-content\/uploads\/2021\/08\/WhatsApp-Image-2021-08-02-at-1.06.40-PM-1.jpeg\" alt=\"\" class=\"wp-image-16186\" srcset=\"https:\/\/morenoprimero.com.ar\/archivo\/wp-content\/uploads\/2021\/08\/WhatsApp-Image-2021-08-02-at-1.06.40-PM-1.jpeg 720w, https:\/\/morenoprimero.com.ar\/archivo\/wp-content\/uploads\/2021\/08\/WhatsApp-Image-2021-08-02-at-1.06.40-PM-1-283x300.jpeg 283w\" sizes=\"auto, (max-width: 720px) 100vw, 720px\" \/><\/a><\/figure>\n","protected":false},"excerpt":{"rendered":"<p>Un 2 de agosto del a\u00f1o 2018 explotaba la Escuela N\u00b049 \u201cNicol\u00e1s Avellaneda\u201d producto de una p\u00e9rdida de gas. La tragedia se cobr\u00f3 la vida de Sandra Calamano, vicedirectora de la escuela, y Rub\u00e9n Rodr\u00edguez, auxiliar de porter\u00eda.&nbsp;&nbsp; Familiares de &hellip; <a href=\"https:\/\/morenoprimero.com.ar\/archivo\/moreno-sigue-exigiendo-justicia-a-los-responsables-politicos-de-los-asesinatos-laborales-de-sandra-y-ruben\/\">Sigue leyendo <span class=\"meta-nav\">&rarr;<\/span><\/a><\/p>\n","protected":false},"author":6,"featured_media":16184,"comment_status":"closed","ping_status":"closed","sticky":false,"template":"","format":"standard","meta":{"footnotes":""},"categories":[2328],"tags":[2862,2861,290],"class_list":["post-16183","post","type-post","status-publish","format-standard","has-post-thumbnail","hentry","category-local","tag-cta","tag-maria-eugenia-vidal","tag-sandra-y-ruben"],"_links":{"self":[{"href":"https:\/\/morenoprimero.com.ar\/archivo\/wp-json\/wp\/v2\/posts\/16183","targetHints":{"allow":["GET"]}}],"collection":[{"href":"https:\/\/morenoprimero.com.ar\/archivo\/wp-json\/wp\/v2\/posts"}],"about":[{"href":"https:\/\/morenoprimero.com.ar\/archivo\/wp-json\/wp\/v2\/types\/post"}],"author":[{"embeddable":true,"href":"https:\/\/morenoprimero.com.ar\/archivo\/wp-json\/wp\/v2\/users\/6"}],"replies":[{"embeddable":true,"href":"https:\/\/morenoprimero.com.ar\/archivo\/wp-json\/wp\/v2\/comments?post=16183"}],"version-history":[{"count":1,"href":"https:\/\/morenoprimero.com.ar\/archivo\/wp-json\/wp\/v2\/posts\/16183\/revisions"}],"predecessor-version":[{"id":16187,"href":"https:\/\/morenoprimero.com.ar\/archivo\/wp-json\/wp\/v2\/posts\/16183\/revisions\/16187"}],"wp:featuredmedia":[{"embeddable":true,"href":"https:\/\/morenoprimero.com.ar\/archivo\/wp-json\/wp\/v2\/media\/16184"}],"wp:attachment":[{"href":"https:\/\/morenoprimero.com.ar\/archivo\/wp-json\/wp\/v2\/media?parent=16183"}],"wp:term":[{"taxonomy":"category","embeddable":true,"href":"https:\/\/morenoprimero.com.ar\/archivo\/wp-json\/wp\/v2\/categories?post=16183"},{"taxonomy":"post_tag","embeddable":true,"href":"https:\/\/morenoprimero.com.ar\/archivo\/wp-json\/wp\/v2\/tags?post=16183"}],"curies":[{"name":"wp","href":"https:\/\/api.w.org\/{rel}","templated":true}]}}