{"id":1618,"date":"2020-08-24T15:14:13","date_gmt":"2020-08-24T15:14:13","guid":{"rendered":"https:\/\/morenoprimero.com.ar\/?p=1618"},"modified":"2020-08-24T15:14:13","modified_gmt":"2020-08-24T15:14:13","slug":"el-merendero-amor-por-los-ninos-necesita-donaciones","status":"publish","type":"post","link":"https:\/\/morenoprimero.com.ar\/archivo\/el-merendero-amor-por-los-ninos-necesita-donaciones\/","title":{"rendered":"EL MERENDERO \u00abAMOR POR LOS NI\u00d1OS\u00bb NECESITA DONACIONES"},"content":{"rendered":"\n<p><strong>En di\u00e1logo con Moreno Primero, Isabel, quien fund\u00f3 este comedor en conjunto con las vecinas y vecinos del barrio 2 de abril en Moreno, cuenta acerca de lo dif\u00edcil que se les hace juntar donaciones.<\/strong><\/p>\n\n\n\n<figure class=\"wp-block-image size-large\"><img loading=\"lazy\" decoding=\"async\" width=\"768\" height=\"1024\" src=\"https:\/\/morenoprimero.com.ar\/wp-content\/uploads\/2020\/08\/WhatsApp-Image-2020-08-24-at-9.03.14-AM-768x1024.jpeg\" alt=\"\" class=\"wp-image-1625\" srcset=\"https:\/\/morenoprimero.com.ar\/archivo\/wp-content\/uploads\/2020\/08\/WhatsApp-Image-2020-08-24-at-9.03.14-AM-768x1024.jpeg 768w, https:\/\/morenoprimero.com.ar\/archivo\/wp-content\/uploads\/2020\/08\/WhatsApp-Image-2020-08-24-at-9.03.14-AM-225x300.jpeg 225w, https:\/\/morenoprimero.com.ar\/archivo\/wp-content\/uploads\/2020\/08\/WhatsApp-Image-2020-08-24-at-9.03.14-AM.jpeg 774w\" sizes=\"auto, (max-width: 768px) 100vw, 768px\" \/><\/figure>\n\n\n\n<p>El comedor y merendero \u00abAmor por los ni\u00f1os\u00bb funciona hace siete a\u00f1os <em>a puro pulm\u00f3n<\/em> como nos cont\u00f3 Isabel, una de las fundadoras de la asociaci\u00f3n. El comedor funciona sobre la calle Pinazo en el barrio 2 de Abril, Cuartel V, Moreno.<\/p>\n\n\n\n<p>Entregan viandas a 150 personas (alrededor de 35 familias). <em>Quisi\u00e9ramos entregar todos los d\u00edas, pero no siempre alcanza. Somos seis personas que cocinamos, envasamos y entregamos la comida <\/em>a <em>quien lo necesite.<\/em><\/p>\n\n\n\n<p><em>Para el d\u00eda de la ni\u00f1ez realizamos una rifa nosotras y con eso pudimos juntar plata y juguetes para que cada ni\u00f1o y ni\u00f1a pueda tener su regalito.<\/em><\/p>\n\n\n\n<figure class=\"wp-block-image size-large\"><img loading=\"lazy\" decoding=\"async\" width=\"768\" height=\"1024\" src=\"https:\/\/morenoprimero.com.ar\/wp-content\/uploads\/2020\/08\/WhatsApp-Image-2020-08-24-at-9.03.15-AM-1-768x1024.jpeg\" alt=\"\" class=\"wp-image-1631\" srcset=\"https:\/\/morenoprimero.com.ar\/archivo\/wp-content\/uploads\/2020\/08\/WhatsApp-Image-2020-08-24-at-9.03.15-AM-1-768x1024.jpeg 768w, https:\/\/morenoprimero.com.ar\/archivo\/wp-content\/uploads\/2020\/08\/WhatsApp-Image-2020-08-24-at-9.03.15-AM-1-225x300.jpeg 225w, https:\/\/morenoprimero.com.ar\/archivo\/wp-content\/uploads\/2020\/08\/WhatsApp-Image-2020-08-24-at-9.03.15-AM-1.jpeg 774w\" sizes=\"auto, (max-width: 768px) 100vw, 768px\" \/><\/figure>\n\n\n\n<p>El merendero \u00abAmor por los ni\u00f1os\u00bb no tiene techo ni sillas por eso es que necesitan donaciones de todo tipo. Desde materiales como chapas, tirantes, garrafas, le\u00f1a hasta donaciones de comida, calzado, ropa y bebidas. <\/p>\n\n\n\n<p>Hasta la donaci\u00f3n m\u00e1s peque\u00f1a ayuda, podes colaborar comunic\u00e1ndote al:<\/p>\n\n\n\n<p><strong>11 69 64 57 69<\/strong> (Isabel)<\/p>\n\n\n\n<p><strong>11 30 77 19 48<\/strong> (Celeste)  <\/p>\n","protected":false},"excerpt":{"rendered":"<p>En di\u00e1logo con Moreno Primero, Isabel, quien fund\u00f3 este comedor en conjunto con las vecinas y vecinos del barrio 2 de abril en Moreno, cuenta acerca de lo dif\u00edcil que se les hace juntar donaciones. El comedor y merendero \u00abAmor &hellip; <a href=\"https:\/\/morenoprimero.com.ar\/archivo\/el-merendero-amor-por-los-ninos-necesita-donaciones\/\">Sigue leyendo <span class=\"meta-nav\">&rarr;<\/span><\/a><\/p>\n","protected":false},"author":6,"featured_media":1633,"comment_status":"open","ping_status":"open","sticky":false,"template":"","format":"standard","meta":{"footnotes":""},"categories":[21,5,20],"tags":[471,472,6],"class_list":["post-1618","post","type-post","status-publish","format-standard","has-post-thumbnail","hentry","category-interes-general","category-recomendadas","category-sociedad","tag-barrio-2-de-abril","tag-donaciones","tag-moreno"],"_links":{"self":[{"href":"https:\/\/morenoprimero.com.ar\/archivo\/wp-json\/wp\/v2\/posts\/1618","targetHints":{"allow":["GET"]}}],"collection":[{"href":"https:\/\/morenoprimero.com.ar\/archivo\/wp-json\/wp\/v2\/posts"}],"about":[{"href":"https:\/\/morenoprimero.com.ar\/archivo\/wp-json\/wp\/v2\/types\/post"}],"author":[{"embeddable":true,"href":"https:\/\/morenoprimero.com.ar\/archivo\/wp-json\/wp\/v2\/users\/6"}],"replies":[{"embeddable":true,"href":"https:\/\/morenoprimero.com.ar\/archivo\/wp-json\/wp\/v2\/comments?post=1618"}],"version-history":[{"count":3,"href":"https:\/\/morenoprimero.com.ar\/archivo\/wp-json\/wp\/v2\/posts\/1618\/revisions"}],"predecessor-version":[{"id":1654,"href":"https:\/\/morenoprimero.com.ar\/archivo\/wp-json\/wp\/v2\/posts\/1618\/revisions\/1654"}],"wp:featuredmedia":[{"embeddable":true,"href":"https:\/\/morenoprimero.com.ar\/archivo\/wp-json\/wp\/v2\/media\/1633"}],"wp:attachment":[{"href":"https:\/\/morenoprimero.com.ar\/archivo\/wp-json\/wp\/v2\/media?parent=1618"}],"wp:term":[{"taxonomy":"category","embeddable":true,"href":"https:\/\/morenoprimero.com.ar\/archivo\/wp-json\/wp\/v2\/categories?post=1618"},{"taxonomy":"post_tag","embeddable":true,"href":"https:\/\/morenoprimero.com.ar\/archivo\/wp-json\/wp\/v2\/tags?post=1618"}],"curies":[{"name":"wp","href":"https:\/\/api.w.org\/{rel}","templated":true}]}}