{"id":16129,"date":"2021-07-30T18:58:12","date_gmt":"2021-07-30T21:58:12","guid":{"rendered":"https:\/\/morenoprimero.com.ar\/?p=16129"},"modified":"2021-07-30T19:38:25","modified_gmt":"2021-07-30T22:38:25","slug":"la-provincia-ya-envio-100-mil-turnos-para-chicos-y-chicas-de-12-a-17-anos-de-grupos-priorizados","status":"publish","type":"post","link":"https:\/\/morenoprimero.com.ar\/archivo\/la-provincia-ya-envio-100-mil-turnos-para-chicos-y-chicas-de-12-a-17-anos-de-grupos-priorizados\/","title":{"rendered":"La Provincia ya envi\u00f3 100 mil turnos para chicos y chicas de 12 a 17 a\u00f1os de grupos priorizados"},"content":{"rendered":"\n<p>La provincia de Buenos Aires ya envi\u00f3 los primeros 100 mil turnos para menores de edad, de 12 a 17 a\u00f1os priorizados por sus condiciones de salud, que comenzar\u00e1n a aplicarse desde el pr\u00f3ximo martes 3 de agosto. Es indispensable que los chicos y chicas de 12 a\u00f1os concurran al vacunatorio con un responsable afectivo.<br><br>En Buenos Aires Vacunate la inscripci\u00f3n se encuentra abierta para todo el grupo etario de 12 a 17 a\u00f1os y se inicia en esta etapa la inmunizaci\u00f3n de aquellos que poseen condiciones de salud que implican mayor riesgo. Esta semana la provincia de Buenos Aires recibi\u00f3 a trav\u00e9s de la distribuci\u00f3n realizada por el Gobierno Nacional, m\u00e1s de 300 mil dosis de la vacuna de Moderna, aprobada para uso pedi\u00e1trico.<br>Quienes deseen registrarse en el plan de vacunaci\u00f3n p\u00fablico, gratuito y optativo, pueden hacerlo desde la web&nbsp;<a rel=\"noreferrer noopener\" href=\"http:\/\/vacunatepba.gba.gob.ar\/\" target=\"_blank\">vacunatepba.gba.gob.ar<\/a>&nbsp;o a trav\u00e9s de la aplicaci\u00f3n VacunatePBA.<br><br>De acuerdo a los lineamientos establecidos a nivel nacional, la vacunaci\u00f3n correspondiente a la franja etaria de 12 a 17 a\u00f1os incluye las siguientes condiciones priorizadas:<br><br>\u2022Diabetes tipo 1 o 2.<br>\u2022Obesidad grado 2 (IMC &gt; 35) y grado 3 (IMC &gt; 40).<br>\u2022Enfermedad cardiovascular cr\u00f3nica: Insuficiencia card\u00edaca, enfermedad coronaria, valvulopat\u00edas, miocardiopat\u00edas, hipertensi\u00f3n pulmonar, cardiopat\u00edas cong\u00e9nitas.<br>\u2022Enfermedad renal cr\u00f3nica (incluidos pacientes en di\u00e1lisis cr\u00f3nica y trasplantes) y s\u00edndrome nefr\u00f3tico.<br>\u2022Enfermedad respiratoria cr\u00f3nica: Enfermedad pulmonar obstructiva cr\u00f3nica (EPOC), fibrosis qu\u00edstica, enfermedad intersticial pulmonar, asma grave; requerimiento de ox\u00edgeno terapia; enfermedad grave de la v\u00eda a\u00e9rea; hospitalizaciones por asma.&nbsp;<br>\u2022Enfermedad hep\u00e1tica: Cirrosis, hepatitis autoinmune.<br>\u2022Personas que viven con VIH independientemente del CD4 y CV.<br>\u2022Pacientes en lista de espera para trasplantes de \u00f3rganos s\u00f3lidos y trasplantes de c\u00e9lulas hematopoy\u00e9ticas.<br>\u2022Pacientes oncol\u00f3gicos y oncohematol\u00f3gicos con diagn\u00f3stico reciente o \u201cactiva\u201d.&nbsp;<br>\u2022Personas con tuberculosis activa.\u2022Personas con discapacidad intelectual y del desarrollo.&nbsp;<br>\u2022S\u00edndrome de Down.<br>\u2022Personas con enfermedades autoinmunes y\/o tratamientos inmunosupresores, inmunomoduladores o biol\u00f3gicos.&nbsp;<br>\u2022Adolescentes que viven en lugares de larga estancia.<br>\u2022Personas gestantes de 12 a 17 a\u00f1os con indicaci\u00f3n individual.<br>\u2022Personas con carnet \u00fanico de discapacidad (CUD) vigente.<br>\u2022Personas con pensi\u00f3n de ANSES por invalidez aunque no tengan CUD.<br>\u2022Personas con pensi\u00f3n de ANSES por trasplantes aunque no tengan CUD.<br><br>Adem\u00e1s, desde hoy la Provincia ya cuenta con vacunaci\u00f3n libre de primera dosis para todos los mayores de 18 a\u00f1os. Solamente deben presentarse en cualquier vacunatorio con DNI que acredite domicilio en provincia de Buenos Aires, sin necesidad de inscripci\u00f3n previa. Los vacunatorios pueden consultarse en el siguiente v\u00ednculo:&nbsp;<a rel=\"noreferrer noopener\" href=\"https:\/\/portal-coronavirus.gba.gob.ar\/vacunatorios-de-la-campana-covid-19\" target=\"_blank\">https:\/\/portal-coronavirus.gba.gob.ar\/vacunatorios-de-la-campana-covid-19<\/a><br><\/p>\n","protected":false},"excerpt":{"rendered":"<p>La provincia de Buenos Aires ya envi\u00f3 los primeros 100 mil turnos para menores de edad, de 12 a 17 a\u00f1os priorizados por sus condiciones de salud, que comenzar\u00e1n a aplicarse desde el pr\u00f3ximo martes 3 de agosto. Es indispensable &hellip; <a href=\"https:\/\/morenoprimero.com.ar\/archivo\/la-provincia-ya-envio-100-mil-turnos-para-chicos-y-chicas-de-12-a-17-anos-de-grupos-priorizados\/\">Sigue leyendo <span class=\"meta-nav\">&rarr;<\/span><\/a><\/p>\n","protected":false},"author":6,"featured_media":16131,"comment_status":"closed","ping_status":"closed","sticky":false,"template":"","format":"standard","meta":{"footnotes":""},"categories":[2329],"tags":[6,169,2422],"class_list":["post-16129","post","type-post","status-publish","format-standard","has-post-thumbnail","hentry","category-provincial","tag-moreno","tag-vacunacion","tag-vacunatepba"],"_links":{"self":[{"href":"https:\/\/morenoprimero.com.ar\/archivo\/wp-json\/wp\/v2\/posts\/16129","targetHints":{"allow":["GET"]}}],"collection":[{"href":"https:\/\/morenoprimero.com.ar\/archivo\/wp-json\/wp\/v2\/posts"}],"about":[{"href":"https:\/\/morenoprimero.com.ar\/archivo\/wp-json\/wp\/v2\/types\/post"}],"author":[{"embeddable":true,"href":"https:\/\/morenoprimero.com.ar\/archivo\/wp-json\/wp\/v2\/users\/6"}],"replies":[{"embeddable":true,"href":"https:\/\/morenoprimero.com.ar\/archivo\/wp-json\/wp\/v2\/comments?post=16129"}],"version-history":[{"count":1,"href":"https:\/\/morenoprimero.com.ar\/archivo\/wp-json\/wp\/v2\/posts\/16129\/revisions"}],"predecessor-version":[{"id":16132,"href":"https:\/\/morenoprimero.com.ar\/archivo\/wp-json\/wp\/v2\/posts\/16129\/revisions\/16132"}],"wp:featuredmedia":[{"embeddable":true,"href":"https:\/\/morenoprimero.com.ar\/archivo\/wp-json\/wp\/v2\/media\/16131"}],"wp:attachment":[{"href":"https:\/\/morenoprimero.com.ar\/archivo\/wp-json\/wp\/v2\/media?parent=16129"}],"wp:term":[{"taxonomy":"category","embeddable":true,"href":"https:\/\/morenoprimero.com.ar\/archivo\/wp-json\/wp\/v2\/categories?post=16129"},{"taxonomy":"post_tag","embeddable":true,"href":"https:\/\/morenoprimero.com.ar\/archivo\/wp-json\/wp\/v2\/tags?post=16129"}],"curies":[{"name":"wp","href":"https:\/\/api.w.org\/{rel}","templated":true}]}}