{"id":16120,"date":"2021-07-30T18:49:48","date_gmt":"2021-07-30T21:49:48","guid":{"rendered":"https:\/\/morenoprimero.com.ar\/?p=16120"},"modified":"2021-07-30T19:27:25","modified_gmt":"2021-07-30T22:27:25","slug":"la-gestion-de-mariel-fernandez-tiene-una-imagen-positiva-de-casi-el-55","status":"publish","type":"post","link":"https:\/\/morenoprimero.com.ar\/archivo\/la-gestion-de-mariel-fernandez-tiene-una-imagen-positiva-de-casi-el-55\/","title":{"rendered":"La gesti\u00f3n de Mariel Fern\u00e1ndez tiene una imagen positiva de casi el 55%"},"content":{"rendered":"\n<p>A m\u00e1s de un a\u00f1o y medio del cambio de autoridades ejecutivas, y del comienzo de la pandemia por coronavirus, la gesti\u00f3n municipal a cargo de <strong>Mariel Fern\u00e1ndez<\/strong> muestra una <strong>imagen positiva del 53,9%, <\/strong>seg\u00fan el informe presentado por la consultora <strong>CEOP<\/strong>. <strong>&nbsp;&nbsp;<\/strong><\/p>\n\n\n\n<p><strong>Roberto \u00abTito\u00bb Bacman<\/strong>, soci\u00f3logo, analista pol\u00edtico y director de la consultora<strong> CEOP<\/strong> realiz\u00f3 encuestas a<strong> 720 vecinos y vecinas del partido de Moreno <\/strong>para conocer su opini\u00f3n acerca de la gesti\u00f3n de los gobiernos Nacional, Provincial y fundamentalmente Municipal, a un a\u00f1o y medio del comienzo de la pandemia.&nbsp;<\/p>\n\n\n\n<p>Los cuestionarios se realizaron del 15 al 23 de julio a vecinos y vecinas mayores de 16 a\u00f1os cara a cara en sus hogares. Fue a trav\u00e9s tanto de entrevistas estructuradas, como preguntas abiertas, opciones m\u00faltiples y escalas de opini\u00f3n.&nbsp;<\/p>\n\n\n\n<div class=\"wp-block-image\"><figure class=\"aligncenter size-full\"><a href=\"https:\/\/morenoprimero.com.ar\/wp-content\/uploads\/2021\/07\/WhatsApp-Image-2021-07-30-at-6.22.48-PM-1.jpeg\"><img loading=\"lazy\" decoding=\"async\" width=\"960\" height=\"640\" src=\"https:\/\/morenoprimero.com.ar\/wp-content\/uploads\/2021\/07\/WhatsApp-Image-2021-07-30-at-6.22.48-PM-1.jpeg\" alt=\"\" class=\"wp-image-16126\" srcset=\"https:\/\/morenoprimero.com.ar\/archivo\/wp-content\/uploads\/2021\/07\/WhatsApp-Image-2021-07-30-at-6.22.48-PM-1.jpeg 960w, https:\/\/morenoprimero.com.ar\/archivo\/wp-content\/uploads\/2021\/07\/WhatsApp-Image-2021-07-30-at-6.22.48-PM-1-300x200.jpeg 300w, https:\/\/morenoprimero.com.ar\/archivo\/wp-content\/uploads\/2021\/07\/WhatsApp-Image-2021-07-30-at-6.22.48-PM-1-768x512.jpeg 768w\" sizes=\"auto, (max-width: 960px) 100vw, 960px\" \/><\/a><\/figure><\/div>\n\n\n\n<p>Esta imagen positiva se sustenta en el territorio a partir de la gesti\u00f3n del gobierno y de su prepotencia de trabajo. Tanto en las<strong> obras<\/strong> que se est\u00e1n realizando, en el<strong> plan de infraestructura <\/strong>que se lleva adelante, la responsabilidad asumida y las decisiones pol\u00edticas tomadas para frenar los contagios por <strong>coronavirus<\/strong> y el acelerado avance del<strong> plan de vacunaci\u00f3n<\/strong>. De su compromiso en materia de <strong>g\u00e9neros y Derechos Humanos<\/strong>, de los operativos para hacerse cargo de las desigualdades estructurales; como los <strong>dispositivos para personas en Situaci\u00f3n de Calle<\/strong>, los <strong>Operativos Fr\u00edo<\/strong>; del <strong>Plan Integral de Seguridad, <\/strong>que se trata del <strong>fortalecimiento de recursos<\/strong>, y de <strong>seguridad comunitaria<\/strong>, donde se trabaja en conjunto con los vecinos las decisiones que toman. Entre otros factores que fueron valorados por las y los vecinos del distrito.<\/p>\n\n\n\n<p>Como tambi\u00e9n influye el alto grado de representatividad de los sectores que nunca antes hab\u00edan sido escuchados. <strong>El municipio de Moreno tiene la filosof\u00eda de gobernar con los sectores populares desde adentro<\/strong>, no solamente escuchar sus demandas, sino tambi\u00e9n hacerlos part\u00edcipes en las decisiones. Esto se ve con claridad, no solamente en sus pol\u00edticas, sino tambi\u00e9n en la decisi\u00f3n de poner en la lista de candidatos y candidatas a la juventud, a las mujeres, a las organizaciones sociales. <strong>Todos esos sectores que nunca antes hab\u00edan tenido un lugar en la pol\u00edtica porque hist\u00f3ricamente se les ha negado, hoy representan a su pueblo desde el municipio.&nbsp;<\/strong><\/p>\n\n\n\n<div class=\"wp-block-image\"><figure class=\"aligncenter size-full\"><a href=\"https:\/\/morenoprimero.com.ar\/wp-content\/uploads\/2021\/07\/WhatsApp-Image-2021-07-30-at-6.22.48-PM.jpeg\"><img loading=\"lazy\" decoding=\"async\" width=\"1024\" height=\"682\" src=\"https:\/\/morenoprimero.com.ar\/wp-content\/uploads\/2021\/07\/WhatsApp-Image-2021-07-30-at-6.22.48-PM.jpeg\" alt=\"\" class=\"wp-image-16127\" srcset=\"https:\/\/morenoprimero.com.ar\/archivo\/wp-content\/uploads\/2021\/07\/WhatsApp-Image-2021-07-30-at-6.22.48-PM.jpeg 1024w, https:\/\/morenoprimero.com.ar\/archivo\/wp-content\/uploads\/2021\/07\/WhatsApp-Image-2021-07-30-at-6.22.48-PM-300x200.jpeg 300w, https:\/\/morenoprimero.com.ar\/archivo\/wp-content\/uploads\/2021\/07\/WhatsApp-Image-2021-07-30-at-6.22.48-PM-768x512.jpeg 768w\" sizes=\"auto, (max-width: 1024px) 100vw, 1024px\" \/><\/a><\/figure><\/div>\n\n\n\n<p>No se trata de una valoraci\u00f3n \u00fanicamente desde el inicio de la gesti\u00f3n a la fecha. Tambi\u00e9n habla de una confiabilidad y expectativas a futuro acerca de la gesti\u00f3n. Cuando la consultora <strong>CEOP<\/strong> pregunt\u00f3 a los encuestados acerca de las expectativas econ\u00f3micas del pa\u00eds de julio a 6 meses en adelante, las respuestas reflejan <strong>49,5%<\/strong> imagen positiva. En cuanto a las expectativas con respecto al ritmo de vacunaci\u00f3n para los pr\u00f3ximos 6 meses, el <strong>84,2%<\/strong> de los morenenses opinaron que mejorar\u00e1.<\/p>\n\n\n\n<p><br>Asimismo, esta encuesta que refleja un 95% de confiabilidad, expresa que el presidente de la Naci\u00f3n<strong> Alberto Fern\u00e1ndez <\/strong>tiene una imagen positiva del <strong>68,7%<\/strong>. En tanto que el gobernador de la Provincia de Buenos Aires, <strong>Axel Kicillof<\/strong> cuenta con un apoyo del <strong>67,5%<\/strong> en el territorio.<\/p>\n\n\n\n<p><\/p>\n","protected":false},"excerpt":{"rendered":"<p>A m\u00e1s de un a\u00f1o y medio del cambio de autoridades ejecutivas, y del comienzo de la pandemia por coronavirus, la gesti\u00f3n municipal a cargo de Mariel Fern\u00e1ndez muestra una imagen positiva del 53,9%, seg\u00fan el informe presentado por la &hellip; <a href=\"https:\/\/morenoprimero.com.ar\/archivo\/la-gestion-de-mariel-fernandez-tiene-una-imagen-positiva-de-casi-el-55\/\">Sigue leyendo <span class=\"meta-nav\">&rarr;<\/span><\/a><\/p>\n","protected":false},"author":6,"featured_media":16124,"comment_status":"closed","ping_status":"closed","sticky":false,"template":"","format":"standard","meta":{"footnotes":""},"categories":[2,2328],"tags":[149,132,2858,28,2529,714],"class_list":["post-16120","post","type-post","status-publish","format-standard","has-post-thumbnail","hentry","category-destacadas","category-local","tag-alberto-fernandez","tag-axel-kicillof","tag-ceop","tag-frente-de-todos","tag-mariel-fernandez-2","tag-municipalidad-de-moreno"],"_links":{"self":[{"href":"https:\/\/morenoprimero.com.ar\/archivo\/wp-json\/wp\/v2\/posts\/16120","targetHints":{"allow":["GET"]}}],"collection":[{"href":"https:\/\/morenoprimero.com.ar\/archivo\/wp-json\/wp\/v2\/posts"}],"about":[{"href":"https:\/\/morenoprimero.com.ar\/archivo\/wp-json\/wp\/v2\/types\/post"}],"author":[{"embeddable":true,"href":"https:\/\/morenoprimero.com.ar\/archivo\/wp-json\/wp\/v2\/users\/6"}],"replies":[{"embeddable":true,"href":"https:\/\/morenoprimero.com.ar\/archivo\/wp-json\/wp\/v2\/comments?post=16120"}],"version-history":[{"count":4,"href":"https:\/\/morenoprimero.com.ar\/archivo\/wp-json\/wp\/v2\/posts\/16120\/revisions"}],"predecessor-version":[{"id":16140,"href":"https:\/\/morenoprimero.com.ar\/archivo\/wp-json\/wp\/v2\/posts\/16120\/revisions\/16140"}],"wp:featuredmedia":[{"embeddable":true,"href":"https:\/\/morenoprimero.com.ar\/archivo\/wp-json\/wp\/v2\/media\/16124"}],"wp:attachment":[{"href":"https:\/\/morenoprimero.com.ar\/archivo\/wp-json\/wp\/v2\/media?parent=16120"}],"wp:term":[{"taxonomy":"category","embeddable":true,"href":"https:\/\/morenoprimero.com.ar\/archivo\/wp-json\/wp\/v2\/categories?post=16120"},{"taxonomy":"post_tag","embeddable":true,"href":"https:\/\/morenoprimero.com.ar\/archivo\/wp-json\/wp\/v2\/tags?post=16120"}],"curies":[{"name":"wp","href":"https:\/\/api.w.org\/{rel}","templated":true}]}}