{"id":16071,"date":"2021-07-29T14:48:53","date_gmt":"2021-07-29T17:48:53","guid":{"rendered":"https:\/\/morenoprimero.com.ar\/?p=16071"},"modified":"2021-07-29T14:48:54","modified_gmt":"2021-07-29T17:48:54","slug":"walter-martello-el-marco-normativo-no-brinda-respuestas-adecuadas-para-casos-como-el-de-chano","status":"publish","type":"post","link":"https:\/\/morenoprimero.com.ar\/archivo\/walter-martello-el-marco-normativo-no-brinda-respuestas-adecuadas-para-casos-como-el-de-chano\/","title":{"rendered":"Walter Martello: \u201cEl marco normativo no brinda respuestas adecuadas para casos como el de Chano\u201d"},"content":{"rendered":"\n<p>\u00abLa ley es impecable desde el punto de vista ideol\u00f3gico, pero es de dif\u00edcil aplicaci\u00f3n porque Argentina no tiene un sustento vinculado al seguimiento de los pacientes que pueda ser de car\u00e1cter universal\u00bb, dijo <strong>Walter Martello<\/strong>, responsable del <strong>Observatorio de Adicciones y Consumos Problem\u00e1ticos.<\/strong><\/p>\n\n\n\n<p>El<strong> Defensor del Pueblo Adjunto bonaerense, Walter Martello<\/strong>, dijo este martes que el marco normativo en cuanto a<strong> Salud Mental \u00abno brinda respuestas adecuadas\u00bb <\/strong>en casos como el protagonizado por Santiago \u00ab<strong>Chano<\/strong>\u00bb Moreno Charpentier.<\/p>\n\n\n\n<p>\u00abLamentablemente no fue un episodio aislado: Hay <strong>numerosas familias que vienen reclamando poder internar a sus hijos que sufren problemas de adicciones. Una de ellas es la madre de Chano<\/strong>. Tenemos un marco normativo que no nos brinda respuestas adecuadas\u00bb, dijo el responsable del Observatorio de Adicciones y Consumos Problem\u00e1ticos de la Defensor\u00eda.<\/p>\n\n\n\n<p>El Defensor del Pueblo Adjunto opin\u00f3 en un comunicado que<strong> el caso de \u00abChano\u00bb refleja una situaci\u00f3n \u00abque se repite diariamente\u00bb<\/strong>: \u00abMadres, padres, hermanos, familiares, amigos, que reclaman que alguien ayude a sus seres queridos que sufren en carne propia las adicciones y ya no pueden valerse por s\u00ed mismos, siendo peligrosos para s\u00ed y para terceros\u201d, coment\u00f3.<\/p>\n\n\n\n<p>Para Martello es necesario<strong> revisar lo estipulado en cuanto a las internaciones involuntarias en la actual Ley de Salud Mental que \u00absiempre deben concebirse como un recurso terap\u00e9utico excepcional\u00bb<\/strong>, aunque \u00aba la hora de instrumentar los requisitos que establece la norma, en los casos severos como el de Chano, nos encontramos con serios problemas\u00bb.<\/p>\n\n\n\n<p><strong>\u00abNecesitamos una ley o una reglamentaci\u00f3n que le de m\u00e1s herramientas a profesionales de la salud y a las familias\u201d<\/strong><\/p>\n\n\n\n<p>El defensor record\u00f3 que en 2010 se sancion\u00f3 la <strong>Ley 26.657 de Salud Mental<\/strong>, la cual consider\u00f3 que \u00abfue un inmenso avance respecto a su antecesora la Ley 22.914 que regulaba las internaciones de personas con enfermedades mentales, alcoh\u00f3licos cr\u00f3nicos o toxic\u00f3manos\u00bb.<\/p>\n\n\n\n<p>\u00ab<strong>Igualmente, la norma vigente genera dificultades que deben ser subsanadas<\/strong>\u201d, agreg\u00f3, tras lo cual se pregunt\u00f3: \u00ab\u00bfQu\u00e9 grado de autodeterminaci\u00f3n y voluntad propia posee una persona para decidir sobre si inicia, contin\u00faa o no su internaci\u00f3n, si precisamente est\u00e1 comprometida su voluntad y su psiquis por los efectos de las drogas?\u00bb y sostuvo que <strong>\u00abEl paradigma tal como est\u00e1 actualmente hace que la persona llegue hasta su l\u00edmite, lleva a poner en riesgo su propia vida o la de terceros\u201d.<\/strong><\/p>\n\n\n\n<p>Y agreg\u00f3 que quienes han \u00abescuchado las s\u00faplicas de las madres de las personas adictas no podemos permanecer indiferentes y creemos que<strong> este esquema requiere una revisi\u00f3n, la cual no puede ni debe implicar un retroceso en el esquema de derechos de la persona con padecimientos mentales o con casos graves de adicci\u00f3n<\/strong>, ni en el esquema de razonabilidad, proporcionalidad y control judicial de las medidas adoptadas tendientes a asegurar la salud y la vida de las personas\u201d. Cabe destacar que la propia madre del cantante dijo<strong> \u201cEscuchen las letras de mi hijo: hace 20 a\u00f1os est\u00e1 pidiendo ayuda\u201d<\/strong>.&nbsp;<\/p>\n\n\n\n<p>\u00abLa perspectiva de derechos no deber\u00eda anteponerse a la perspectiva de salud, especialmente en situaciones de riesgo efectivo. Sin embargo, sucede\u201d, concluy\u00f3 Martello.<\/p>\n","protected":false},"excerpt":{"rendered":"<p>\u00abLa ley es impecable desde el punto de vista ideol\u00f3gico, pero es de dif\u00edcil aplicaci\u00f3n porque Argentina no tiene un sustento vinculado al seguimiento de los pacientes que pueda ser de car\u00e1cter universal\u00bb, dijo Walter Martello, responsable del Observatorio de &hellip; <a href=\"https:\/\/morenoprimero.com.ar\/archivo\/walter-martello-el-marco-normativo-no-brinda-respuestas-adecuadas-para-casos-como-el-de-chano\/\">Sigue leyendo <span class=\"meta-nav\">&rarr;<\/span><\/a><\/p>\n","protected":false},"author":6,"featured_media":16072,"comment_status":"closed","ping_status":"closed","sticky":false,"template":"","format":"standard","meta":{"footnotes":""},"categories":[536],"tags":[2848,2601,2850,708,2849],"class_list":["post-16071","post","type-post","status-publish","format-standard","has-post-thumbnail","hentry","category-salud","tag-chano","tag-defensor-en-defensoria-del-pueblo-de-la-provincia-de-buenos-aires","tag-observatorio-de-adicciones-y-consumos-problematicos","tag-salud-mental","tag-walter-martello"],"_links":{"self":[{"href":"https:\/\/morenoprimero.com.ar\/archivo\/wp-json\/wp\/v2\/posts\/16071","targetHints":{"allow":["GET"]}}],"collection":[{"href":"https:\/\/morenoprimero.com.ar\/archivo\/wp-json\/wp\/v2\/posts"}],"about":[{"href":"https:\/\/morenoprimero.com.ar\/archivo\/wp-json\/wp\/v2\/types\/post"}],"author":[{"embeddable":true,"href":"https:\/\/morenoprimero.com.ar\/archivo\/wp-json\/wp\/v2\/users\/6"}],"replies":[{"embeddable":true,"href":"https:\/\/morenoprimero.com.ar\/archivo\/wp-json\/wp\/v2\/comments?post=16071"}],"version-history":[{"count":1,"href":"https:\/\/morenoprimero.com.ar\/archivo\/wp-json\/wp\/v2\/posts\/16071\/revisions"}],"predecessor-version":[{"id":16073,"href":"https:\/\/morenoprimero.com.ar\/archivo\/wp-json\/wp\/v2\/posts\/16071\/revisions\/16073"}],"wp:featuredmedia":[{"embeddable":true,"href":"https:\/\/morenoprimero.com.ar\/archivo\/wp-json\/wp\/v2\/media\/16072"}],"wp:attachment":[{"href":"https:\/\/morenoprimero.com.ar\/archivo\/wp-json\/wp\/v2\/media?parent=16071"}],"wp:term":[{"taxonomy":"category","embeddable":true,"href":"https:\/\/morenoprimero.com.ar\/archivo\/wp-json\/wp\/v2\/categories?post=16071"},{"taxonomy":"post_tag","embeddable":true,"href":"https:\/\/morenoprimero.com.ar\/archivo\/wp-json\/wp\/v2\/tags?post=16071"}],"curies":[{"name":"wp","href":"https:\/\/api.w.org\/{rel}","templated":true}]}}