{"id":16060,"date":"2021-07-29T14:14:18","date_gmt":"2021-07-29T17:14:18","guid":{"rendered":"https:\/\/morenoprimero.com.ar\/?p=16060"},"modified":"2021-07-30T11:18:34","modified_gmt":"2021-07-30T14:18:34","slug":"hcd-trataran-dos-proyectos-que-buscan-mantener-viva-la-memoria-de-sandra-y-ruben","status":"publish","type":"post","link":"https:\/\/morenoprimero.com.ar\/archivo\/hcd-trataran-dos-proyectos-que-buscan-mantener-viva-la-memoria-de-sandra-y-ruben\/","title":{"rendered":"HCD: Tratar\u00e1n dos proyectos que buscan mantener viva la memoria de Sandra y Rub\u00e9n"},"content":{"rendered":"\n<h5 class=\"wp-block-heading\">Uno de ellos es presentado por concejales y concejalas del Frente de Todos. El otro es elaborado desde toda la comunidad educativa que lucha por escuelas dignas y seguras. Mariana&nbsp;Cattaneo,&nbsp;secretaria&nbsp;general de&nbsp;Suteba,&nbsp;explic\u00f3 a Moreno Primero que \u201cel camino es reivindicar la pedagog\u00eda de Sandra y Rub\u00e9n, que es la pedagog\u00eda de la ternura\u00bb.<\/h5>\n\n\n\n<p>El d\u00eda de hoy, jueves 29 de Julio, se llevar\u00e1 adelante la <strong>10\u00b0 Sesi\u00f3n Ordinaria del per\u00edodo legislativo en el Honorable Concejo Deliberante <\/strong>(HCD) de Moreno. Entre los expedientes a tratar, hay dos proyectos destinados a mantener viva la memoria de Sandra&nbsp;Calamano&nbsp;y Rub\u00e9n&nbsp;Rodr\u00edguez, quienes perdieron la vida luego de una explosi\u00f3n de gas en la Escuela N\u00b0 49.&nbsp;<\/p>\n\n\n\n<p>Uno de ellos,<strong> impulsado por concejales y concejalas del Frente de Todos<\/strong>, busca crear el Pasaje \u201cSandra y Rub\u00e9n\u201d en el tramo de la Avenida Victorica, entre Mitre y&nbsp;Piovano, donde se encuentra ubicado el Consejo Escolar de Moreno.&nbsp;<\/p>\n\n\n\n<p>El segundo proyecto es <strong>presentado por los diferentes sindicatos, organizaciones sociales, directores y estudiantes que se organizaron para exigir justicia por la tragedia<\/strong>. Busca declarar de inter\u00e9s municipal la primera semana de agosto como <strong>\u201cSemana de la Memoria en Defensa de la Escuela P\u00fablica, Digna y Segura\u201d<\/strong> y a las actividades pedag\u00f3gicas en dicha semana.&nbsp;<\/p>\n\n\n\n<p><strong>Mariana&nbsp;Cattaneo<\/strong>,&nbsp;secretaria general&nbsp;de&nbsp;Suteba,&nbsp;explic\u00f3 a Moreno Primero que la importancia del proyecto radica en \u201cmantener viva la memoria\u201d y est\u00e1 enmarcado en \u201c<strong>actividades pedag\u00f3gicas, como as\u00ed tambi\u00e9n de secuencias did\u00e1cticas que impulsamos desde el sindicato, y tambi\u00e9n desde diferentes escuelas<\/strong>\u201d. Es imperioso mantener viva la memoria, explica&nbsp;Cattaneo, \u201cpara recordar lo sucedido, <strong>para que nunca m\u00e1s vuelva a suceder,<\/strong> y al ser declarado de inter\u00e9s municipal, se facilite el tratamiento del tema\u201d.&nbsp;&nbsp;&nbsp;<\/p>\n\n\n\n<h5 class=\"wp-block-heading\">Sandra y Rub\u00e9n, banderas de lucha<\/h5>\n\n\n\n<figure class=\"wp-block-image\"><img decoding=\"async\" src=\"https:\/\/www.todoprovincial.com\/wp-content\/uploads\/2019\/08\/sandra-y-ruben-1280x720.jpg\" alt=\"Marcharon por Sandra y Rub\u00e9n a un a\u00f1o del \u201casesinato laboral\u201d en la Escuela  49 de Moreno\"\/><\/figure>\n\n\n\n<p>La consigna del corriente a\u00f1o es \u201c<strong>Sandra y Rub\u00e9n son banderas de lucha<\/strong>\u201d. El principal mensaje, considera la secretaria general, \u201ctiene que ver con el proceso pol\u00edtico de la provincia, de Argentina y de Am\u00e9rica Latina: es que el neoliberalismo y el ajuste mata, que nadie puede morir en una escuela, porque la escuela es un lugar de vida\u00bb.<\/p>\n\n\n\n<blockquote class=\"wp-block-quote is-layout-flow wp-block-quote-is-layout-flow\"><p><em>El principal mensaje  es que el neoliberalismo y el ajuste mata, que nadie puede morir en una escuela, porque la escuela es un lugar de vida <\/em>.<\/p><\/blockquote>\n\n\n\n<p>Adem\u00e1s, mencion\u00f3 lo sucedido en Neuqu\u00e9n, donde muri\u00f3 una maestra y trabajadores que realizaban una obra de gas, y considera que el mensaje hacia el gobierno de esa provincia es el mismo: \u201c<strong>Las pol\u00edticas de desidia y abandono matan\u201d<\/strong> y,&nbsp;por tanto, \u201c<strong>queremos expresar nuestra solidaridad con esos compa\u00f1eros y compa\u00f1eras y lo venimos haciendo desde todo el colectivo que est\u00e1 organizado para mantener viva la memoria\u00bb.&nbsp;<\/strong><\/p>\n\n\n\n<p>As\u00ed, Sandra y Rub\u00e9n son, para toda la comunidad que lucha por la defensa de la educaci\u00f3n p\u00fablica,<strong> banderas de lucha para \u201cexigir escuelas dignas y seguras y condiciones para ense\u00f1ar y aprender\u201d.&nbsp;&nbsp;<\/strong><\/p>\n\n\n\n<p>En ese sentido, la organizaci\u00f3n contin\u00faa y el camino es \u201creivindicar la pedagog\u00eda de Sandra y Rub\u00e9n, que es la pedagog\u00eda de la ternura, del cuidado y del cari\u00f1o, la cual hizo que ese d\u00eda estuvieran tempranito para acondicionar la escuela y preparar el&nbsp;mate cocido&nbsp;para los pibes que nunca llegaron a ingresar\u201d.&nbsp;<\/p>\n\n\n\n<blockquote class=\"wp-block-quote is-layout-flow wp-block-quote-is-layout-flow\"><p><em>El camino es  reivindicar la pedagog\u00eda de Sandra y Rub\u00e9n, que es la pedagog\u00eda de la ternura, del cuidado y del cari\u00f1o, la cual hizo que ese d\u00eda estuvieran tempranito para acondicionar la escuela y preparar el&nbsp;mate cocido&nbsp;para los pibes que nunca llegaron a ingresar <\/em>.<\/p><\/blockquote>\n\n\n\n<p>Tambi\u00e9n mencion\u00f3 que \u201c<strong>no nos olvidamos de la lucha de Sandra por las orquestas, para no vaciar el programa de coros y orquestas del Bicentenario y que tempranamente luch\u00f3 en contra de la pol\u00edtica neolibera<\/strong>l\u201d, y continu\u00f3: \u201c<strong>Tampoco nos olvidamos de Rub\u00e9n, que luch\u00f3 por los Centros de formaci\u00f3n profesional porque no quer\u00edan que pasen a la \u00f3rbita del Ministerio de Trabajo<\/strong>\u201d.\u00a0<\/p>\n\n\n\n<p>Por \u00faltimo, record\u00f3: \u201c<strong>Tempranamente estuvieron en la calle estos compa\u00f1eros, y por eso fue tan fuerte el Morenazo, por lo que representaban, no solamente en t\u00e9rminos personales, sino tambi\u00e9n en t\u00e9rmino pol\u00edticos<\/strong>\u201d.&nbsp;<\/p>\n","protected":false},"excerpt":{"rendered":"<p>Uno de ellos es presentado por concejales y concejalas del Frente de Todos. El otro es elaborado desde toda la comunidad educativa que lucha por escuelas dignas y seguras. Mariana&nbsp;Cattaneo,&nbsp;secretaria&nbsp;general de&nbsp;Suteba,&nbsp;explic\u00f3 a Moreno Primero que \u201cel camino es reivindicar la &hellip; <a href=\"https:\/\/morenoprimero.com.ar\/archivo\/hcd-trataran-dos-proyectos-que-buscan-mantener-viva-la-memoria-de-sandra-y-ruben\/\">Sigue leyendo <span class=\"meta-nav\">&rarr;<\/span><\/a><\/p>\n","protected":false},"author":6,"featured_media":16061,"comment_status":"open","ping_status":"open","sticky":false,"template":"","format":"standard","meta":{"footnotes":""},"categories":[578,2328],"tags":[316,61,6,290],"class_list":["post-16060","post","type-post","status-publish","format-standard","has-post-thumbnail","hentry","category-educacion","category-local","tag-escuela-n-49","tag-escuela-publica","tag-moreno","tag-sandra-y-ruben"],"_links":{"self":[{"href":"https:\/\/morenoprimero.com.ar\/archivo\/wp-json\/wp\/v2\/posts\/16060","targetHints":{"allow":["GET"]}}],"collection":[{"href":"https:\/\/morenoprimero.com.ar\/archivo\/wp-json\/wp\/v2\/posts"}],"about":[{"href":"https:\/\/morenoprimero.com.ar\/archivo\/wp-json\/wp\/v2\/types\/post"}],"author":[{"embeddable":true,"href":"https:\/\/morenoprimero.com.ar\/archivo\/wp-json\/wp\/v2\/users\/6"}],"replies":[{"embeddable":true,"href":"https:\/\/morenoprimero.com.ar\/archivo\/wp-json\/wp\/v2\/comments?post=16060"}],"version-history":[{"count":7,"href":"https:\/\/morenoprimero.com.ar\/archivo\/wp-json\/wp\/v2\/posts\/16060\/revisions"}],"predecessor-version":[{"id":16098,"href":"https:\/\/morenoprimero.com.ar\/archivo\/wp-json\/wp\/v2\/posts\/16060\/revisions\/16098"}],"wp:featuredmedia":[{"embeddable":true,"href":"https:\/\/morenoprimero.com.ar\/archivo\/wp-json\/wp\/v2\/media\/16061"}],"wp:attachment":[{"href":"https:\/\/morenoprimero.com.ar\/archivo\/wp-json\/wp\/v2\/media?parent=16060"}],"wp:term":[{"taxonomy":"category","embeddable":true,"href":"https:\/\/morenoprimero.com.ar\/archivo\/wp-json\/wp\/v2\/categories?post=16060"},{"taxonomy":"post_tag","embeddable":true,"href":"https:\/\/morenoprimero.com.ar\/archivo\/wp-json\/wp\/v2\/tags?post=16060"}],"curies":[{"name":"wp","href":"https:\/\/api.w.org\/{rel}","templated":true}]}}