{"id":16031,"date":"2021-07-29T12:42:57","date_gmt":"2021-07-29T15:42:57","guid":{"rendered":"https:\/\/morenoprimero.com.ar\/?p=16031"},"modified":"2021-07-29T13:29:25","modified_gmt":"2021-07-29T16:29:25","slug":"el-gobierno-municipal-ha-tenido-un-fuerte-compromiso-con-el-cuidado-del-medioambiente","status":"publish","type":"post","link":"https:\/\/morenoprimero.com.ar\/archivo\/el-gobierno-municipal-ha-tenido-un-fuerte-compromiso-con-el-cuidado-del-medioambiente\/","title":{"rendered":"\u00abEl gobierno municipal ha tenido un fuerte compromiso con el cuidado del medioambiente\u00bb"},"content":{"rendered":"\n<h5 class=\"wp-block-heading\">Los martes, jueves y s\u00e1bados, en Lomas de&nbsp;Casasco, el Centro Cultural \u201cArtigas&nbsp;Buela&nbsp;Gaona\u201d funciona como punto verde para recibir todo tipo de material&nbsp;reciclable. En di\u00e1logo con Moreno Primero, Mary&nbsp;Urruti, militante que participa del punto verde, expres\u00f3 desde hace cuanto trabajan por el bien del medioambiente y por qu\u00e9 es importante reciclar en el barrio.&nbsp;<\/h5>\n\n\n\n<p>El centro cultural \u201cArtigas&nbsp;Buela&nbsp;Gaona\u201d de Lomas de&nbsp;Casasco brinda talleres de zumba, f\u00fatbol inclusivo, atenci\u00f3n en el punto violeta y participan del programa FINES, entre muchas m\u00e1s actividades. Cuenta con un <strong>punto verde<\/strong> que funciona los martes, jueves y s\u00e1bados de 12 a 17 horas. El punto verde se constituye en el 2020 con el fin de cuidar y preservar el medioambiente. Al respecto, este medio pudo conversar con Mary&nbsp;Urruti, m\u00e1s conocida como \u201cLa&nbsp;Pelu\u201d, quien se encarga junto a otros tres compa\u00f1eras y compa\u00f1eros de recibir los materiales&nbsp;reciclables&nbsp;que las y los&nbsp;morenenses&nbsp;traen al centro.&nbsp;<\/p>\n\n\n\n<p>Mary milita social y pol\u00edticamente hace 25 a\u00f1os en Moreno. Adem\u00e1s, tambi\u00e9n es la directora t\u00e9cnica del equipo de f\u00fatbol inclusivo de \u201cLas indias y disidencias\u201d y participa del punto verde. <strong>\u201cComenzamos hace dos a\u00f1os. En realidad, hace mucho m\u00e1s tiempo, pero antes no ten\u00edamos las herramientas para llevarlo adelante. Este gobierno municipal ha tenido un fuerte compromiso con el cuidado del medioambiente\u201d<\/strong>.&nbsp;<\/p>\n\n\n\n<div class=\"wp-block-image\"><figure class=\"aligncenter size-large\"><a href=\"https:\/\/morenoprimero.com.ar\/wp-content\/uploads\/2021\/07\/WhatsApp-Image-2021-07-29-at-10.35.59-3.jpeg\"><img loading=\"lazy\" decoding=\"async\" width=\"1024\" height=\"1019\" src=\"https:\/\/morenoprimero.com.ar\/wp-content\/uploads\/2021\/07\/WhatsApp-Image-2021-07-29-at-10.35.59-3-1024x1019.jpeg\" alt=\"\" class=\"wp-image-16038\" srcset=\"https:\/\/morenoprimero.com.ar\/archivo\/wp-content\/uploads\/2021\/07\/WhatsApp-Image-2021-07-29-at-10.35.59-3-1024x1019.jpeg 1024w, https:\/\/morenoprimero.com.ar\/archivo\/wp-content\/uploads\/2021\/07\/WhatsApp-Image-2021-07-29-at-10.35.59-3-300x300.jpeg 300w, https:\/\/morenoprimero.com.ar\/archivo\/wp-content\/uploads\/2021\/07\/WhatsApp-Image-2021-07-29-at-10.35.59-3-150x150.jpeg 150w, https:\/\/morenoprimero.com.ar\/archivo\/wp-content\/uploads\/2021\/07\/WhatsApp-Image-2021-07-29-at-10.35.59-3-768x764.jpeg 768w, https:\/\/morenoprimero.com.ar\/archivo\/wp-content\/uploads\/2021\/07\/WhatsApp-Image-2021-07-29-at-10.35.59-3.jpeg 1080w\" sizes=\"auto, (max-width: 1024px) 100vw, 1024px\" \/><\/a><\/figure><\/div>\n\n\n\n<p>El centro cultural, en principio, arm\u00f3 \u201cEl rinc\u00f3n de los reciclados\u201d, donde con pallets y bolsas vac\u00edas (donde vienen las verduras) la gente iba dejando los materiales\u00a0reciclables. \u201cLuego de hablar con vecinos y vecinas, surge la necesidad de un punto verde. De esa manera, charlamos con la secretaria de ambiente y desarrollo sostenible del municipio, y, en octubre del 2020, comienza oficialmente a desarrollarse el punto verde en Lomas de\u00a0Casasco\u201d.\u00a0<\/p>\n\n\n\n<p>Adem\u00e1s, Mary mencion\u00f3 que, hace una semana, en conjunto con la secretaria de ambiente, el referente Indio Arturi e integrantes del centro cultural y del punto verde, tuvieron una charla\/taller para aprender y organizarse para poder, en las pr\u00f3ximas semanas,<strong> llevar adelante un taller de formaci\u00f3n para las y los vecinos donde puedan aprender a reciclar y, a trav\u00e9s del reciclaje, encontrar una forma para que se vuelva sustentable y poder generar una salida laboral.\u00a0\u00a0<\/strong><\/p>\n\n\n\n<p>\u201cDesde que hacemos la olla popular, concientizamos a las y los vecinos para que vayan trayendo sus materiales reciclables y los ves con sus bolsas llenas de botellas de pl\u00e1stico, envases de tetra&nbsp;brick&nbsp;limpios, como cajitas de pur\u00e9 de tomate, entre otros. A medida que cuidemos el medioambiente vamos a ir teniendo una mejor calidad de vida\u201d, explic\u00f3 Mary a Moreno Primero.&nbsp;<\/p>\n\n\n\n<div class=\"wp-block-image\"><figure class=\"aligncenter size-large\"><a href=\"https:\/\/morenoprimero.com.ar\/wp-content\/uploads\/2021\/07\/WhatsApp-Image-2021-07-29-at-10.36.00-4.jpeg\"><img loading=\"lazy\" decoding=\"async\" width=\"1024\" height=\"999\" src=\"https:\/\/morenoprimero.com.ar\/wp-content\/uploads\/2021\/07\/WhatsApp-Image-2021-07-29-at-10.36.00-4-1024x999.jpeg\" alt=\"\" class=\"wp-image-16050\" srcset=\"https:\/\/morenoprimero.com.ar\/archivo\/wp-content\/uploads\/2021\/07\/WhatsApp-Image-2021-07-29-at-10.36.00-4-1024x999.jpeg 1024w, https:\/\/morenoprimero.com.ar\/archivo\/wp-content\/uploads\/2021\/07\/WhatsApp-Image-2021-07-29-at-10.36.00-4-300x293.jpeg 300w, https:\/\/morenoprimero.com.ar\/archivo\/wp-content\/uploads\/2021\/07\/WhatsApp-Image-2021-07-29-at-10.36.00-4-768x750.jpeg 768w, https:\/\/morenoprimero.com.ar\/archivo\/wp-content\/uploads\/2021\/07\/WhatsApp-Image-2021-07-29-at-10.36.00-4.jpeg 1080w\" sizes=\"auto, (max-width: 1024px) 100vw, 1024px\" \/><\/a><\/figure><\/div>\n\n\n\n<blockquote class=\"wp-block-quote is-layout-flow wp-block-quote-is-layout-flow\"><p>\u201cCuando une cuenta con las herramientas del estado municipal, todo es m\u00e1s f\u00e1cil. Creo fuertemente que cuando une hace las cosas con amor, todo es posible\u201d.&nbsp;<\/p><\/blockquote>\n\n\n\n<h3 class=\"wp-block-heading\">D\u00eda de las Infancias en Moreno.<\/h3>\n\n\n\n<p>El centro cultural \u201cArtigas&nbsp;Buela&nbsp;Gaona\u201d se encuentra ubicado en Lomas de&nbsp;Casasco, en San Jos\u00e9 2646 y, actualmente, adem\u00e1s de recibir materiales reciclables, tambi\u00e9n est\u00e1 juntando donaciones de golosinas, juguetes, o lo que puedan donar, para el festival del D\u00eda de las Infancias que se har\u00e1 el pr\u00f3ximo 22 de agosto. Para poder colaborar, pueden enviar un mensaje al 1151142930 (La&nbsp;Pelu) o dirigirse al centro cultural.&nbsp;<\/p>\n\n\n\n<div class=\"wp-block-image\"><figure class=\"aligncenter size-large\"><a href=\"https:\/\/morenoprimero.com.ar\/wp-content\/uploads\/2021\/07\/WhatsApp-Image-2021-07-29-at-10.36.00-1-2.jpeg\"><img loading=\"lazy\" decoding=\"async\" width=\"1024\" height=\"898\" src=\"https:\/\/morenoprimero.com.ar\/wp-content\/uploads\/2021\/07\/WhatsApp-Image-2021-07-29-at-10.36.00-1-2-1024x898.jpeg\" alt=\"\" class=\"wp-image-16052\" srcset=\"https:\/\/morenoprimero.com.ar\/archivo\/wp-content\/uploads\/2021\/07\/WhatsApp-Image-2021-07-29-at-10.36.00-1-2-1024x898.jpeg 1024w, https:\/\/morenoprimero.com.ar\/archivo\/wp-content\/uploads\/2021\/07\/WhatsApp-Image-2021-07-29-at-10.36.00-1-2-300x263.jpeg 300w, https:\/\/morenoprimero.com.ar\/archivo\/wp-content\/uploads\/2021\/07\/WhatsApp-Image-2021-07-29-at-10.36.00-1-2-768x673.jpeg 768w, https:\/\/morenoprimero.com.ar\/archivo\/wp-content\/uploads\/2021\/07\/WhatsApp-Image-2021-07-29-at-10.36.00-1-2.jpeg 1080w\" sizes=\"auto, (max-width: 1024px) 100vw, 1024px\" \/><\/a><\/figure><\/div>\n","protected":false},"excerpt":{"rendered":"<p>Los martes, jueves y s\u00e1bados, en Lomas de&nbsp;Casasco, el Centro Cultural \u201cArtigas&nbsp;Buela&nbsp;Gaona\u201d funciona como punto verde para recibir todo tipo de material&nbsp;reciclable. En di\u00e1logo con Moreno Primero, Mary&nbsp;Urruti, militante que participa del punto verde, expres\u00f3 desde hace cuanto trabajan por &hellip; <a href=\"https:\/\/morenoprimero.com.ar\/archivo\/el-gobierno-municipal-ha-tenido-un-fuerte-compromiso-con-el-cuidado-del-medioambiente\/\">Sigue leyendo <span class=\"meta-nav\">&rarr;<\/span><\/a><\/p>\n","protected":false},"author":6,"featured_media":16049,"comment_status":"closed","ping_status":"closed","sticky":false,"template":"","format":"standard","meta":{"footnotes":""},"categories":[496,2,2328],"tags":[931,6,2847,946],"class_list":["post-16031","post","type-post","status-publish","format-standard","has-post-thumbnail","hentry","category-ambiente","category-destacadas","category-local","tag-medioambiente","tag-moreno","tag-punto-verde","tag-reciclado"],"_links":{"self":[{"href":"https:\/\/morenoprimero.com.ar\/archivo\/wp-json\/wp\/v2\/posts\/16031","targetHints":{"allow":["GET"]}}],"collection":[{"href":"https:\/\/morenoprimero.com.ar\/archivo\/wp-json\/wp\/v2\/posts"}],"about":[{"href":"https:\/\/morenoprimero.com.ar\/archivo\/wp-json\/wp\/v2\/types\/post"}],"author":[{"embeddable":true,"href":"https:\/\/morenoprimero.com.ar\/archivo\/wp-json\/wp\/v2\/users\/6"}],"replies":[{"embeddable":true,"href":"https:\/\/morenoprimero.com.ar\/archivo\/wp-json\/wp\/v2\/comments?post=16031"}],"version-history":[{"count":7,"href":"https:\/\/morenoprimero.com.ar\/archivo\/wp-json\/wp\/v2\/posts\/16031\/revisions"}],"predecessor-version":[{"id":16059,"href":"https:\/\/morenoprimero.com.ar\/archivo\/wp-json\/wp\/v2\/posts\/16031\/revisions\/16059"}],"wp:featuredmedia":[{"embeddable":true,"href":"https:\/\/morenoprimero.com.ar\/archivo\/wp-json\/wp\/v2\/media\/16049"}],"wp:attachment":[{"href":"https:\/\/morenoprimero.com.ar\/archivo\/wp-json\/wp\/v2\/media?parent=16031"}],"wp:term":[{"taxonomy":"category","embeddable":true,"href":"https:\/\/morenoprimero.com.ar\/archivo\/wp-json\/wp\/v2\/categories?post=16031"},{"taxonomy":"post_tag","embeddable":true,"href":"https:\/\/morenoprimero.com.ar\/archivo\/wp-json\/wp\/v2\/tags?post=16031"}],"curies":[{"name":"wp","href":"https:\/\/api.w.org\/{rel}","templated":true}]}}