{"id":15969,"date":"2021-07-28T11:49:40","date_gmt":"2021-07-28T14:49:40","guid":{"rendered":"https:\/\/morenoprimero.com.ar\/?p=15969"},"modified":"2021-07-28T13:35:55","modified_gmt":"2021-07-28T16:35:55","slug":"pami-de-moreno-lanzara-una-convocatoria-para-el-voluntariado-de-cuidado-a-adultos-mayores","status":"publish","type":"post","link":"https:\/\/morenoprimero.com.ar\/archivo\/pami-de-moreno-lanzara-una-convocatoria-para-el-voluntariado-de-cuidado-a-adultos-mayores\/","title":{"rendered":"PAMI de Moreno lanzar\u00e1 una convocatoria para el voluntariado de cuidado a adultos mayores"},"content":{"rendered":"\n<h4 class=\"wp-block-heading\">Se trata de una convocatoria abierta para voluntarios y voluntarias&nbsp;para asistir, acompa\u00f1ar y cuidar a adultos mayores. En di\u00e1logo con Moreno Primero, Y\u00e9sica Escobar, directora de PAMI, expres\u00f3 de qu\u00e9 se trata el voluntariado y c\u00f3mo surgi\u00f3 la iniciativa que beneficiar\u00e1 a la comunidad.&nbsp;<\/h4>\n\n\n\n<p>El viernes 6 de agosto a las 10 AM se realizar\u00e1 un curso de formaci\u00f3n para quienes quieran participar del voluntariado que lanzar\u00e1 PAMI Moreno para voluntarios y voluntarias que quieran acompa\u00f1ar, asistir y cuidar a los adultos mayores.\u00a0\u00a0<\/p>\n\n\n\n<p>La directora de PAMI Moreno, <a href=\"https:\/\/morenoprimero.com.ar\/queremos-consolidar-un-pami-que-este-cerca-de-la-gente-expreso-la-nueva-directora-de-la-agencia\/\">Y\u00e9sica Escobar<\/a>, explic\u00f3 que esta iniciativa surge porque \u201cvi que hay tr\u00e1mites que se pueden iniciar por internet desde un celular, pero a los adultos mayores se les complica\u201d, y agreg\u00f3: \u201cLa idea es que familiares y vecinos que tengan celulares con datos o wifi puedan ayudarlos\u201d.&nbsp;<\/p>\n\n\n\n<figure class=\"wp-block-gallery columns-1 is-cropped wp-block-gallery-1 is-layout-flex wp-block-gallery-is-layout-flex\"><ul class=\"blocks-gallery-grid\"><li class=\"blocks-gallery-item\"><figure><a href=\"https:\/\/morenoprimero.com.ar\/wp-content\/uploads\/2021\/07\/WhatsApp-Image-2021-07-28-at-10.07.05-1024x682.jpeg\"><img loading=\"lazy\" decoding=\"async\" width=\"1024\" height=\"682\" src=\"https:\/\/morenoprimero.com.ar\/wp-content\/uploads\/2021\/07\/WhatsApp-Image-2021-07-28-at-10.07.05-1024x682.jpeg\" alt=\"\" data-id=\"15977\" class=\"wp-image-15977\" srcset=\"https:\/\/morenoprimero.com.ar\/archivo\/wp-content\/uploads\/2021\/07\/WhatsApp-Image-2021-07-28-at-10.07.05-1024x682.jpeg 1024w, https:\/\/morenoprimero.com.ar\/archivo\/wp-content\/uploads\/2021\/07\/WhatsApp-Image-2021-07-28-at-10.07.05-300x200.jpeg 300w, https:\/\/morenoprimero.com.ar\/archivo\/wp-content\/uploads\/2021\/07\/WhatsApp-Image-2021-07-28-at-10.07.05-768x511.jpeg 768w, https:\/\/morenoprimero.com.ar\/archivo\/wp-content\/uploads\/2021\/07\/WhatsApp-Image-2021-07-28-at-10.07.05.jpeg 1080w\" sizes=\"auto, (max-width: 1024px) 100vw, 1024px\" \/><\/a><figcaption class=\"blocks-gallery-item__caption\">Y\u00e9sica Escobar, directora de PAMI Moreno<\/figcaption><\/figure><\/li><\/ul><\/figure>\n\n\n\n<p>Y\u00e9sica expres\u00f3 que \u201clas tareas que realizar\u00edan las voluntarias y voluntarios ser\u00edan informar a&nbsp;lxs&nbsp;adultxs&nbsp;mayores sobre c\u00f3mo funciona la obra social e informar sobre la afiliaci\u00f3n y responder las preguntas m\u00e1s frecuentes que suelen hacer\u201d.&nbsp;<\/p>\n\n\n\n<p>Desde PAMI Moreno \u201cel personal trabaja en conjunto para que la resoluci\u00f3n de tr\u00e1mites sea r\u00e1pida y as\u00ed poder disminuir la circulaci\u00f3n de las personas porque la pandemia a\u00fan no concluy\u00f3\u201d, expres\u00f3 la directora de PAMI.&nbsp;&nbsp;<\/p>\n\n\n\n<p>Para inscribirse en el curso de formaci\u00f3n para voluntarios y voluntarias que acompa\u00f1ar\u00e1n a las y los adultos mayores es preciso enviar un mail a&nbsp;<a rel=\"noreferrer noopener\" href=\"mailto:CuidadosmayoresMoreno@gmail.com\" target=\"_blank\">CuidadosmayoresMoreno@gmail.com<\/a>&nbsp;o dirigirse a la agencia de PAMI en Avenida Alcorta 2454, Moreno.&nbsp;<\/p>\n\n\n\n<figure class=\"wp-block-image size-large\"><a href=\"https:\/\/morenoprimero.com.ar\/wp-content\/uploads\/2021\/07\/WhatsApp-Image-2021-07-28-at-10.02.03.jpeg\"><img loading=\"lazy\" decoding=\"async\" width=\"1010\" height=\"1024\" src=\"https:\/\/morenoprimero.com.ar\/wp-content\/uploads\/2021\/07\/WhatsApp-Image-2021-07-28-at-10.02.03-1010x1024.jpeg\" alt=\"\" class=\"wp-image-15973\" srcset=\"https:\/\/morenoprimero.com.ar\/archivo\/wp-content\/uploads\/2021\/07\/WhatsApp-Image-2021-07-28-at-10.02.03-1010x1024.jpeg 1010w, https:\/\/morenoprimero.com.ar\/archivo\/wp-content\/uploads\/2021\/07\/WhatsApp-Image-2021-07-28-at-10.02.03-296x300.jpeg 296w, https:\/\/morenoprimero.com.ar\/archivo\/wp-content\/uploads\/2021\/07\/WhatsApp-Image-2021-07-28-at-10.02.03-768x779.jpeg 768w, https:\/\/morenoprimero.com.ar\/archivo\/wp-content\/uploads\/2021\/07\/WhatsApp-Image-2021-07-28-at-10.02.03.jpeg 1158w\" sizes=\"auto, (max-width: 1010px) 100vw, 1010px\" \/><\/a><\/figure>\n\n\n\n<p><\/p>\n","protected":false},"excerpt":{"rendered":"<p>Se trata de una convocatoria abierta para voluntarios y voluntarias&nbsp;para asistir, acompa\u00f1ar y cuidar a adultos mayores. En di\u00e1logo con Moreno Primero, Y\u00e9sica Escobar, directora de PAMI, expres\u00f3 de qu\u00e9 se trata el voluntariado y c\u00f3mo surgi\u00f3 la iniciativa que &hellip; <a href=\"https:\/\/morenoprimero.com.ar\/archivo\/pami-de-moreno-lanzara-una-convocatoria-para-el-voluntariado-de-cuidado-a-adultos-mayores\/\">Sigue leyendo <span class=\"meta-nav\">&rarr;<\/span><\/a><\/p>\n","protected":false},"author":6,"featured_media":15971,"comment_status":"closed","ping_status":"closed","sticky":false,"template":"","format":"standard","meta":{"footnotes":""},"categories":[2330,20],"tags":[2837,1917,2162,2838],"class_list":["post-15969","post","type-post","status-publish","format-standard","has-post-thumbnail","hentry","category-nacional","category-sociedad","tag-adultas-mayores","tag-adultos-mayores","tag-pami-moreno","tag-voluntariado"],"_links":{"self":[{"href":"https:\/\/morenoprimero.com.ar\/archivo\/wp-json\/wp\/v2\/posts\/15969","targetHints":{"allow":["GET"]}}],"collection":[{"href":"https:\/\/morenoprimero.com.ar\/archivo\/wp-json\/wp\/v2\/posts"}],"about":[{"href":"https:\/\/morenoprimero.com.ar\/archivo\/wp-json\/wp\/v2\/types\/post"}],"author":[{"embeddable":true,"href":"https:\/\/morenoprimero.com.ar\/archivo\/wp-json\/wp\/v2\/users\/6"}],"replies":[{"embeddable":true,"href":"https:\/\/morenoprimero.com.ar\/archivo\/wp-json\/wp\/v2\/comments?post=15969"}],"version-history":[{"count":8,"href":"https:\/\/morenoprimero.com.ar\/archivo\/wp-json\/wp\/v2\/posts\/15969\/revisions"}],"predecessor-version":[{"id":15986,"href":"https:\/\/morenoprimero.com.ar\/archivo\/wp-json\/wp\/v2\/posts\/15969\/revisions\/15986"}],"wp:featuredmedia":[{"embeddable":true,"href":"https:\/\/morenoprimero.com.ar\/archivo\/wp-json\/wp\/v2\/media\/15971"}],"wp:attachment":[{"href":"https:\/\/morenoprimero.com.ar\/archivo\/wp-json\/wp\/v2\/media?parent=15969"}],"wp:term":[{"taxonomy":"category","embeddable":true,"href":"https:\/\/morenoprimero.com.ar\/archivo\/wp-json\/wp\/v2\/categories?post=15969"},{"taxonomy":"post_tag","embeddable":true,"href":"https:\/\/morenoprimero.com.ar\/archivo\/wp-json\/wp\/v2\/tags?post=15969"}],"curies":[{"name":"wp","href":"https:\/\/api.w.org\/{rel}","templated":true}]}}