{"id":15522,"date":"2021-07-19T11:11:30","date_gmt":"2021-07-19T14:11:30","guid":{"rendered":"https:\/\/morenoprimero.com.ar\/?p=15522"},"modified":"2021-07-19T11:16:18","modified_gmt":"2021-07-19T14:16:18","slug":"zulma-gil-no-ven-mas-alla-de-sus-narices-y-hablan-de-etica-y-moral","status":"publish","type":"post","link":"https:\/\/morenoprimero.com.ar\/archivo\/zulma-gil-no-ven-mas-alla-de-sus-narices-y-hablan-de-etica-y-moral\/","title":{"rendered":"Zulma Gil: \u00abNo ven m\u00e1s all\u00e1 de sus narices, y hablan de \u00e9tica y moral\u00bb"},"content":{"rendered":"\n<h4 class=\"wp-block-heading\">La concejala respondi\u00f3 \u201ccon mucho dolor en el coraz\u00f3n\u201d a las cr\u00edticas de la oposici\u00f3n sobre las cooperativas y los movimientos sociales.  Pregunt\u00f3 \u00ab\u00bfd\u00f3nde estaban cuando nuestros compa\u00f1eros entregaron la vida y dejaron todo por el que necesitaba?\u201d y respondi\u00f3 que mientras algunos \u201cestaban avalando empresas que fugaban dinero\u201d ella se encontraba \u201cen la vereda de enfrente, grit\u00e1ndoles que por favor dejen de robar y se fijen en la salud de la gente.\u201d<\/h4>\n\n\n\n<p>El pasado jueves 15 de julio se celebr\u00f3 la <strong>10\u00b0 Reuni\u00f3n del Per\u00edodo Legislativo Honorable Concejo Deliberante (HCD) de Moreno<\/strong>. El \u00faltimo expediente hab\u00eda sido impulsado por la concejala del Frente de Todos y militante del Movimiento Evita<strong>, Zulma Gil.<\/strong><\/p>\n\n\n\n<p>El expediente propon\u00eda <strong>declarar ciudadana ilustre a Patricia Noem\u00ed N\u00fa\u00f1ez<\/strong>, por su labor y su trabajo social a lo largo de muchos a\u00f1os que, seg\u00fan detalla la concejala, \u201cs<strong>e comprometi\u00f3 con los sectores m\u00e1s vulnerables y marginados del partido de Moreno.\u201d<\/strong><\/p>\n\n\n\n<p>Los considerandos que se asentaban por escrito detallaban una larga trayectoria de compromiso social por quien \u201csupo testimoniar la supremac\u00eda de los ideales humanos de la justicia, la solidaridad y la paz\u201d. Adem\u00e1s, su trabajo en el \u00e1rea de salud y medio ambiente, da cuenta de un compromiso social con el pueblo de moreno, y m\u00e1s a\u00fan, fue modelo en otras jurisdicciones y tambi\u00e9n en el plano nacional. Por todo eso, \u201cla laboriosa Patricia N\u00fa\u00f1ez, luego de su larga y comprometida trayectoria, ha logrado el agradecimiento y afecto a la ciudadan\u00eda\u201d.<\/p>\n\n\n\n<p>La declaraci\u00f3n fue aprobada por unanimidad, no sin antes la intervenci\u00f3n de la concejala Zulma Gil, <strong>indignada por las declaraciones de concejales y concejalas de la oposici\u00f3n en relaci\u00f3n a las Cooperativas y los Movimientos Sociales.<\/strong><\/p>\n\n\n\n<p>\u201c<strong>Cuando estaban debatiendo sobre el tema de las cooperativas, mi coraz\u00f3n sent\u00eda mucho dolor<\/strong>\u201d comenz\u00f3 la concejala, y se refiri\u00f3 al \u201c<strong>ego\u00edsmo de ciertas personas que no ven m\u00e1s all\u00e1 de sus narices, y hablan de \u00e9tica y moral<\/strong>.\u201d<\/p>\n\n\n\n<p>Zulma Gil, luego de reivindicarse militante del Movimiento Evita junto a la intendenta <strong>Mariel Fern\u00e1ndez<\/strong> asegur\u00f3 que \u201ctrabajan con los Movimientos Sociales y las cooperativas, que las puede construir cualquiera desde cualquier \u00e1mbito, <strong>porque nosotros generamos una organizaci\u00f3n social de cooperativas con gente que estaba fuera deltrabajo, que no ten\u00eda trabajo en blanco y la empezamos a formar.<\/strong>\u201d<\/p>\n\n\n\n<div class=\"wp-block-image\"><figure class=\"aligncenter size-large\"><a href=\"https:\/\/morenoprimero.com.ar\/wp-content\/uploads\/2021\/07\/image-25.png\"><img loading=\"lazy\" decoding=\"async\" width=\"960\" height=\"640\" src=\"https:\/\/morenoprimero.com.ar\/wp-content\/uploads\/2021\/07\/image-25.png\" alt=\"\" class=\"wp-image-15524\" srcset=\"https:\/\/morenoprimero.com.ar\/archivo\/wp-content\/uploads\/2021\/07\/image-25.png 960w, https:\/\/morenoprimero.com.ar\/archivo\/wp-content\/uploads\/2021\/07\/image-25-300x200.png 300w, https:\/\/morenoprimero.com.ar\/archivo\/wp-content\/uploads\/2021\/07\/image-25-768x512.png 768w\" sizes=\"auto, (max-width: 960px) 100vw, 960px\" \/><\/a><\/figure><\/div>\n\n\n\n<p>En ese sentido aclar\u00f3 que el Potenciar Trabajo es un programa donde vecinos y vecinas cobran 12.000 pesos \u201cy se los ganan, y merecen trabajar dignamente y que su trabajo sea remunerado\u201d.<\/p>\n\n\n\n<p>Resalt\u00f3, tambi\u00e9n, que el camino construido fue \u201cde a poco\u201d y que \u201cno se hizo ayer cuando gan\u00f3 la intendenta en el 2019\u201d, sino que \u201c<strong>es un trabajo que viene de hace much\u00edsimos a\u00f1os<\/strong>\u201d.<\/p>\n\n\n\n<p>As\u00ed, apunt\u00f3 contra la oposici\u00f3n: \u201cCuando me hablan de \u00e9tica y moral, yo les dir\u00eda d\u00f3nde estaban todos esos a\u00f1os cuando compa\u00f1eros nuestros entregaron la vida y dejaron todo por el que necesitaba, d\u00f3nde estaban con su \u00e9tica y moral avalando empresas que fugaban dinero, yo estaba en la vereda de enfrente, grit\u00e1ndoles que por favor dejen de robar y que se fijen en la salud de la gente\u201d.<\/p>\n\n\n\n<blockquote class=\"wp-block-quote is-layout-flow wp-block-quote-is-layout-flow\"><p><em>Cuando me hablan de \u00e9tica y moral, yo les dir\u00eda d\u00f3nde estaban todos esos a\u00f1os cuando compa\u00f1eros nuestros entregaron la vida y dejaron todo por el que necesitaba, d\u00f3nde estaban con su \u00e9tica y moral avalando empresas que fugaban dinero, yo estaba en la vereda de enfrente, grit\u00e1ndoles que por favor dejen de robar y que se fijen en la salud de la gente<\/em><\/p><\/blockquote>\n\n\n\n<p>Adem\u00e1s, se\u00f1al\u00f3 que est\u00e1 en el HCD \u201cporque es donde la gente decidi\u00f3 ponerme, y e<strong>stoy en el territorio porque es donde est\u00e1 la gente que me necesita<\/strong>\u201d adem\u00e1s, <strong>\u201casisto a mucha gente todos los d\u00edas y no vengo a golpearme el pecho y ni a decir nada, ni hablar de \u00e9tica y moral, porque eso lo tenemos que aprender de los valores solidarios, y los valores de la vida, y lo que nos salga del coraz\u00f3n<\/strong>\u201d.<\/p>\n\n\n\n<p>Y hacia el final expresa a modo de reflexi\u00f3n, \u201c<strong>primero que nada, debemos limpiar nuestro coraz\u00f3n para que piense bien, porque cuando piensa mal, nuestra cabeza acciona con los pensamientos y la lengua, como siente nuestro coraz\u00f3n<\/strong>\u201d y concluye, \u201c<strong>eso, no es ni \u00e9tica ni moral<\/strong>\u201d.<\/p>\n","protected":false},"excerpt":{"rendered":"<p>La concejala respondi\u00f3 \u201ccon mucho dolor en el coraz\u00f3n\u201d a las cr\u00edticas de la oposici\u00f3n sobre las cooperativas y los movimientos sociales. Pregunt\u00f3 \u00ab\u00bfd\u00f3nde estaban cuando nuestros compa\u00f1eros entregaron la vida y dejaron todo por el que necesitaba?\u201d y respondi\u00f3 &hellip; <a href=\"https:\/\/morenoprimero.com.ar\/archivo\/zulma-gil-no-ven-mas-alla-de-sus-narices-y-hablan-de-etica-y-moral\/\">Sigue leyendo <span class=\"meta-nav\">&rarr;<\/span><\/a><\/p>\n","protected":false},"author":6,"featured_media":15528,"comment_status":"closed","ping_status":"closed","sticky":false,"template":"","format":"standard","meta":{"footnotes":""},"categories":[2,2328,27],"tags":[1931,28,120,291,2774,1193],"class_list":["post-15522","post","type-post","status-publish","format-standard","has-post-thumbnail","hentry","category-destacadas","category-local","category-politica","tag-concejales","tag-frente-de-todos","tag-hcd-moreno","tag-movimiento-evita","tag-movimientos-sociales","tag-zulma-gil"],"_links":{"self":[{"href":"https:\/\/morenoprimero.com.ar\/archivo\/wp-json\/wp\/v2\/posts\/15522","targetHints":{"allow":["GET"]}}],"collection":[{"href":"https:\/\/morenoprimero.com.ar\/archivo\/wp-json\/wp\/v2\/posts"}],"about":[{"href":"https:\/\/morenoprimero.com.ar\/archivo\/wp-json\/wp\/v2\/types\/post"}],"author":[{"embeddable":true,"href":"https:\/\/morenoprimero.com.ar\/archivo\/wp-json\/wp\/v2\/users\/6"}],"replies":[{"embeddable":true,"href":"https:\/\/morenoprimero.com.ar\/archivo\/wp-json\/wp\/v2\/comments?post=15522"}],"version-history":[{"count":4,"href":"https:\/\/morenoprimero.com.ar\/archivo\/wp-json\/wp\/v2\/posts\/15522\/revisions"}],"predecessor-version":[{"id":15531,"href":"https:\/\/morenoprimero.com.ar\/archivo\/wp-json\/wp\/v2\/posts\/15522\/revisions\/15531"}],"wp:featuredmedia":[{"embeddable":true,"href":"https:\/\/morenoprimero.com.ar\/archivo\/wp-json\/wp\/v2\/media\/15528"}],"wp:attachment":[{"href":"https:\/\/morenoprimero.com.ar\/archivo\/wp-json\/wp\/v2\/media?parent=15522"}],"wp:term":[{"taxonomy":"category","embeddable":true,"href":"https:\/\/morenoprimero.com.ar\/archivo\/wp-json\/wp\/v2\/categories?post=15522"},{"taxonomy":"post_tag","embeddable":true,"href":"https:\/\/morenoprimero.com.ar\/archivo\/wp-json\/wp\/v2\/tags?post=15522"}],"curies":[{"name":"wp","href":"https:\/\/api.w.org\/{rel}","templated":true}]}}