{"id":15405,"date":"2021-07-15T18:53:33","date_gmt":"2021-07-15T21:53:33","guid":{"rendered":"https:\/\/morenoprimero.com.ar\/?p=15405"},"modified":"2021-07-15T19:11:08","modified_gmt":"2021-07-15T22:11:08","slug":"se-senalizo-como-sitio-de-memoria-el-cementerio-municipal-de-moreno","status":"publish","type":"post","link":"https:\/\/morenoprimero.com.ar\/archivo\/se-senalizo-como-sitio-de-memoria-el-cementerio-municipal-de-moreno\/","title":{"rendered":"Se se\u00f1aliz\u00f3 como Sitio de Memoria el Cementerio Municipal de Moreno"},"content":{"rendered":"\n<p>En el predio fueron inhumadas v\u00edctimas del terrorismo de Estado asesinadas antes y durante la \u00faltima dictadura c\u00edvico-militar<\/p>\n\n\n\n<p>La intendenta de Moreno, <strong>Mariel Fern\u00e1ndez<\/strong> junto al secretario de Derechos Humanos de la Naci\u00f3n, <strong>Horacio Pietragalla Corti<\/strong> y al Subsecretario de Derechos Humanos de la Provincia de Buenos Aires,<strong> Mat\u00edas Facundo Moreno<\/strong>, participaron del acto de se\u00f1alizaci\u00f3n del <strong>Cementerio Municipal <\/strong>que tuvo lugar este mediod\u00eda. En el sitio, seg\u00fan consta en los registros del<strong> Archivo Nacional de la Memoria <\/strong>y en causas judiciales, fueron enterrados de manera irregular los restos de 21 personas, todas asesinadas en el a\u00f1o 1976. La se\u00f1alizaci\u00f3n reza: \u201cAqu\u00ed fueron inhumadas v\u00edctimas del terrorismo de Estado asesinadas antes y durante la \u00faltima dictadura c\u00edvico militar\u201d.<\/p>\n\n\n\n<p>En el emotivo acto se desarroll\u00f3 al aire libre, con poca presencia de personas y respetando la distancia social y uso de tapabocas, tal como indica el protocolo sanitario por la pandemia de Covid 19, y cont\u00f3 con la participaci\u00f3n de familiares de v\u00edctimas y sobrevivientes del terrorismo de Estado, funcionarios nacionales, provinciales y municipales, concejales y concejalas y legisladores provinciales.<\/p>\n\n\n\n<p>El Subsecretario <strong>Mat\u00edas Moreno<\/strong> remarc\u00f3 la importancia de la se\u00f1alizaci\u00f3n. \u201cEsta se\u00f1alizaci\u00f3n es una actividad reparatoria, que es lo que tiene que hacer el Estado nacional y provincial, que es precisamente <strong>mostrar aquellos lugares que fueron y son importantes en el camino de la Memoria, la Verdad y la Justicia y que son importantes para tambi\u00e9n contar esta historia que durante much\u00edsimos a\u00f1os estuvo silenciada<\/strong>\u201d, explic\u00f3.<\/p>\n\n\n\n<p>\u201cLos 21 compa\u00f1eros y compa\u00f1eras que est\u00e1n ac\u00e1 ten\u00edan sue\u00f1os y proyectos que son los mismos sue\u00f1os y proyectos que tenemos nosotros, que no es ni m\u00e1s ni menos que<strong> la felicidad de nuestro pueblo y la grandeza de la patria<\/strong>, estamos a pocos d\u00edas de otro proceso electoral que es una oportunidad para reafirmar un camino iniciado el 10 de diciembre de 2019. <strong>Sabemos muy bien lo que signific\u00f3 el macrismo en t\u00e9rminos materiales, simb\u00f3licos y en Derechos Humanos, con los ataques permanentes, con pretender volver a instalar la teor\u00eda de los dos demonios<\/strong>\u201d, agreg\u00f3 el Subsecretario.<\/p>\n\n\n\n<p>Por su parte, el Secretario de Derechos Humanos de la Naci\u00f3n, <strong>Horacio Pietragalla Corti<\/strong>, resalt\u00f3 la importancia de se\u00f1alizar los lugares donde oper\u00f3 la dictadura: \u201cClaramente hay nuevas generaciones que ven lo que pas\u00f3 en esa dictadura a lo lejos.<strong> Se\u00f1alizar estos lugares es importante para que los m\u00e1s j\u00f3venes que pasan por la vereda puedan parar, leer un poco y entender lo que ha sucedido en ese momento. <\/strong>Muchos de nuestros familiares fueron a parar a fosas comunes en cementerios, est\u00e1 bueno visibilizar esos lugares como lugares de ocultamiento\u201d.<\/p>\n\n\n\n<p>En tanto, la intendenta <strong>Mariel Fern\u00e1ndez <\/strong>remarc\u00f3 que \u201cesta era una se\u00f1alizaci\u00f3n muy esperada que lamentablemente por el contexto de pandemia se fue postergando, pero <strong>es una satisfacci\u00f3n muy grande que hoy estemos todos juntos cumpliendo con este compromiso de seguir sosteniendo la Memoria, de reivindicar la lucha de tantos compa\u00f1eros y compa\u00f1eras.<\/strong> Es impactante siempre ver la se\u00f1alizaci\u00f3n, ver ese cartel desde la calle que tambi\u00e9n se puede ver desde la vereda y hacer una lectura de lo que fue la historia de los compa\u00f1eros que terminaron en este cementerio, y espero que ellos tambi\u00e9n nos est\u00e9n acompa\u00f1ando desde alg\u00fan lugar porque lo necesitamos\u201d.<\/p>\n\n\n\n<figure class=\"wp-block-image size-large\"><a href=\"https:\/\/morenoprimero.com.ar\/wp-content\/uploads\/2021\/07\/WhatsApp-Image-2021-07-15-at-5.36.48-PM-1.jpeg\"><img loading=\"lazy\" decoding=\"async\" width=\"1024\" height=\"682\" src=\"https:\/\/morenoprimero.com.ar\/wp-content\/uploads\/2021\/07\/WhatsApp-Image-2021-07-15-at-5.36.48-PM-1.jpeg\" alt=\"\" class=\"wp-image-15409\" srcset=\"https:\/\/morenoprimero.com.ar\/archivo\/wp-content\/uploads\/2021\/07\/WhatsApp-Image-2021-07-15-at-5.36.48-PM-1.jpeg 1024w, https:\/\/morenoprimero.com.ar\/archivo\/wp-content\/uploads\/2021\/07\/WhatsApp-Image-2021-07-15-at-5.36.48-PM-1-300x200.jpeg 300w, https:\/\/morenoprimero.com.ar\/archivo\/wp-content\/uploads\/2021\/07\/WhatsApp-Image-2021-07-15-at-5.36.48-PM-1-768x512.jpeg 768w\" sizes=\"auto, (max-width: 1024px) 100vw, 1024px\" \/><\/a><\/figure>\n\n\n\n<p>En el acto tambi\u00e9n tomaron la palabra <strong>Ofelia Agorio<\/strong> y <strong>\u00c1ngela Barrera<\/strong>, familiares de desaparecidos de la localidad.<\/p>\n\n\n\n<p>Previamente, en la Municipalidad de Moreno, el Subsecretario de Derechos Humanos de la Provincia y la Intendenta <strong>firmaron un convenio de colaboraci\u00f3n para realizar acciones conjuntas en materia promoci\u00f3n y protecci\u00f3n de Derechos Humanos, en el que tambi\u00e9n se formaliz\u00f3 la incorporaci\u00f3n del distrito al Consejo Provincial de Derechos Humanos<\/strong>.<\/p>\n\n\n\n<p>La se\u00f1alizaci\u00f3n del Cementerio<\/p>\n\n\n\n<p>La investigaci\u00f3n se inici\u00f3 en diciembre de 1983, cuando el entonces intendente de Moreno denunci\u00f3 ante la Justicia la existencia de irregularidades en las inhumaciones de personas no identificadas que se llevaron a cabo en el cementerio municipal durante la \u00faltima dictadura c\u00edvico-militar.<\/p>\n\n\n\n<p>Del total de las v\u00edctimas enterradas como NN, doce pudieron ser identificadas gracias al trabajo del <strong>Equipo Argentino de Antropolog\u00eda Forense (EAAF). <\/strong>Entre ellas se identific\u00f3 a seis militantes del<strong> Partido Revolucionario de los Trabajadores (PRT)<\/strong> que hab\u00edan sido asesinados entre el 29 y 30 de marzo de 1976, en el marco de un operativo represivo llevado a cabo de forma conjunta por el Ej\u00e9rcito Argentino y la Polic\u00eda de la Provincia de Buenos Aires en la quinta<strong> \u201cLa Pastoril\u201d<\/strong>, ubicada en la localidad de <strong>La Reja.<\/strong><\/p>\n\n\n\n<p>Adem\u00e1s, el <strong>EAAF <\/strong>identific\u00f3 a otras cinco personas \u2212cuatro hombres y una mujer\u2212 cuyos cuerpos hab\u00edan sido hallados el 10 de abril de 1976 en un descampado conocido como \u201cLoteo Menrinyr\u201d; y a un joven asesinado tambi\u00e9n en abril de ese a\u00f1o.<\/p>\n\n\n\n<p>En este cementerio tambi\u00e9n fueron inhumadas las v\u00edctimas de la llamada <strong>\u201cMasacre de Manantial\u201d<\/strong>, ocurrida el 14 de abril de 1976. Aquel d\u00eda, siete personas fueron secuestradas por personal militar y policial en la localidad de Remedios de Escalada, Lan\u00fas. Sus cuerpos fueron hallados al d\u00eda siguiente y sepultados en el predio. La identificaci\u00f3n por parte de la polic\u00eda bonaerense de una de las mujeres asesinadas permiti\u00f3 el reconocimiento del resto de las v\u00edctimas y la devoluci\u00f3n de los restos a sus familias en octubre de ese mismo a\u00f1o.<\/p>\n\n\n\n<p>Asimismo, fueron identificadas en el lugar dos personas cuyos asesinatos no se vinculan a los hechos antes mencionados. Ambos casos fueron en el a\u00f1o 1976, uno de ellos con anterioridad al golpe de Estado del 24 de marzo.<\/p>\n\n\n\n<p><strong>Los enterramientos clandestinos y como NN en cementerios municipales de todo el pa\u00eds formaron parte del ocultamiento de los cuerpos de las personas detenidas-desaparecidas y completaban, de esa manera, el c\u00edrculo criminal de secuestro, tortura, muerte y desaparici\u00f3n propio del terrorismo de Estado. Esta metodolog\u00eda buscaba garantizar la eliminaci\u00f3n de las pruebas materiales de los delitos de lesa humanidad cometidos, con el fin de consolidar la impunidad de los culpables y generar terror en la sociedad.<\/strong><\/p>\n\n\n\n<p>Su se\u00f1alizaci\u00f3n comprende <strong>un hecho reparatorio necesario y un paso m\u00e1s en el proceso de Memoria, Verdad y Justicia.<\/strong><\/p>\n\n\n\n<figure class=\"wp-block-image size-large\"><a href=\"https:\/\/morenoprimero.com.ar\/wp-content\/uploads\/2021\/07\/WhatsApp-Image-2021-07-15-at-5.36.49-PM-1.jpeg\"><img loading=\"lazy\" decoding=\"async\" width=\"1024\" height=\"682\" src=\"https:\/\/morenoprimero.com.ar\/wp-content\/uploads\/2021\/07\/WhatsApp-Image-2021-07-15-at-5.36.49-PM-1.jpeg\" alt=\"\" class=\"wp-image-15410\" srcset=\"https:\/\/morenoprimero.com.ar\/archivo\/wp-content\/uploads\/2021\/07\/WhatsApp-Image-2021-07-15-at-5.36.49-PM-1.jpeg 1024w, https:\/\/morenoprimero.com.ar\/archivo\/wp-content\/uploads\/2021\/07\/WhatsApp-Image-2021-07-15-at-5.36.49-PM-1-300x200.jpeg 300w, https:\/\/morenoprimero.com.ar\/archivo\/wp-content\/uploads\/2021\/07\/WhatsApp-Image-2021-07-15-at-5.36.49-PM-1-768x512.jpeg 768w\" sizes=\"auto, (max-width: 1024px) 100vw, 1024px\" \/><\/a><\/figure>\n\n\n\n<p><\/p>\n","protected":false},"excerpt":{"rendered":"<p>En el predio fueron inhumadas v\u00edctimas del terrorismo de Estado asesinadas antes y durante la \u00faltima dictadura c\u00edvico-militar La intendenta de Moreno, Mariel Fern\u00e1ndez junto al secretario de Derechos Humanos de la Naci\u00f3n, Horacio Pietragalla Corti y al Subsecretario de &hellip; <a href=\"https:\/\/morenoprimero.com.ar\/archivo\/se-senalizo-como-sitio-de-memoria-el-cementerio-municipal-de-moreno\/\">Sigue leyendo <span class=\"meta-nav\">&rarr;<\/span><\/a><\/p>\n","protected":false},"author":6,"featured_media":15406,"comment_status":"closed","ping_status":"closed","sticky":false,"template":"","format":"standard","meta":{"footnotes":""},"categories":[2328],"tags":[360,2265,2751,276,2750,1936],"class_list":["post-15405","post","type-post","status-publish","format-standard","has-post-thumbnail","hentry","category-local","tag-cementerio-de-moreno","tag-ddhh","tag-horacio-pietragalla-corti","tag-mariel-fernandez","tag-matias-facundo-moreno","tag-memoria-verdad-y-justicia"],"_links":{"self":[{"href":"https:\/\/morenoprimero.com.ar\/archivo\/wp-json\/wp\/v2\/posts\/15405","targetHints":{"allow":["GET"]}}],"collection":[{"href":"https:\/\/morenoprimero.com.ar\/archivo\/wp-json\/wp\/v2\/posts"}],"about":[{"href":"https:\/\/morenoprimero.com.ar\/archivo\/wp-json\/wp\/v2\/types\/post"}],"author":[{"embeddable":true,"href":"https:\/\/morenoprimero.com.ar\/archivo\/wp-json\/wp\/v2\/users\/6"}],"replies":[{"embeddable":true,"href":"https:\/\/morenoprimero.com.ar\/archivo\/wp-json\/wp\/v2\/comments?post=15405"}],"version-history":[{"count":3,"href":"https:\/\/morenoprimero.com.ar\/archivo\/wp-json\/wp\/v2\/posts\/15405\/revisions"}],"predecessor-version":[{"id":15413,"href":"https:\/\/morenoprimero.com.ar\/archivo\/wp-json\/wp\/v2\/posts\/15405\/revisions\/15413"}],"wp:featuredmedia":[{"embeddable":true,"href":"https:\/\/morenoprimero.com.ar\/archivo\/wp-json\/wp\/v2\/media\/15406"}],"wp:attachment":[{"href":"https:\/\/morenoprimero.com.ar\/archivo\/wp-json\/wp\/v2\/media?parent=15405"}],"wp:term":[{"taxonomy":"category","embeddable":true,"href":"https:\/\/morenoprimero.com.ar\/archivo\/wp-json\/wp\/v2\/categories?post=15405"},{"taxonomy":"post_tag","embeddable":true,"href":"https:\/\/morenoprimero.com.ar\/archivo\/wp-json\/wp\/v2\/tags?post=15405"}],"curies":[{"name":"wp","href":"https:\/\/api.w.org\/{rel}","templated":true}]}}