{"id":15347,"date":"2021-07-14T17:02:49","date_gmt":"2021-07-14T20:02:49","guid":{"rendered":"https:\/\/morenoprimero.com.ar\/?p=15347"},"modified":"2021-07-14T17:02:49","modified_gmt":"2021-07-14T20:02:49","slug":"crece-el-perfil-productivo-e-industrial-de-moreno-a-mayor-produccion-mas-puestos-de-trabajo","status":"publish","type":"post","link":"https:\/\/morenoprimero.com.ar\/archivo\/crece-el-perfil-productivo-e-industrial-de-moreno-a-mayor-produccion-mas-puestos-de-trabajo\/","title":{"rendered":"Crece el perfil productivo e industrial de Moreno: a mayor producci\u00f3n m\u00e1s puestos de trabajo"},"content":{"rendered":"\n<p>El <strong>Municipio de Moreno<\/strong>, a trav\u00e9s de la <strong>Coordinaci\u00f3n General de Industria y Empleo<\/strong> del <strong>Instituto Municipal de Desarrollo Econ\u00f3mico Local (IMDEL)<\/strong> apuesta al crecimiento productivo del distrito e impulsa una serie de acciones con un r\u00e9cord de obras en los Parques Industriales Municipales.<\/p>\n\n\n\n<p>Son <strong>11 las empresas privadas de diferentes rubros<\/strong> que eligieron radicarse en la zona con el fin de generar una mayor producci\u00f3n y brindar <strong>m\u00e1s de 400 puestos de trabajo<\/strong> para la comunidad.\u00a0<\/p>\n\n\n\n<p>Adem\u00e1s, en el <strong>Parque Industrial II<\/strong>, se encuentra instalada la <strong>Planta Asf\u00e1ltica Municipal<\/strong>, que permitir\u00e1 realizar asfaltos todos los d\u00edas. Asimismo, se comenzar\u00e1 con la construcci\u00f3n de un edificio propio destinado a la <strong>Administraci\u00f3n de los Parques<\/strong> que permitir\u00e1 una mejora en la infraestructura y comodidad del lugar.<\/p>\n\n\n\n<figure class=\"wp-block-image size-large\"><a href=\"https:\/\/morenoprimero.com.ar\/wp-content\/uploads\/2021\/07\/Planta-Asfaltica-scaled.jpg\"><img loading=\"lazy\" decoding=\"async\" width=\"1024\" height=\"683\" src=\"https:\/\/morenoprimero.com.ar\/wp-content\/uploads\/2021\/07\/Planta-Asfaltica-1024x683.jpg\" alt=\"\" class=\"wp-image-15350\" srcset=\"https:\/\/morenoprimero.com.ar\/archivo\/wp-content\/uploads\/2021\/07\/Planta-Asfaltica-1024x683.jpg 1024w, https:\/\/morenoprimero.com.ar\/archivo\/wp-content\/uploads\/2021\/07\/Planta-Asfaltica-300x200.jpg 300w, https:\/\/morenoprimero.com.ar\/archivo\/wp-content\/uploads\/2021\/07\/Planta-Asfaltica-768x512.jpg 768w, https:\/\/morenoprimero.com.ar\/archivo\/wp-content\/uploads\/2021\/07\/Planta-Asfaltica-1536x1024.jpg 1536w, https:\/\/morenoprimero.com.ar\/archivo\/wp-content\/uploads\/2021\/07\/Planta-Asfaltica-2048x1365.jpg 2048w\" sizes=\"auto, (max-width: 1024px) 100vw, 1024px\" \/><\/a><\/figure>\n\n\n\n<p>Sumado a esto se encuentra en proceso de inicio lo que ser\u00e1 el <strong>nuevo destacamento de Bomberos<\/strong>, un reclamo hist\u00f3rico de las vecinas y los vecinos y tan necesario para<strong> mejorar el desarrollo industrial de la zona<\/strong>. Esta obra tiene un plazo de edificaci\u00f3n de entre 90 y 120 d\u00edas y con un armado que posibilita futuras edificaciones en el complejo para capacitaci\u00f3n, dormitorios y oficinas. Hasta el momento, se realiz\u00f3 el levantamiento del suelo y se plantearon las l\u00edneas de acci\u00f3n, tambi\u00e9n se avanz\u00f3 en el armado de las vigas y pilotes del edificio para avanzar en el hormigonado, los pr\u00f3ximos d\u00edas.\u00a0<\/p>\n\n\n\n<figure class=\"wp-block-image size-large\"><a href=\"https:\/\/morenoprimero.com.ar\/wp-content\/uploads\/2021\/07\/Obra-destacamento-de-Bomberos.jpeg\"><img loading=\"lazy\" decoding=\"async\" width=\"1024\" height=\"768\" src=\"https:\/\/morenoprimero.com.ar\/wp-content\/uploads\/2021\/07\/Obra-destacamento-de-Bomberos.jpeg\" alt=\"\" class=\"wp-image-15348\" srcset=\"https:\/\/morenoprimero.com.ar\/archivo\/wp-content\/uploads\/2021\/07\/Obra-destacamento-de-Bomberos.jpeg 1024w, https:\/\/morenoprimero.com.ar\/archivo\/wp-content\/uploads\/2021\/07\/Obra-destacamento-de-Bomberos-300x225.jpeg 300w, https:\/\/morenoprimero.com.ar\/archivo\/wp-content\/uploads\/2021\/07\/Obra-destacamento-de-Bomberos-768x576.jpeg 768w\" sizes=\"auto, (max-width: 1024px) 100vw, 1024px\" \/><\/a><\/figure>\n\n\n\n<p>El partido de <strong>Moreno <\/strong>tiene una ubicaci\u00f3n estrat\u00e9gica para el desarrollo industrial, de suma importancia para que cada vez sean m\u00e1s las empresas que elijan invertir. Desde la gesti\u00f3n local se busca<strong> fortalecer el perfil productivo <\/strong>y es por ello que los parques industriales cuentan con conexi\u00f3n a distintas autopistas y rutas con toda la infraestructura necesaria y seguridad las 24 horas. Adem\u00e1s de tener a disposici\u00f3n los servicios de red cloacal de residuos industriales, seguridad jur\u00eddica y beneficios impositivos especiales.&nbsp;<\/p>\n\n\n\n<p>Para m\u00e1s informaci\u00f3n pueden comunicarse al Tel: 0237 466 7200 \u00f3 v\u00eda correo electr\u00f3nico: <a href=\"http:\/\/promociondeindustriamoreno.gov.ar\/\">promociondeindustriamoreno.gov.ar<\/a><\/p>\n","protected":false},"excerpt":{"rendered":"<p>El Municipio de Moreno, a trav\u00e9s de la Coordinaci\u00f3n General de Industria y Empleo del Instituto Municipal de Desarrollo Econ\u00f3mico Local (IMDEL) apuesta al crecimiento productivo del distrito e impulsa una serie de acciones con un r\u00e9cord de obras en &hellip; <a href=\"https:\/\/morenoprimero.com.ar\/archivo\/crece-el-perfil-productivo-e-industrial-de-moreno-a-mayor-produccion-mas-puestos-de-trabajo\/\">Sigue leyendo <span class=\"meta-nav\">&rarr;<\/span><\/a><\/p>\n","protected":false},"author":6,"featured_media":15351,"comment_status":"closed","ping_status":"closed","sticky":false,"template":"","format":"standard","meta":{"footnotes":""},"categories":[2328],"tags":[],"class_list":["post-15347","post","type-post","status-publish","format-standard","has-post-thumbnail","hentry","category-local"],"_links":{"self":[{"href":"https:\/\/morenoprimero.com.ar\/archivo\/wp-json\/wp\/v2\/posts\/15347","targetHints":{"allow":["GET"]}}],"collection":[{"href":"https:\/\/morenoprimero.com.ar\/archivo\/wp-json\/wp\/v2\/posts"}],"about":[{"href":"https:\/\/morenoprimero.com.ar\/archivo\/wp-json\/wp\/v2\/types\/post"}],"author":[{"embeddable":true,"href":"https:\/\/morenoprimero.com.ar\/archivo\/wp-json\/wp\/v2\/users\/6"}],"replies":[{"embeddable":true,"href":"https:\/\/morenoprimero.com.ar\/archivo\/wp-json\/wp\/v2\/comments?post=15347"}],"version-history":[{"count":1,"href":"https:\/\/morenoprimero.com.ar\/archivo\/wp-json\/wp\/v2\/posts\/15347\/revisions"}],"predecessor-version":[{"id":15352,"href":"https:\/\/morenoprimero.com.ar\/archivo\/wp-json\/wp\/v2\/posts\/15347\/revisions\/15352"}],"wp:featuredmedia":[{"embeddable":true,"href":"https:\/\/morenoprimero.com.ar\/archivo\/wp-json\/wp\/v2\/media\/15351"}],"wp:attachment":[{"href":"https:\/\/morenoprimero.com.ar\/archivo\/wp-json\/wp\/v2\/media?parent=15347"}],"wp:term":[{"taxonomy":"category","embeddable":true,"href":"https:\/\/morenoprimero.com.ar\/archivo\/wp-json\/wp\/v2\/categories?post=15347"},{"taxonomy":"post_tag","embeddable":true,"href":"https:\/\/morenoprimero.com.ar\/archivo\/wp-json\/wp\/v2\/tags?post=15347"}],"curies":[{"name":"wp","href":"https:\/\/api.w.org\/{rel}","templated":true}]}}