{"id":15238,"date":"2021-07-13T09:54:23","date_gmt":"2021-07-13T12:54:23","guid":{"rendered":"https:\/\/morenoprimero.com.ar\/?p=15238"},"modified":"2021-07-13T09:54:23","modified_gmt":"2021-07-13T12:54:23","slug":"cuartel-v-tiene-el-primer-centro-socioeducativo-comunitario-del-pais","status":"publish","type":"post","link":"https:\/\/morenoprimero.com.ar\/archivo\/cuartel-v-tiene-el-primer-centro-socioeducativo-comunitario-del-pais\/","title":{"rendered":"Cuartel V tiene el primer centro socioeducativo comunitario del pa\u00eds"},"content":{"rendered":"\n<h4 class=\"wp-block-heading\">La intendenta de Moreno junto con el titular de la cartera educativa nacional y el ministro nacional de Desarrollo Social inauguraron el primer centro Cerca en Cuartel V, un proyecto que tiene como objetivo fortalecer la revinculaci\u00f3n de las chicas y los chicos con la escolaridad y el acceso a derechos.<\/h4>\n\n\n\n<p>La intendenta de Moreno, <strong>Mariel Fern\u00e1ndez<\/strong>, junto con el ministro de Educaci\u00f3n de la Naci\u00f3n, <strong>Nicol\u00e1s Trotta<\/strong>, y el ministro de Desarrollo Social de la Naci\u00f3n, <strong>Daniel Arroyo<\/strong>, inauguraron el primer Centro Cerca en el Instituto Superior de Formaci\u00f3n Docente \u201cDr. N\u00e9stor Kirchner\u201d y en el Centro Cultural \u201cLa Chicharra\u201d como parte del Programa de Fortalecimiento a las experiencias educativas comunitarias, cooperativas y de gesti\u00f3n social.<\/p>\n\n\n\n<p>El Proyecto CERCA, en el marco del Plan Nacional Acompa\u00f1ar: puentes de igualdad, se propone asociar los esfuerzos de las distintas \u00e1reas de gobierno y potenciar de manera articulada diversas iniciativas de los actores y sectores sociales identificados con el derecho a la educaci\u00f3n para que, en cada territorio, se d\u00e9 un acompa\u00f1amiento integral a las trayectorias escolares de ni\u00f1as, ni\u00f1os, adolescentes y j\u00f3venes.<\/p>\n\n\n\n<p>Adem\u00e1s impulsar\u00e1 la apertura de centros educativos y recreativos de cercan\u00eda, en conjunto con organismos p\u00fablicos y organizaciones de la comunidad, donde ni\u00f1os, ni\u00f1as, adolescentes, j\u00f3venes, adultos y adultas podr\u00e1n encontrar espacios de juego, talleres, fortalecimiento pedag\u00f3gico, ciencia, arte y otras propuestas pensadas reconociendo las caracter\u00edsticas de cada barrio, sabiendo la importancia de propuestas integrales que ampl\u00eden los universos sociales y culturales de la comunidad.<\/p>\n\n\n\n<p>\u00abTomamos la decisi\u00f3n de armar el <strong>Instituto Terciario N\u00e9stor Kirchner<\/strong> que comenz\u00f3 en el a\u00f1o 2013 porque ya nadie quer\u00eda ense\u00f1ar en este lugar.\u00a0 <strong>Cuartel V<\/strong> es la localidad m\u00e1s alejada del centro de<strong> Moreno<\/strong>, con muchas calles rotas y en muchos lugares donde no entraba el transporte p\u00fablico. Por eso venir a ense\u00f1ar ac\u00e1 requiere un nivel de compromiso importante y empezaban a faltar docentes\u00bb explic\u00f3 <strong>Mariel Fern\u00e1ndez<\/strong> y prosigui\u00f3: \u00abNosotras y nosotros cre\u00edamos que esta comunidad organiz\u00e1ndose pod\u00eda crear un centro cultural en uno de los barrios m\u00e1s pobres de Moreno y brindar educaci\u00f3n, por eso trabajamos mucho la identidad cultural.\u00bb<\/p>\n\n\n\n<p>Por su parte, el titular de la cartera educativa nacional expres\u00f3: \u201cEl Proyecto CERCA es una muestra m\u00e1s de la necesidad de pol\u00edticas p\u00fablicas articuladas de manera interministerial para potenciar el acceso y la garant\u00eda de los derechos de nuestros ni\u00f1os, ni\u00f1as y adolescentes\u201d, concluy\u00f3 el ministro.<\/p>\n\n\n\n<p>Por otro lado, el ministro de <strong>Desarrollo Social de la Naci\u00f3n<\/strong>, <strong>Daniel Arroyo<\/strong>, manifest\u00f3: \u00abEs un orgullo acompa\u00f1ar esta inauguraci\u00f3n del primer <strong>Centro Cerca<\/strong>, porque son fundamentales para acompa\u00f1ar el regreso de las chicos y los chicos a la escuela, que es lo mejor que tiene nuestro pa\u00eds\u00bb. Y agreg\u00f3: \u00abEs un tiempo de reconstrucci\u00f3n, de hacer cambios profundos, y el programa Cerca va en ese camino, porque es una pol\u00edtica innovadora que ha encarado el Ministerio de Educaci\u00f3n\u00bb.<\/p>\n\n\n\n<p><br>Durante el acto, participaron por parte del Ministerio de Educaci\u00f3n de la Naci\u00f3n, la secretaria de Educaci\u00f3n, Marisa D\u00edaz; la subsecretaria de Educaci\u00f3n Social y Cultura, Laura Sirotzky; y la Directora de Educaci\u00f3n Comunitaria Natalia Peluso. Por parte del Municipio participaron la secretaria de Desarrollo Comunitario, Noelia Saavedra y el secretario de Cultura, Educaci\u00f3n y Deportes, Roberto del Regno.<\/p>\n\n\n\n<figure class=\"wp-block-gallery columns-3 is-cropped wp-block-gallery-1 is-layout-flex wp-block-gallery-is-layout-flex\"><ul class=\"blocks-gallery-grid\"><li class=\"blocks-gallery-item\"><figure><a href=\"https:\/\/morenoprimero.com.ar\/wp-content\/uploads\/2021\/07\/Cerca1.jpeg\"><img loading=\"lazy\" decoding=\"async\" width=\"1024\" height=\"682\" src=\"https:\/\/morenoprimero.com.ar\/wp-content\/uploads\/2021\/07\/Cerca1.jpeg\" alt=\"\" data-id=\"15242\" class=\"wp-image-15242\" srcset=\"https:\/\/morenoprimero.com.ar\/archivo\/wp-content\/uploads\/2021\/07\/Cerca1.jpeg 1024w, https:\/\/morenoprimero.com.ar\/archivo\/wp-content\/uploads\/2021\/07\/Cerca1-300x200.jpeg 300w, https:\/\/morenoprimero.com.ar\/archivo\/wp-content\/uploads\/2021\/07\/Cerca1-768x512.jpeg 768w\" sizes=\"auto, (max-width: 1024px) 100vw, 1024px\" \/><\/a><\/figure><\/li><li class=\"blocks-gallery-item\"><figure><a href=\"https:\/\/morenoprimero.com.ar\/wp-content\/uploads\/2021\/07\/Cerca5.jpeg\"><img loading=\"lazy\" decoding=\"async\" width=\"1024\" height=\"682\" src=\"https:\/\/morenoprimero.com.ar\/wp-content\/uploads\/2021\/07\/Cerca5.jpeg\" alt=\"\" data-id=\"15243\" data-link=\"https:\/\/morenoprimero.com.ar\/?attachment_id=15243\" class=\"wp-image-15243\" srcset=\"https:\/\/morenoprimero.com.ar\/archivo\/wp-content\/uploads\/2021\/07\/Cerca5.jpeg 1024w, https:\/\/morenoprimero.com.ar\/archivo\/wp-content\/uploads\/2021\/07\/Cerca5-300x200.jpeg 300w, https:\/\/morenoprimero.com.ar\/archivo\/wp-content\/uploads\/2021\/07\/Cerca5-768x512.jpeg 768w\" sizes=\"auto, (max-width: 1024px) 100vw, 1024px\" \/><\/a><\/figure><\/li><li class=\"blocks-gallery-item\"><figure><a href=\"https:\/\/morenoprimero.com.ar\/wp-content\/uploads\/2021\/07\/Cerca4.jpeg\"><img loading=\"lazy\" decoding=\"async\" width=\"1024\" height=\"682\" src=\"https:\/\/morenoprimero.com.ar\/wp-content\/uploads\/2021\/07\/Cerca4.jpeg\" alt=\"\" data-id=\"15245\" data-full-url=\"https:\/\/morenoprimero.com.ar\/wp-content\/uploads\/2021\/07\/Cerca4.jpeg\" data-link=\"https:\/\/morenoprimero.com.ar\/?attachment_id=15245\" class=\"wp-image-15245\" srcset=\"https:\/\/morenoprimero.com.ar\/archivo\/wp-content\/uploads\/2021\/07\/Cerca4.jpeg 1024w, https:\/\/morenoprimero.com.ar\/archivo\/wp-content\/uploads\/2021\/07\/Cerca4-300x200.jpeg 300w, https:\/\/morenoprimero.com.ar\/archivo\/wp-content\/uploads\/2021\/07\/Cerca4-768x512.jpeg 768w\" sizes=\"auto, (max-width: 1024px) 100vw, 1024px\" \/><\/a><\/figure><\/li><\/ul><\/figure>\n\n\n\n<p><\/p>\n\n\n\n<p><\/p>\n\n\n\n<p><\/p>\n\n\n\n<p><\/p>\n","protected":false},"excerpt":{"rendered":"<p>La intendenta de Moreno junto con el titular de la cartera educativa nacional y el ministro nacional de Desarrollo Social inauguraron el primer centro Cerca en Cuartel V, un proyecto que tiene como objetivo fortalecer la revinculaci\u00f3n de las chicas &hellip; <a href=\"https:\/\/morenoprimero.com.ar\/archivo\/cuartel-v-tiene-el-primer-centro-socioeducativo-comunitario-del-pais\/\">Sigue leyendo <span class=\"meta-nav\">&rarr;<\/span><\/a><\/p>\n","protected":false},"author":6,"featured_media":15240,"comment_status":"closed","ping_status":"closed","sticky":false,"template":"","format":"standard","meta":{"footnotes":""},"categories":[2458,578,21,2328],"tags":[2727,2725,2726,2728,713],"class_list":["post-15238","post","type-post","status-publish","format-standard","has-post-thumbnail","hentry","category-cuartelv","category-educacion","category-interes-general","category-local","tag-centro-cultural-la-chicharra","tag-centro-socioeducativo","tag-comunitario","tag-ministerio-de-desarrollo-social-dela-nacion","tag-ministerio-de-educacion-de-la-nacion"],"_links":{"self":[{"href":"https:\/\/morenoprimero.com.ar\/archivo\/wp-json\/wp\/v2\/posts\/15238","targetHints":{"allow":["GET"]}}],"collection":[{"href":"https:\/\/morenoprimero.com.ar\/archivo\/wp-json\/wp\/v2\/posts"}],"about":[{"href":"https:\/\/morenoprimero.com.ar\/archivo\/wp-json\/wp\/v2\/types\/post"}],"author":[{"embeddable":true,"href":"https:\/\/morenoprimero.com.ar\/archivo\/wp-json\/wp\/v2\/users\/6"}],"replies":[{"embeddable":true,"href":"https:\/\/morenoprimero.com.ar\/archivo\/wp-json\/wp\/v2\/comments?post=15238"}],"version-history":[{"count":3,"href":"https:\/\/morenoprimero.com.ar\/archivo\/wp-json\/wp\/v2\/posts\/15238\/revisions"}],"predecessor-version":[{"id":15249,"href":"https:\/\/morenoprimero.com.ar\/archivo\/wp-json\/wp\/v2\/posts\/15238\/revisions\/15249"}],"wp:featuredmedia":[{"embeddable":true,"href":"https:\/\/morenoprimero.com.ar\/archivo\/wp-json\/wp\/v2\/media\/15240"}],"wp:attachment":[{"href":"https:\/\/morenoprimero.com.ar\/archivo\/wp-json\/wp\/v2\/media?parent=15238"}],"wp:term":[{"taxonomy":"category","embeddable":true,"href":"https:\/\/morenoprimero.com.ar\/archivo\/wp-json\/wp\/v2\/categories?post=15238"},{"taxonomy":"post_tag","embeddable":true,"href":"https:\/\/morenoprimero.com.ar\/archivo\/wp-json\/wp\/v2\/tags?post=15238"}],"curies":[{"name":"wp","href":"https:\/\/api.w.org\/{rel}","templated":true}]}}