{"id":15182,"date":"2021-07-12T18:50:56","date_gmt":"2021-07-12T21:50:56","guid":{"rendered":"https:\/\/morenoprimero.com.ar\/?p=15182"},"modified":"2021-07-14T17:24:37","modified_gmt":"2021-07-14T20:24:37","slug":"mas-de-10-mil-morenenses-vacunados-contra-el-covid-19-el-fin-de-semana","status":"publish","type":"post","link":"https:\/\/morenoprimero.com.ar\/archivo\/mas-de-10-mil-morenenses-vacunados-contra-el-covid-19-el-fin-de-semana\/","title":{"rendered":"Moreno super\u00f3 las 10 mil personas vacunadas este fin de semana"},"content":{"rendered":"\n<h4 class=\"wp-block-heading\">En Moreno fueron <strong>3.266<\/strong> las dosis aplicadas en el marco del <strong>Operativo Itinerante de Vacunaci\u00f3n contra el Covid-19 <\/strong>de la Provincia de Buenos Aires, llevado a cabo el pasado 9 y 10 de julio. Se sumaron a las postas de vacunaci\u00f3n ya instaladas, y en total superaron los <strong>10 mil morenenses vacunados<\/strong>. <\/h4>\n\n\n\n<p>El pasado&nbsp;Viernes&nbsp;y&nbsp;S\u00e1bado&nbsp;se instalaron 4 postas de vacunaci\u00f3n en Moreno, que formaron parte del <strong>Operativo Itinerante que se llev\u00f3 adelante en toda la Provincia de Buenos Aires.&nbsp;<\/strong><\/p>\n\n\n\n<p>Trabajadores de Salud, Educaci\u00f3n y Seguridad que no recibieron la primera dosis, personas mayores de 40 a\u00f1os, personas gestantes, y mayores de 18 a\u00f1os con enfermedades prevalentes, recibieron <strong>vacunaci\u00f3n libre -sin turnos asignados- de la primera dosis.&nbsp;<\/strong><\/p>\n\n\n\n<figure class=\"wp-block-image\"><img decoding=\"async\" src=\"https:\/\/pbs.twimg.com\/media\/E5-S8luXMAEzUEj?format=jpg&amp;name=large\" alt=\"Imagen\"\/><\/figure>\n\n\n\n<p>Las cuatro postas fueron instaladas en<strong> Trujui, Moreno Sur, Francisco \u00c1lvarez, y La Reja<\/strong>. All\u00ed se acercaron miles de&nbsp;morenenses&nbsp;y se aplicaron en total <strong>3.266 dosis de la vacuna contra el Covid-19<\/strong>. Las mismas, se sumaron a las postas de vacunaci\u00f3n ya existentes que continuaron con el proceso de vacunaci\u00f3n.&nbsp;<\/p>\n\n\n\n<p>Mientras que el 8 de julio hubo 217.002 dosis aplicadas, de las cuales 173.406 corresponden a la primera dosis y 43.596 corresponde a la segunda, hoy 12 de julio hay un total de 227.287 dosis aplicadas, de las cuales 182.012 corresponden a la primera dosis y 25.275 corresponden a la segunda dosis.<strong> En total, se aplicaron 10.285 dosis tan s\u00f3lo en el fin de semana, en el distrito de Moreno.<\/strong><\/p>\n\n\n\n<figure class=\"wp-block-image\"><img decoding=\"async\" src=\"https:\/\/pbs.twimg.com\/media\/E5-S8ltXMAc7qfN?format=jpg&amp;name=large\" alt=\"Imagen\"\/><\/figure>\n\n\n\n<p><strong>&nbsp;<\/strong><\/p>\n\n\n\n<h2 class=\"wp-block-heading\">En la Provincia de Buenos Aires&nbsp;<\/h2>\n\n\n\n<p><strong>M\u00e1s de 65 mil bonaerenses que no contaban con turno previo<\/strong> fueron inmunizados contra el Covid-19 en el marco de las jornadas provinciales de vacunaci\u00f3n que se llevaron a cabo entre el 9 y el 10 de julio<strong>. Recibieron su primera dosis en las 100 postas itinerantes que se emplazaron en estaciones de tren, instituciones y clubes de barrio para inocular a quienes tienen acceso libre a la vacuna<\/strong>.&nbsp;&nbsp;<\/p>\n\n\n\n<figure class=\"wp-block-embed is-type-rich is-provider-twitter wp-block-embed-twitter\"><div class=\"wp-block-embed__wrapper\">\nhttps:\/\/twitter.com\/SaludBAP\/status\/1414206541431984133\n<\/div><\/figure>\n\n\n\n<p>Durante estos dos d\u00edas,<strong> se sum\u00f3 la participaci\u00f3n de 2.500 promotores y promotoras de la salud que visitaron m\u00e1s de 75 mil casas<\/strong> para convocar a quienes tienen acceso a la vacunaci\u00f3n libre y brindar asistencia a los y las bonaerenses que requer\u00edan apoyo para registrarse en Buenos Aires&nbsp;Vacunate.&nbsp;<\/p>\n\n\n\n<p>El d\u00eda de ayer, Domingo 11 de julio, <strong>desde el Ministerio de Salud de la Provincia de Buenos Aires informaron que comenz\u00f3 la entrega de turnos a personas de entre 18 y 39 a\u00f1os sin&nbsp;comorbilidades&nbsp;previas.&nbsp;<\/strong><\/p>\n\n\n\n<figure class=\"wp-block-embed is-type-rich is-provider-twitter wp-block-embed-twitter\"><div class=\"wp-block-embed__wrapper\">\n<blockquote class=\"twitter-tweet\" data-width=\"550\" data-dnt=\"true\"><p lang=\"es\" dir=\"ltr\">\ud83d\udce3ATENCI\u00d3N ENV\u00cdO DE TURNOS\ud83d\udce3<br> <br>Se est\u00e1n enviando 514.672 nuevos turnos para la vacunaci\u00f3n de primeras dosis de mayores de 18 hasta 39 sin comorbilidades.   <br>   <br>Revis\u00e1 tu mail, la p\u00e1gina o la aplicaci\u00f3n\ud83d\udc40  <br> <a href=\"https:\/\/twitter.com\/hashtag\/BuenosAiresVacunate?src=hash&amp;ref_src=twsrc%5Etfw\">#BuenosAiresVacunate<\/a> \u2764\ufe0f\ud83d\udc89\u2764\ufe0f <a href=\"https:\/\/twitter.com\/BAProvincia?ref_src=twsrc%5Etfw\">@BAProvincia<\/a> <a href=\"https:\/\/t.co\/bUc8wAsPyu\">pic.twitter.com\/bUc8wAsPyu<\/a><\/p>&mdash; SaludBAP (@SaludBAP) <a href=\"https:\/\/twitter.com\/SaludBAP\/status\/1414241589128486922?ref_src=twsrc%5Etfw\">July 11, 2021<\/a><\/blockquote><script async src=\"https:\/\/platform.twitter.com\/widgets.js\" charset=\"utf-8\"><\/script>\n<\/div><\/figure>\n","protected":false},"excerpt":{"rendered":"<p>En Moreno fueron 3.266 las dosis aplicadas en el marco del Operativo Itinerante de Vacunaci\u00f3n contra el Covid-19 de la Provincia de Buenos Aires, llevado a cabo el pasado 9 y 10 de julio. Se sumaron a las postas de &hellip; <a href=\"https:\/\/morenoprimero.com.ar\/archivo\/mas-de-10-mil-morenenses-vacunados-contra-el-covid-19-el-fin-de-semana\/\">Sigue leyendo <span class=\"meta-nav\">&rarr;<\/span><\/a><\/p>\n","protected":false},"author":6,"featured_media":15183,"comment_status":"closed","ping_status":"closed","sticky":false,"template":"","format":"standard","meta":{"footnotes":""},"categories":[3,2328,536],"tags":[1399,1470,1817],"class_list":["post-15182","post","type-post","status-publish","format-standard","has-post-thumbnail","hentry","category-importantes","category-local","category-salud","tag-buenos-aires-vacunate","tag-vacunacion-2","tag-vacunacion-contra-el-coronavirus"],"_links":{"self":[{"href":"https:\/\/morenoprimero.com.ar\/archivo\/wp-json\/wp\/v2\/posts\/15182","targetHints":{"allow":["GET"]}}],"collection":[{"href":"https:\/\/morenoprimero.com.ar\/archivo\/wp-json\/wp\/v2\/posts"}],"about":[{"href":"https:\/\/morenoprimero.com.ar\/archivo\/wp-json\/wp\/v2\/types\/post"}],"author":[{"embeddable":true,"href":"https:\/\/morenoprimero.com.ar\/archivo\/wp-json\/wp\/v2\/users\/6"}],"replies":[{"embeddable":true,"href":"https:\/\/morenoprimero.com.ar\/archivo\/wp-json\/wp\/v2\/comments?post=15182"}],"version-history":[{"count":7,"href":"https:\/\/morenoprimero.com.ar\/archivo\/wp-json\/wp\/v2\/posts\/15182\/revisions"}],"predecessor-version":[{"id":15237,"href":"https:\/\/morenoprimero.com.ar\/archivo\/wp-json\/wp\/v2\/posts\/15182\/revisions\/15237"}],"wp:featuredmedia":[{"embeddable":true,"href":"https:\/\/morenoprimero.com.ar\/archivo\/wp-json\/wp\/v2\/media\/15183"}],"wp:attachment":[{"href":"https:\/\/morenoprimero.com.ar\/archivo\/wp-json\/wp\/v2\/media?parent=15182"}],"wp:term":[{"taxonomy":"category","embeddable":true,"href":"https:\/\/morenoprimero.com.ar\/archivo\/wp-json\/wp\/v2\/categories?post=15182"},{"taxonomy":"post_tag","embeddable":true,"href":"https:\/\/morenoprimero.com.ar\/archivo\/wp-json\/wp\/v2\/tags?post=15182"}],"curies":[{"name":"wp","href":"https:\/\/api.w.org\/{rel}","templated":true}]}}