{"id":15118,"date":"2021-07-08T20:22:15","date_gmt":"2021-07-08T23:22:15","guid":{"rendered":"https:\/\/morenoprimero.com.ar\/?p=15118"},"modified":"2021-07-08T20:22:16","modified_gmt":"2021-07-08T23:22:16","slug":"miguel-gomez-cuando-el-estado-esta-presente-a-nivel-nacional-provincial-y-municipal-genera-mayor-impacto","status":"publish","type":"post","link":"https:\/\/morenoprimero.com.ar\/archivo\/miguel-gomez-cuando-el-estado-esta-presente-a-nivel-nacional-provincial-y-municipal-genera-mayor-impacto\/","title":{"rendered":"Miguel G\u00f3mez: \u00abCuando el Estado est\u00e1 presente a nivel nacional, provincial y municipal, genera mayor impacto\u00bb"},"content":{"rendered":"\n<h4 class=\"wp-block-heading\">El secretario de Agricultura Familiar, Campesina e Ind\u00edgena, en di\u00e1logo con Moreno Primero, expres\u00f3 la importancia de tener parques agrarios agroecol\u00f3gicos en el distrito. En esta nota, explic\u00f3 cu\u00e1l es el objetivo de la ley de Fomento a la Agroecolog\u00eda y cu\u00e1les son algunas cuestiones que la atraviesan como, por ejemplo, la certificaci\u00f3n participativa de los productos.<\/h4>\n\n\n\n<p>Miguel G\u00f3mez es el secretario de Agricultura Familiar, Campesina e Ind\u00edgena de la naci\u00f3n y fue parte de la presentaci\u00f3n de la ley de Fomento a la Agroecolog\u00eda que se realiz\u00f3 en el Parque Agrario Agroecol\u00f3gico en Cuartel V hace una semana. Su&nbsp;<strong>acercamiento al Movimiento Campesino de Santiago del Estero (MOCASE V\u00eda Campesina) se di\u00f3 en 1999 y, en 2003, cuando se cre\u00f3 el Movimiento Nacional Campesino Ind\u00edgena-V\u00eda Campesina, fue uno de sus referentes. <\/strong><\/p>\n\n\n\n<p><strong>En 2011, comenz\u00f3 un proceso de acercamiento al Movimiento Evita, tras el asesinato de Cristian Ferreyra,<\/strong>&nbsp;el joven campesino que fue asesinado en el marco de una disputa de tierras entre la comunidad&nbsp;<strong>Lule Vilela de Santiago del Estero<\/strong>&nbsp;y empresarios. Miguel G\u00f3mez tambi\u00e9n se convirti\u00f3 en referente del&nbsp;<strong>Frente Agrario&nbsp;Evita<\/strong>.<\/p>\n\n\n\n<p>En relaci\u00f3n a la agroecolog\u00eda, <strong>Miguel G\u00f3mez<\/strong> expres\u00f3 que Moreno \u00abtom\u00f3 la iniciativa de poner en debate la discusi\u00f3n de la agroecolog\u00eda&nbsp;y fue en el proceso que se fue construyendo esta ley, que se present\u00f3 primero en Corrientes y hoy se hace Buenos Aires\u00bb, y agreg\u00f3 que \u00abno es cotidiano que una intendenta asuma una propuesta de producci\u00f3n agroecol\u00f3gica\u00bb. <\/p>\n\n\n\n<blockquote class=\"wp-block-quote is-layout-flow wp-block-quote-is-layout-flow\"><p>\u00abCuando el Estado est\u00e1 presente a nivel nacional, provincial y en articulaci\u00f3n con los municipios, tiene un dinamismo mejor y puede generar mayor impacto. Adem\u00e1s, en Moreno se est\u00e1 discutiendo el ordenamiento territorial que&nbsp;tambi\u00e9n&nbsp;propone esta ley, pensar la distribuci\u00f3n de nuestras tierras\u00bb.<\/p><\/blockquote>\n\n\n\n<blockquote class=\"wp-block-quote is-layout-flow wp-block-quote-is-layout-flow\"><p>Por otro lado, sostuvo que \u00abesta es una ley nacional, de fomento, que plantea la construcci\u00f3n de un nuevo paradigma productivo que pone en el centro a las personas y a la tierra\u00bb.<\/p><\/blockquote>\n\n\n\n<p>Por \u00faltimo, consultado acerca de la certificaci\u00f3n de los productos, mencion\u00f3 que \u00ab<strong>la certificaci\u00f3n tiene que ser participativa, tienen que ser los mismos productores que certifiquen y tenemos que trabajar hacia una pol\u00edtica de certificaci\u00f3n de alimentos para que todos sepamos qu\u00e9 consumimos<\/strong>\u00ab.<\/p>\n","protected":false},"excerpt":{"rendered":"<p>El secretario de Agricultura Familiar, Campesina e Ind\u00edgena, en di\u00e1logo con Moreno Primero, expres\u00f3 la importancia de tener parques agrarios agroecol\u00f3gicos en el distrito. En esta nota, explic\u00f3 cu\u00e1l es el objetivo de la ley de Fomento a la Agroecolog\u00eda &hellip; <a href=\"https:\/\/morenoprimero.com.ar\/archivo\/miguel-gomez-cuando-el-estado-esta-presente-a-nivel-nacional-provincial-y-municipal-genera-mayor-impacto\/\">Sigue leyendo <span class=\"meta-nav\">&rarr;<\/span><\/a><\/p>\n","protected":false},"author":6,"featured_media":15132,"comment_status":"closed","ping_status":"closed","sticky":false,"template":"","format":"standard","meta":{"footnotes":""},"categories":[496,2458,3,2328],"tags":[2707,156,2663,6,748],"class_list":["post-15118","post","type-post","status-publish","format-standard","has-post-thumbnail","hentry","category-ambiente","category-cuartelv","category-importantes","category-local","tag-agricultura-familiar-campesina-e-indigena","tag-cuartel-v","tag-ley-de-fomento-a-la-agroecologia","tag-moreno","tag-parques-agroecologicos"],"_links":{"self":[{"href":"https:\/\/morenoprimero.com.ar\/archivo\/wp-json\/wp\/v2\/posts\/15118","targetHints":{"allow":["GET"]}}],"collection":[{"href":"https:\/\/morenoprimero.com.ar\/archivo\/wp-json\/wp\/v2\/posts"}],"about":[{"href":"https:\/\/morenoprimero.com.ar\/archivo\/wp-json\/wp\/v2\/types\/post"}],"author":[{"embeddable":true,"href":"https:\/\/morenoprimero.com.ar\/archivo\/wp-json\/wp\/v2\/users\/6"}],"replies":[{"embeddable":true,"href":"https:\/\/morenoprimero.com.ar\/archivo\/wp-json\/wp\/v2\/comments?post=15118"}],"version-history":[{"count":4,"href":"https:\/\/morenoprimero.com.ar\/archivo\/wp-json\/wp\/v2\/posts\/15118\/revisions"}],"predecessor-version":[{"id":15156,"href":"https:\/\/morenoprimero.com.ar\/archivo\/wp-json\/wp\/v2\/posts\/15118\/revisions\/15156"}],"wp:featuredmedia":[{"embeddable":true,"href":"https:\/\/morenoprimero.com.ar\/archivo\/wp-json\/wp\/v2\/media\/15132"}],"wp:attachment":[{"href":"https:\/\/morenoprimero.com.ar\/archivo\/wp-json\/wp\/v2\/media?parent=15118"}],"wp:term":[{"taxonomy":"category","embeddable":true,"href":"https:\/\/morenoprimero.com.ar\/archivo\/wp-json\/wp\/v2\/categories?post=15118"},{"taxonomy":"post_tag","embeddable":true,"href":"https:\/\/morenoprimero.com.ar\/archivo\/wp-json\/wp\/v2\/tags?post=15118"}],"curies":[{"name":"wp","href":"https:\/\/api.w.org\/{rel}","templated":true}]}}