{"id":15044,"date":"2021-07-07T19:01:28","date_gmt":"2021-07-07T22:01:28","guid":{"rendered":"https:\/\/morenoprimero.com.ar\/?p=15044"},"modified":"2021-07-07T19:01:28","modified_gmt":"2021-07-07T22:01:28","slug":"avanza-el-mejoramiento-de-plazas-de-moreno","status":"publish","type":"post","link":"https:\/\/morenoprimero.com.ar\/archivo\/avanza-el-mejoramiento-de-plazas-de-moreno\/","title":{"rendered":"Avanza el mejoramiento de plazas de Moreno"},"content":{"rendered":"\n<p>El <strong>Municipio de Moreno<\/strong>, a trav\u00e9s del<strong> IMDEL<\/strong> y en conjunto con titulares del <strong>Programa Potenciar Trabajo<\/strong>, realiza mejoras y embellecimiento de plazas con el prop\u00f3sito de recuperar los espacios verdes del distrito y que las vecinas y los vecinos puedan disfrutarlos y as\u00ed contribuir a mejorar su calidad de vida. En las \u00faltimas semanas, se trabaj\u00f3 en plazas de las localidades de <strong>Moreno Centro, Moreno Sur <\/strong>y <strong>Paso del Rey.<\/strong><\/p>\n\n\n\n<p>En la <strong>Plaza Villa Anita<\/strong> ubicada en<strong> Moreno Centro<\/strong>, se repararon las veredas, se pintaron los juegos y el anfiteatro y se plant\u00f3 flora de especies nativas. Adem\u00e1s se realiz\u00f3 el mantenimiento de limpieza general de todo el predio.<\/p>\n\n\n\n<figure class=\"wp-block-image size-large\"><a href=\"https:\/\/morenoprimero.com.ar\/wp-content\/uploads\/2021\/07\/Casasco.jpeg\"><img loading=\"lazy\" decoding=\"async\" width=\"1024\" height=\"682\" src=\"https:\/\/morenoprimero.com.ar\/wp-content\/uploads\/2021\/07\/Casasco.jpeg\" alt=\"\" class=\"wp-image-15047\" srcset=\"https:\/\/morenoprimero.com.ar\/archivo\/wp-content\/uploads\/2021\/07\/Casasco.jpeg 1024w, https:\/\/morenoprimero.com.ar\/archivo\/wp-content\/uploads\/2021\/07\/Casasco-300x200.jpeg 300w, https:\/\/morenoprimero.com.ar\/archivo\/wp-content\/uploads\/2021\/07\/Casasco-768x512.jpeg 768w\" sizes=\"auto, (max-width: 1024px) 100vw, 1024px\" \/><\/a><\/figure>\n\n\n\n<p>En la <strong>Plaza Casasco Federal<\/strong> de la localidad de <strong>Moreno Sur<\/strong>, se llevaron adelante tareas de mantenimiento, arreglos en general, pintura de juegos y colocaci\u00f3n de nuevos cestos para basura. Tambi\u00e9n se realiz\u00f3 el tendido de hormig\u00f3n, reforzado con malla de acero, sobre las veredas perimetrales de la plaza. De esta forma, pronto las vecinas y vecinos de <strong>Casasco Federal <\/strong>podr\u00edan disfrutar de un espacio verde de calidad en el coraz\u00f3n del barrio.<\/p>\n\n\n\n<p>Por otra parte, en la <strong>Plaza Bongiovanni<\/strong> ubicada en <strong>Paso del Rey<\/strong>, se realiz\u00f3 el movimiento del suelo y la demarcaci\u00f3n de veredas para colocar una malla y carpeta de. Las obras en esta plaza incluye <strong>luminarias, refacci\u00f3n y colocaci\u00f3n de nuevos juegos, reacondicionamiento del play\u00f3n multiuso, instalaci\u00f3n de mesas y bancos premoldeados de hormig\u00f3n, forestaci\u00f3n con plantas nativas y cestos de basura.<\/strong><\/p>\n\n\n\n<figure class=\"wp-block-image size-large\"><a href=\"https:\/\/morenoprimero.com.ar\/wp-content\/uploads\/2021\/07\/Bongiovanni.jpeg\"><img loading=\"lazy\" decoding=\"async\" width=\"1024\" height=\"682\" src=\"https:\/\/morenoprimero.com.ar\/wp-content\/uploads\/2021\/07\/Bongiovanni-1024x682.jpeg\" alt=\"\" class=\"wp-image-15046\" srcset=\"https:\/\/morenoprimero.com.ar\/archivo\/wp-content\/uploads\/2021\/07\/Bongiovanni-1024x682.jpeg 1024w, https:\/\/morenoprimero.com.ar\/archivo\/wp-content\/uploads\/2021\/07\/Bongiovanni-300x200.jpeg 300w, https:\/\/morenoprimero.com.ar\/archivo\/wp-content\/uploads\/2021\/07\/Bongiovanni-768x512.jpeg 768w, https:\/\/morenoprimero.com.ar\/archivo\/wp-content\/uploads\/2021\/07\/Bongiovanni.jpeg 1280w\" sizes=\"auto, (max-width: 1024px) 100vw, 1024px\" \/><\/a><\/figure>\n\n\n\n<p><\/p>\n","protected":false},"excerpt":{"rendered":"<p>El Municipio de Moreno, a trav\u00e9s del IMDEL y en conjunto con titulares del Programa Potenciar Trabajo, realiza mejoras y embellecimiento de plazas con el prop\u00f3sito de recuperar los espacios verdes del distrito y que las vecinas y los vecinos &hellip; <a href=\"https:\/\/morenoprimero.com.ar\/archivo\/avanza-el-mejoramiento-de-plazas-de-moreno\/\">Sigue leyendo <span class=\"meta-nav\">&rarr;<\/span><\/a><\/p>\n","protected":false},"author":6,"featured_media":15045,"comment_status":"closed","ping_status":"closed","sticky":false,"template":"","format":"standard","meta":{"footnotes":""},"categories":[2328],"tags":[242,276,6,342,367,253,2702],"class_list":["post-15044","post","type-post","status-publish","format-standard","has-post-thumbnail","hentry","category-local","tag-imdel","tag-mariel-fernandez","tag-moreno","tag-moreno-centro","tag-moreno-sur","tag-paso-del-rey","tag-potenciar"],"_links":{"self":[{"href":"https:\/\/morenoprimero.com.ar\/archivo\/wp-json\/wp\/v2\/posts\/15044","targetHints":{"allow":["GET"]}}],"collection":[{"href":"https:\/\/morenoprimero.com.ar\/archivo\/wp-json\/wp\/v2\/posts"}],"about":[{"href":"https:\/\/morenoprimero.com.ar\/archivo\/wp-json\/wp\/v2\/types\/post"}],"author":[{"embeddable":true,"href":"https:\/\/morenoprimero.com.ar\/archivo\/wp-json\/wp\/v2\/users\/6"}],"replies":[{"embeddable":true,"href":"https:\/\/morenoprimero.com.ar\/archivo\/wp-json\/wp\/v2\/comments?post=15044"}],"version-history":[{"count":1,"href":"https:\/\/morenoprimero.com.ar\/archivo\/wp-json\/wp\/v2\/posts\/15044\/revisions"}],"predecessor-version":[{"id":15048,"href":"https:\/\/morenoprimero.com.ar\/archivo\/wp-json\/wp\/v2\/posts\/15044\/revisions\/15048"}],"wp:featuredmedia":[{"embeddable":true,"href":"https:\/\/morenoprimero.com.ar\/archivo\/wp-json\/wp\/v2\/media\/15045"}],"wp:attachment":[{"href":"https:\/\/morenoprimero.com.ar\/archivo\/wp-json\/wp\/v2\/media?parent=15044"}],"wp:term":[{"taxonomy":"category","embeddable":true,"href":"https:\/\/morenoprimero.com.ar\/archivo\/wp-json\/wp\/v2\/categories?post=15044"},{"taxonomy":"post_tag","embeddable":true,"href":"https:\/\/morenoprimero.com.ar\/archivo\/wp-json\/wp\/v2\/tags?post=15044"}],"curies":[{"name":"wp","href":"https:\/\/api.w.org\/{rel}","templated":true}]}}