{"id":1467,"date":"2020-08-20T13:20:39","date_gmt":"2020-08-20T13:20:39","guid":{"rendered":"https:\/\/morenoprimero.com.ar\/?p=1467"},"modified":"2020-08-20T13:24:12","modified_gmt":"2020-08-20T13:24:12","slug":"secuestran-una-replica-de-ametralladora-antiaerea-en-francisco-alvarez","status":"publish","type":"post","link":"https:\/\/morenoprimero.com.ar\/archivo\/secuestran-una-replica-de-ametralladora-antiaerea-en-francisco-alvarez\/","title":{"rendered":"SECUESTRAN UNA R\u00c9PLICA DE AMETRALLADORA ANTIA\u00c9REA EN FRANCISCO \u00c1LVAREZ"},"content":{"rendered":"\n<figure class=\"wp-block-image size-large\"><img loading=\"lazy\" decoding=\"async\" width=\"1024\" height=\"768\" src=\"https:\/\/morenoprimero.com.ar\/wp-content\/uploads\/2020\/08\/WhatsApp-Image-2020-08-20-at-10.20.36-AM-1024x768.jpeg\" alt=\"\" class=\"wp-image-1480\" srcset=\"https:\/\/morenoprimero.com.ar\/archivo\/wp-content\/uploads\/2020\/08\/WhatsApp-Image-2020-08-20-at-10.20.36-AM-1024x768.jpeg 1024w, https:\/\/morenoprimero.com.ar\/archivo\/wp-content\/uploads\/2020\/08\/WhatsApp-Image-2020-08-20-at-10.20.36-AM-300x225.jpeg 300w, https:\/\/morenoprimero.com.ar\/archivo\/wp-content\/uploads\/2020\/08\/WhatsApp-Image-2020-08-20-at-10.20.36-AM-768x576.jpeg 768w, https:\/\/morenoprimero.com.ar\/archivo\/wp-content\/uploads\/2020\/08\/WhatsApp-Image-2020-08-20-at-10.20.36-AM.jpeg 1280w\" sizes=\"auto, (max-width: 1024px) 100vw, 1024px\" \/><\/figure>\n\n\n\n<p><\/p>\n\n\n\n<p><strong>Seis acusados de vender drogas y cometer robos en zona oeste fueron detenidos, y al \u00abl\u00edder\u00bb le secuestraron varias armas que guardaba en su casa.<\/strong><\/p>\n\n\n\n<p>Los seis integrantes de la denominada&nbsp;<strong>\u00abBanda de la antia\u00e9rea\u00bb<\/strong>&nbsp;fueron detenidos luego de una investigaci\u00f3n que se inici\u00f3 en junio \u00faltimo, cuando vecinos de Mariano Acosta, Merlo, denunciaron los habituales enfrentamientos a tiros entre integrantes de dos grupos de vendedores de drogas en la zona.<\/p>\n\n\n\n<p>Fuentes policiales y judiciales informaron a la agencia de noticias T\u00e9lam que en el marco de una causa iniciada por la Unidad Funcional de instrucci\u00f3n y Juicio (UFIJ) N\u00b09 de Mor\u00f3n, efectivos de la Delegaci\u00f3n Departamental de Investigaciones del Tr\u00e1fico de Drogas Il\u00edcitas de ese distrito realizaron diversos allanamientos. El m\u00e1s importante se produjo en el barrio privado \u00abLa Escondida\u00bb, de Francisco \u00c1lvarez, donde fue apresado el que, al entender de los pesquisas, es l\u00edder de la organizaci\u00f3n: \u00abEl Loco Jorge\u00bb.<\/p>\n\n\n\n<p>En esa vivienda, los efectivos encontraron una r\u00e9plica de una ametralladora antia\u00e9rea, dos escopetas calibre 22, una con mira telesc\u00f3pica; un pistol\u00f3n calibre 16, una pistola Bersa Thunder, tres cargadores y municiones.<\/p>\n","protected":false},"excerpt":{"rendered":"<p>Seis acusados de vender drogas y cometer robos en zona oeste fueron detenidos, y al \u00abl\u00edder\u00bb le secuestraron varias armas que guardaba en su casa. Los seis integrantes de la denominada&nbsp;\u00abBanda de la antia\u00e9rea\u00bb&nbsp;fueron detenidos luego de una investigaci\u00f3n que &hellip; <a href=\"https:\/\/morenoprimero.com.ar\/archivo\/secuestran-una-replica-de-ametralladora-antiaerea-en-francisco-alvarez\/\">Sigue leyendo <span class=\"meta-nav\">&rarr;<\/span><\/a><\/p>\n","protected":false},"author":6,"featured_media":1479,"comment_status":"open","ping_status":"open","sticky":false,"template":"","format":"standard","meta":{"footnotes":""},"categories":[3,8],"tags":[141,434],"class_list":["post-1467","post","type-post","status-publish","format-standard","has-post-thumbnail","hentry","category-importantes","category-policiales","tag-francisco-alvarez","tag-robo-y-trafico-de-drogas"],"_links":{"self":[{"href":"https:\/\/morenoprimero.com.ar\/archivo\/wp-json\/wp\/v2\/posts\/1467","targetHints":{"allow":["GET"]}}],"collection":[{"href":"https:\/\/morenoprimero.com.ar\/archivo\/wp-json\/wp\/v2\/posts"}],"about":[{"href":"https:\/\/morenoprimero.com.ar\/archivo\/wp-json\/wp\/v2\/types\/post"}],"author":[{"embeddable":true,"href":"https:\/\/morenoprimero.com.ar\/archivo\/wp-json\/wp\/v2\/users\/6"}],"replies":[{"embeddable":true,"href":"https:\/\/morenoprimero.com.ar\/archivo\/wp-json\/wp\/v2\/comments?post=1467"}],"version-history":[{"count":3,"href":"https:\/\/morenoprimero.com.ar\/archivo\/wp-json\/wp\/v2\/posts\/1467\/revisions"}],"predecessor-version":[{"id":1482,"href":"https:\/\/morenoprimero.com.ar\/archivo\/wp-json\/wp\/v2\/posts\/1467\/revisions\/1482"}],"wp:featuredmedia":[{"embeddable":true,"href":"https:\/\/morenoprimero.com.ar\/archivo\/wp-json\/wp\/v2\/media\/1479"}],"wp:attachment":[{"href":"https:\/\/morenoprimero.com.ar\/archivo\/wp-json\/wp\/v2\/media?parent=1467"}],"wp:term":[{"taxonomy":"category","embeddable":true,"href":"https:\/\/morenoprimero.com.ar\/archivo\/wp-json\/wp\/v2\/categories?post=1467"},{"taxonomy":"post_tag","embeddable":true,"href":"https:\/\/morenoprimero.com.ar\/archivo\/wp-json\/wp\/v2\/tags?post=1467"}],"curies":[{"name":"wp","href":"https:\/\/api.w.org\/{rel}","templated":true}]}}