{"id":14491,"date":"2021-06-25T18:56:34","date_gmt":"2021-06-25T21:56:34","guid":{"rendered":"https:\/\/morenoprimero.com.ar\/?p=14491"},"modified":"2021-06-25T19:34:28","modified_gmt":"2021-06-25T22:34:28","slug":"historico-dia-para-las-vecinas-y-vecinos-del-barrio-atalaya-y-manantiales","status":"publish","type":"post","link":"https:\/\/morenoprimero.com.ar\/archivo\/historico-dia-para-las-vecinas-y-vecinos-del-barrio-atalaya-y-manantiales\/","title":{"rendered":"Hist\u00f3rico d\u00eda para las vecinas y vecinos de los barrios Atalaya y Manantiales"},"content":{"rendered":"\n<h4 class=\"wp-block-heading\">Luego de varios a\u00f1os de reclamos, y gracias al asfalto de la calle Ambrosetti, la l\u00ednea 27  de \u00abLa Perlita\u00bb ampliar\u00e1 su recorrido incluyendo a los barrios Atalaya y Manantiales. En la inauguraci\u00f3n estuvieron presentes la intendenta <strong>Mariel Fern\u00e1ndez<\/strong>;&nbsp;<strong>Sergio Arrenguez<\/strong>, Director&nbsp;de la Delegaci\u00f3n Municipal de Moreno Sur, y <strong>concejales y&nbsp;concejalas<\/strong>&nbsp;junto&nbsp;a vecinas y vecinos.&nbsp;<\/h4>\n\n\n\n<p>Este viernes las vecinas y vecinos del barrio Atalaya en Moreno Sur celebraron el nuevo asfalto en la calle Ambrosetti que posibilitar\u00e1 el acceso al recorrido 27 de la l\u00ednea \u201cLa Perlita\u201d y permitir\u00e1 que la comunidad deje de caminar largas cuadras para viajar a sus trabajos o escuelas.&nbsp;&nbsp;<\/p>\n\n\n\n<p>Una de las vecinas del barrio Atalaya, <strong>Soledad Taboada<\/strong> que vive desde el 2009 en Moreno, emocionada por el nuevo asfalto, expres\u00f3 que: \u201cEl barrio tiene 12 a\u00f1os y durante esos mismos a\u00f1os se hizo un trabajo comunitario intenso reclamando y es ins\u00f3lito, mi hija ten\u00eda que caminar 30 cuadras para ir a la escuela\u201d y agreg\u00f3:&nbsp;<\/p>\n\n\n\n<blockquote class=\"wp-block-quote is-layout-flow wp-block-quote-is-layout-flow\"><p>\u201cEstoy muy contenta por la gesti\u00f3n de Mariel Fern\u00e1ndez que desde que asumi\u00f3,&nbsp;escuch\u00f3 nuestras inquietudes, por m\u00e1s que no pudieran resolver de inmediato, hubo un trabajo enorme en conjunto. Siento que hoy, m\u00e1s all\u00e1 de que es un deber del municipio, se cumpli\u00f3 algo que se ven\u00eda so\u00f1ando hace un mont\u00f3n, ahora vamos por la primera instituci\u00f3n educativa de Atalaya\u201d&nbsp;<\/p><\/blockquote>\n\n\n\n<p>Gladys,&nbsp;vecina oriunda de Paraguay que vino a vivir al <strong>barrio Atalaya<\/strong> hace nueve a\u00f1os, y que adem\u00e1s participa como&nbsp;referenta&nbsp;en un comedor y merendero brindando un plato de comida junto a sus compa\u00f1eras a m\u00e1s de 200 personas, expres\u00f3 que: \u201cDespu\u00e9s de tantas reuniones entre vecinas buscando maneras y haciendo actividades para mejorar las calles y tener el asfalto, se ve\u00eda imposible, pero siempre tuvimos esperanza\u201d.&nbsp;<\/p>\n\n\n\n<blockquote class=\"wp-block-quote is-layout-flow wp-block-quote-is-layout-flow\"><p>\u201cMi marido ten\u00eda que caminar 12 cuadras a las 4 de la ma\u00f1ana todos los d\u00edas para ir a trabajar a Escobar. Lo que pas\u00f3 hoy es hist\u00f3rico, yo vengo acompa\u00f1ando y so\u00f1ando con los&nbsp;chicxs, estoy super emocionada, feliz y agradecida a quienes hicieron posible este sue\u00f1o de Atalaya y Manantiales\u201d.&nbsp;<\/p><\/blockquote>\n\n\n\n<p>Sergio&nbsp;Arrenguez,&nbsp;<strong>Director&nbsp;de la Delegaci\u00f3n Municipal de Moreno Sur<\/strong>, expres\u00f3 que: \u201cEl trabajo comunitario del barrio fue el que impuls\u00f3 todo esto junto a la predisposici\u00f3n y voluntad pol\u00edtica de la gesti\u00f3n de <strong>Mariel Fern\u00e1ndez<\/strong> en acompa\u00f1ar ese impulso y el proyecto para que se pudiera concretar\u201d y agreg\u00f3 que: \u201cfue emocionante ver a los vecinos y vecinas festejando el logro despu\u00e9s de tantos a\u00f1os de trabajo\u201d.&nbsp;<\/p>\n\n\n\n<p>\u00abEl recorrido anterior de la l\u00ednea \u201cLa Perlita\u201d comenzaba en la estaci\u00f3n de Moreno llegando s\u00f3lo hasta Ambrosetti, es decir, no ingresaba por all\u00ed. Ahora cuando el colectivo tome Argentinidad y Ambrosetti, \u00e9ste ir\u00e1 por Blas Pascal, retomando Argentinidad por San Nicol\u00e1s\u00bb concluy\u00f3 Sergio. <\/p>\n\n\n\n<figure class=\"wp-block-video\"><video controls src=\"https:\/\/morenoprimero.com.ar\/wp-content\/uploads\/2021\/06\/video-si.mp4\"><\/video><\/figure>\n\n\n\n<figure class=\"wp-block-gallery columns-3 is-cropped wp-block-gallery-1 is-layout-flex wp-block-gallery-is-layout-flex\"><ul class=\"blocks-gallery-grid\"><li class=\"blocks-gallery-item\"><figure><a href=\"https:\/\/morenoprimero.com.ar\/wp-content\/uploads\/2021\/06\/WhatsApp-Image-2021-06-25-at-18.07.24-1024x576.jpeg\"><img loading=\"lazy\" decoding=\"async\" width=\"1024\" height=\"576\" src=\"https:\/\/morenoprimero.com.ar\/wp-content\/uploads\/2021\/06\/WhatsApp-Image-2021-06-25-at-18.07.24-1024x576.jpeg\" alt=\"\" data-id=\"14494\" class=\"wp-image-14494\" srcset=\"https:\/\/morenoprimero.com.ar\/archivo\/wp-content\/uploads\/2021\/06\/WhatsApp-Image-2021-06-25-at-18.07.24-1024x576.jpeg 1024w, https:\/\/morenoprimero.com.ar\/archivo\/wp-content\/uploads\/2021\/06\/WhatsApp-Image-2021-06-25-at-18.07.24-300x169.jpeg 300w, https:\/\/morenoprimero.com.ar\/archivo\/wp-content\/uploads\/2021\/06\/WhatsApp-Image-2021-06-25-at-18.07.24-768x432.jpeg 768w, https:\/\/morenoprimero.com.ar\/archivo\/wp-content\/uploads\/2021\/06\/WhatsApp-Image-2021-06-25-at-18.07.24.jpeg 1280w\" sizes=\"auto, (max-width: 1024px) 100vw, 1024px\" \/><\/a><\/figure><\/li><li class=\"blocks-gallery-item\"><figure><a href=\"https:\/\/morenoprimero.com.ar\/wp-content\/uploads\/2021\/06\/WhatsApp-Image-2021-06-25-at-18.08.33-1024x768.jpeg\"><img loading=\"lazy\" decoding=\"async\" width=\"1024\" height=\"768\" src=\"https:\/\/morenoprimero.com.ar\/wp-content\/uploads\/2021\/06\/WhatsApp-Image-2021-06-25-at-18.08.33-1024x768.jpeg\" alt=\"\" data-id=\"14495\" data-link=\"https:\/\/morenoprimero.com.ar\/?attachment_id=14495\" class=\"wp-image-14495\" srcset=\"https:\/\/morenoprimero.com.ar\/archivo\/wp-content\/uploads\/2021\/06\/WhatsApp-Image-2021-06-25-at-18.08.33-1024x768.jpeg 1024w, https:\/\/morenoprimero.com.ar\/archivo\/wp-content\/uploads\/2021\/06\/WhatsApp-Image-2021-06-25-at-18.08.33-300x225.jpeg 300w, https:\/\/morenoprimero.com.ar\/archivo\/wp-content\/uploads\/2021\/06\/WhatsApp-Image-2021-06-25-at-18.08.33-768x576.jpeg 768w, https:\/\/morenoprimero.com.ar\/archivo\/wp-content\/uploads\/2021\/06\/WhatsApp-Image-2021-06-25-at-18.08.33.jpeg 1040w\" sizes=\"auto, (max-width: 1024px) 100vw, 1024px\" \/><\/a><\/figure><\/li><li class=\"blocks-gallery-item\"><figure><a href=\"https:\/\/morenoprimero.com.ar\/wp-content\/uploads\/2021\/06\/WhatsApp-Image-2021-06-25-at-18.21.09-1.jpeg\"><img loading=\"lazy\" decoding=\"async\" width=\"720\" height=\"468\" src=\"https:\/\/morenoprimero.com.ar\/wp-content\/uploads\/2021\/06\/WhatsApp-Image-2021-06-25-at-18.21.09-1.jpeg\" alt=\"\" data-id=\"14499\" data-link=\"https:\/\/morenoprimero.com.ar\/?attachment_id=14499\" class=\"wp-image-14499\" srcset=\"https:\/\/morenoprimero.com.ar\/archivo\/wp-content\/uploads\/2021\/06\/WhatsApp-Image-2021-06-25-at-18.21.09-1.jpeg 720w, https:\/\/morenoprimero.com.ar\/archivo\/wp-content\/uploads\/2021\/06\/WhatsApp-Image-2021-06-25-at-18.21.09-1-300x195.jpeg 300w\" sizes=\"auto, (max-width: 720px) 100vw, 720px\" \/><\/a><\/figure><\/li><li class=\"blocks-gallery-item\"><figure><a href=\"https:\/\/morenoprimero.com.ar\/wp-content\/uploads\/2021\/06\/WhatsApp-Image-2021-06-25-at-18.20.46.jpeg\"><img loading=\"lazy\" decoding=\"async\" width=\"720\" height=\"721\" src=\"https:\/\/morenoprimero.com.ar\/wp-content\/uploads\/2021\/06\/WhatsApp-Image-2021-06-25-at-18.20.46.jpeg\" alt=\"\" data-id=\"14500\" data-full-url=\"https:\/\/morenoprimero.com.ar\/wp-content\/uploads\/2021\/06\/WhatsApp-Image-2021-06-25-at-18.20.46.jpeg\" data-link=\"https:\/\/morenoprimero.com.ar\/?attachment_id=14500\" class=\"wp-image-14500\" srcset=\"https:\/\/morenoprimero.com.ar\/archivo\/wp-content\/uploads\/2021\/06\/WhatsApp-Image-2021-06-25-at-18.20.46.jpeg 720w, https:\/\/morenoprimero.com.ar\/archivo\/wp-content\/uploads\/2021\/06\/WhatsApp-Image-2021-06-25-at-18.20.46-300x300.jpeg 300w, https:\/\/morenoprimero.com.ar\/archivo\/wp-content\/uploads\/2021\/06\/WhatsApp-Image-2021-06-25-at-18.20.46-150x150.jpeg 150w\" sizes=\"auto, (max-width: 720px) 100vw, 720px\" \/><\/a><\/figure><\/li><\/ul><\/figure>\n\n\n\n<p><\/p>\n","protected":false},"excerpt":{"rendered":"<p>Luego de varios a\u00f1os de reclamos, y gracias al asfalto de la calle Ambrosetti, la l\u00ednea 27 de \u00abLa Perlita\u00bb ampliar\u00e1 su recorrido incluyendo a los barrios Atalaya y Manantiales. En la inauguraci\u00f3n estuvieron presentes la intendenta Mariel Fern\u00e1ndez;&nbsp;Sergio Arrenguez, &hellip; <a href=\"https:\/\/morenoprimero.com.ar\/archivo\/historico-dia-para-las-vecinas-y-vecinos-del-barrio-atalaya-y-manantiales\/\">Sigue leyendo <span class=\"meta-nav\">&rarr;<\/span><\/a><\/p>\n","protected":false},"author":6,"featured_media":14497,"comment_status":"closed","ping_status":"closed","sticky":false,"template":"","format":"standard","meta":{"footnotes":""},"categories":[2,2328],"tags":[2622,1037,6,1991,2621,389],"class_list":["post-14491","post","type-post","status-publish","format-standard","has-post-thumbnail","hentry","category-destacadas","category-local","tag-atalaya","tag-manantiales","tag-moreno","tag-municipio","tag-nuevo-asfalto","tag-secretaria-de-obras-y-servicios-publicos"],"_links":{"self":[{"href":"https:\/\/morenoprimero.com.ar\/archivo\/wp-json\/wp\/v2\/posts\/14491","targetHints":{"allow":["GET"]}}],"collection":[{"href":"https:\/\/morenoprimero.com.ar\/archivo\/wp-json\/wp\/v2\/posts"}],"about":[{"href":"https:\/\/morenoprimero.com.ar\/archivo\/wp-json\/wp\/v2\/types\/post"}],"author":[{"embeddable":true,"href":"https:\/\/morenoprimero.com.ar\/archivo\/wp-json\/wp\/v2\/users\/6"}],"replies":[{"embeddable":true,"href":"https:\/\/morenoprimero.com.ar\/archivo\/wp-json\/wp\/v2\/comments?post=14491"}],"version-history":[{"count":4,"href":"https:\/\/morenoprimero.com.ar\/archivo\/wp-json\/wp\/v2\/posts\/14491\/revisions"}],"predecessor-version":[{"id":14510,"href":"https:\/\/morenoprimero.com.ar\/archivo\/wp-json\/wp\/v2\/posts\/14491\/revisions\/14510"}],"wp:featuredmedia":[{"embeddable":true,"href":"https:\/\/morenoprimero.com.ar\/archivo\/wp-json\/wp\/v2\/media\/14497"}],"wp:attachment":[{"href":"https:\/\/morenoprimero.com.ar\/archivo\/wp-json\/wp\/v2\/media?parent=14491"}],"wp:term":[{"taxonomy":"category","embeddable":true,"href":"https:\/\/morenoprimero.com.ar\/archivo\/wp-json\/wp\/v2\/categories?post=14491"},{"taxonomy":"post_tag","embeddable":true,"href":"https:\/\/morenoprimero.com.ar\/archivo\/wp-json\/wp\/v2\/tags?post=14491"}],"curies":[{"name":"wp","href":"https:\/\/api.w.org\/{rel}","templated":true}]}}