{"id":1427,"date":"2020-08-19T15:20:29","date_gmt":"2020-08-19T15:20:29","guid":{"rendered":"https:\/\/morenoprimero.com.ar\/?p=1427"},"modified":"2020-08-19T15:20:29","modified_gmt":"2020-08-19T15:20:29","slug":"la-vida-de-amancio-alcorta-ligada-a-la-historia-de-moreno","status":"publish","type":"post","link":"https:\/\/morenoprimero.com.ar\/archivo\/la-vida-de-amancio-alcorta-ligada-a-la-historia-de-moreno\/","title":{"rendered":"LA VIDA DE AMANCIO ALCORTA LIGADA A LA HISTORIA DE MORENO"},"content":{"rendered":"\n<h3 class=\"wp-block-heading\">\u00a0El 16 de agosto de 1805, nac\u00eda en Santiago del Estero el pol\u00edtico, m\u00fasico y compositor argentino Amancio Alcorta. Su vida est\u00e1 ligada a la historia de la Naci\u00f3n y a la de Moreno.\u00a0\u00a0<\/h3>\n\n\n\n<p>&nbsp; &nbsp;Como en toda historia, est\u00e1 la historia oficial, impuesta por un grupo de intelectuales miembros de la \u00e9lite argentina. Pero el revisionismo llega, justamente, para revisar esa historia, y as\u00ed lo hizo tambi\u00e9n con la historia de Moreno.&nbsp;<\/p>\n\n\n\n<p>&nbsp; &nbsp;<strong>Amancio Alcorta proviene de una familia ilustre. Adem\u00e1s de sus estudios en m\u00fasica, fue un pol\u00edtico argentino que ocup\u00f3 cargos en diferentes provincias. En 1853 se radica en Buenos Aires y ocupa el cargo de senador por Santiago del Estero, su provincia natal.&nbsp;<\/strong><\/p>\n\n\n\n<p>&nbsp; &nbsp;Alcorta era propietario de gran parte de tierras que pertenec\u00edan en aquel entonces a la Villa de Luj\u00e1n. En 1860 dona parte de sus propiedades para instalar la estaci\u00f3n de Moreno, por donde pasar\u00eda el primer ferrocarril de la provincia, y donde se producir\u00eda la primera comunicaci\u00f3n telegr\u00e1fica en Argentina, desde la estaci\u00f3n Del Parque a la Moreno. <strong>As\u00ed, la historia patricia lo condecora como el \u201cfundador del pueblo\u201d.&nbsp;<\/strong><\/p>\n\n\n\n<p>&nbsp; &nbsp;Sin embargo,<strong> Scalabrini Ortiz<\/strong>, quien se destac\u00f3 por su aporte al revisionismo hist\u00f3rico en&nbsp;Argentina<strong>,&nbsp;en&nbsp;su libro \u201cLa historia de los ferrocarriles argentinos\u201d, explica que Amancio Alcorta no fue el fundador de Moreno, sino, un pol\u00edtico que lucr\u00f3 con las tierras.&nbsp;&nbsp;<\/strong><\/p>\n\n\n\n<p>&nbsp; &nbsp;Alcorta, por ser senador de la naci\u00f3n, sab\u00eda que pasar\u00eda por all\u00ed el tren. Gracias a sus contactos de aquel entonces obtuvo las tierras con fines lucrativos. Seg\u00fan cita Scalabrini Ortiz al c\u00f3nsul brit\u00e1nico Thomas Hutchinson, Alcorta compr\u00f3 las tierras a 6 libras por cuadra y luego de la instalaci\u00f3n del ferrocarril la vendi\u00f3 a 315 libras por cuadra.&nbsp;<\/p>\n\n\n\n<p>&nbsp; &nbsp; &nbsp; Seg\u00fan lo expuesto, Alcorta no don\u00f3 cuatro manzanas de terreno para el ferrocarril, sino que las devolvi\u00f3 al Estado Nacional.&nbsp;<\/p>\n\n\n\n<p>&nbsp; Lo cierto es&nbsp;que,&nbsp;con la llegada del ferrocarril&nbsp;y el primer incremento de la poblaci\u00f3n, hab\u00eda surgido una comunidad nueva dentro de Luj\u00e1n, que progresivamente fueron marcando sus diferencias una de la otra, ya que la poblaci\u00f3n aleda\u00f1a a la nueva estaci\u00f3n recibi\u00f3 gran influencia de la Ciudad de Buenos Aires.&nbsp;&nbsp;<\/p>\n\n\n\n<p>&nbsp; &nbsp;Finalmente, el 25 de octubre de 1864, el Senado de la Provincia de Buenos Aires aprob\u00f3 el proyecto de ley que divid\u00eda la provincia en cuarenta y cinco partidos, entre los que se encontraba Moreno. Si bien la superficie designada en un principio fue mucho mayor que en la actualidad, antes del comienzo del siglo XX se crearon los partidos de General Rodr\u00edguez y General Sarmiento, y para esto, se quitaron tierras al partido de moreno.&nbsp;<\/p>\n\n\n\n<p>&nbsp;<strong> &nbsp;La historia patricia ve, entonces, al senador de la naci\u00f3n oriundo de Santiago del Estero como el fundador del pueblo. Scalabrini Ortiz explica que s\u00f3lo persigui\u00f3 fines lucrativos, con resultados positivos por su poder pol\u00edtico. Pero en ambas historias hay un punto en com\u00fan, y es que la vida de Amancio Alcorta est\u00e1 ligada a la historia de Moreno.&nbsp;<\/strong><\/p>\n","protected":false},"excerpt":{"rendered":"<p>\u00a0El 16 de agosto de 1805, nac\u00eda en Santiago del Estero el pol\u00edtico, m\u00fasico y compositor argentino Amancio Alcorta. Su vida est\u00e1 ligada a la historia de la Naci\u00f3n y a la de Moreno.\u00a0\u00a0 &nbsp; &nbsp;Como en toda historia, est\u00e1 &hellip; <a href=\"https:\/\/morenoprimero.com.ar\/archivo\/la-vida-de-amancio-alcorta-ligada-a-la-historia-de-moreno\/\">Sigue leyendo <span class=\"meta-nav\">&rarr;<\/span><\/a><\/p>\n","protected":false},"author":6,"featured_media":1425,"comment_status":"open","ping_status":"open","sticky":false,"template":"","format":"standard","meta":{"footnotes":""},"categories":[21,5,20],"tags":[423,424,6],"class_list":["post-1427","post","type-post","status-publish","format-standard","has-post-thumbnail","hentry","category-interes-general","category-recomendadas","category-sociedad","tag-amancio-alcorta","tag-historia-de-moreno","tag-moreno"],"_links":{"self":[{"href":"https:\/\/morenoprimero.com.ar\/archivo\/wp-json\/wp\/v2\/posts\/1427","targetHints":{"allow":["GET"]}}],"collection":[{"href":"https:\/\/morenoprimero.com.ar\/archivo\/wp-json\/wp\/v2\/posts"}],"about":[{"href":"https:\/\/morenoprimero.com.ar\/archivo\/wp-json\/wp\/v2\/types\/post"}],"author":[{"embeddable":true,"href":"https:\/\/morenoprimero.com.ar\/archivo\/wp-json\/wp\/v2\/users\/6"}],"replies":[{"embeddable":true,"href":"https:\/\/morenoprimero.com.ar\/archivo\/wp-json\/wp\/v2\/comments?post=1427"}],"version-history":[{"count":3,"href":"https:\/\/morenoprimero.com.ar\/archivo\/wp-json\/wp\/v2\/posts\/1427\/revisions"}],"predecessor-version":[{"id":1437,"href":"https:\/\/morenoprimero.com.ar\/archivo\/wp-json\/wp\/v2\/posts\/1427\/revisions\/1437"}],"wp:featuredmedia":[{"embeddable":true,"href":"https:\/\/morenoprimero.com.ar\/archivo\/wp-json\/wp\/v2\/media\/1425"}],"wp:attachment":[{"href":"https:\/\/morenoprimero.com.ar\/archivo\/wp-json\/wp\/v2\/media?parent=1427"}],"wp:term":[{"taxonomy":"category","embeddable":true,"href":"https:\/\/morenoprimero.com.ar\/archivo\/wp-json\/wp\/v2\/categories?post=1427"},{"taxonomy":"post_tag","embeddable":true,"href":"https:\/\/morenoprimero.com.ar\/archivo\/wp-json\/wp\/v2\/tags?post=1427"}],"curies":[{"name":"wp","href":"https:\/\/api.w.org\/{rel}","templated":true}]}}