{"id":14080,"date":"2021-06-17T14:50:05","date_gmt":"2021-06-17T17:50:05","guid":{"rendered":"https:\/\/morenoprimero.com.ar\/?p=14080"},"modified":"2021-06-17T14:50:06","modified_gmt":"2021-06-17T17:50:06","slug":"beltran-desde-el-primer-dia-hacemos-un-trabajo-que-no-se-hizo-durante-anos-en-relacion-al-gas","status":"publish","type":"post","link":"https:\/\/morenoprimero.com.ar\/archivo\/beltran-desde-el-primer-dia-hacemos-un-trabajo-que-no-se-hizo-durante-anos-en-relacion-al-gas\/","title":{"rendered":"Beltr\u00e1n: \u201cDesde el primer d\u00eda hacemos un trabajo que no se hizo durante a\u00f1os en relaci\u00f3n al gas\u201d"},"content":{"rendered":"\n<h4 class=\"wp-block-heading\">Sonia Beltr\u00e1n, presidenta del Consejo Escolar, se refiri\u00f3 contundente a las obras de gas y aclar\u00f3 que \u201ceste Consejo Escolar nunca dej\u00f3 de trabajar\u00bb y que \u00abdesde el \u00e1rea de infraestructura, el trabajo se garantiz\u00f3 siempre. Entonces no comparto la idea de que no se trabaj\u00f3 el a\u00f1o pasado, porque s\u00ed se trabaj\u00f3\u201d.<\/h4>\n\n\n\n<p>Las clases presenciales comenzaron, pero ser\u00eda un error decir que los establecimientos educativos estuvieron cerrados. <strong>Las escuelas en Moreno se mantuvieron abiertas para garantizar el material pedag\u00f3gico y los alimentos para los sectores m\u00e1s vulnerables del municipio<\/strong>.&nbsp;&nbsp;<\/p>\n\n\n\n<figure class=\"wp-block-image\"><img decoding=\"async\" src=\"https:\/\/scontent.fepa2-1.fna.fbcdn.net\/v\/t1.6435-9\/105962966_109693927464403_2634722436736015859_n.jpg?_nc_cat=111&amp;ccb=1-3&amp;_nc_sid=730e14&amp;_nc_eui2=AeErWs9rSsF5K6LyGDfbz8IGcsMiHmBmAhtywyIeYGYCG8aOdJ5Pmik13LAyYlFJtSc&amp;_nc_ohc=6vtS2JmGtMwAX9z3XHy&amp;_nc_ht=scontent.fepa2-1.fna&amp;oh=bad28ccc298d80e977d51314b861726f&amp;oe=60D0053D\" alt=\"No hay ninguna descripci\u00f3n de la foto disponible.\"\/><\/figure>\n\n\n\n<p>Lo mismo sucede con e<strong>l Consejo Escolar de Moreno<\/strong>, tal como lo afirma su presidenta, Sonia Beltr\u00e1n: \u201c<strong>Ac\u00e1 nadie se sent\u00f3 ni se cruz\u00f3 de brazos cuando no hubo clases presenciales, siempre se garantiz\u00f3 la escuela abierta y el Consejo siempre estuvo trabajando en las escuelas desde el \u00e1rea de Infraestructura<\/strong>\u00ab.<\/p>\n\n\n\n<p>Adem\u00e1s, se\u00f1al\u00f3 que&nbsp; est\u00e1n en constante comunicaci\u00f3n con la Secretar\u00eda de Educaci\u00f3n del municipio, como tambi\u00e9n con Obras P\u00fablicas y, en ese sentido, detall\u00f3 que <strong>hay un comit\u00e9 de infraestructura distrital <\/strong>\u201ccon el cual&nbsp;nos reunimos una vez por semana a fin de hacer un seguimiento edilicio de todas nuestras instituciones y vamos llevando y articulando todo lo que sea necesario para que las escuelas est\u00e9n en condiciones\u201d.&nbsp;<\/p>\n\n\n\n<p><a rel=\"noreferrer noopener\" href=\"https:\/\/morenoprimero.com.ar\/retorno-a-las-aulas-como-avanzan-las-obras-de-reacondicionamiento-en-los-colegios-de-moreno\/\" target=\"_blank\">Las obras destinadas a los establecimientos educativos avanzan<\/a> y, adem\u00e1s de la reparaci\u00f3n hist\u00f3rica del Instituto Superior de Formaci\u00f3n Docente N\u00b0 21 Ricardo Rojas, avanzan tres obras m\u00e1s en la Escuela Secundaria 32, la Escuela Primaria 57 y la sustituci\u00f3n del edificio del Jard\u00edn 934, que \u201cson pedidos de hace a\u00f1os que la comunidad educativa de Moreno ha solicitado a las gestiones anteriores, pero durante los \u00faltimos cuatro a\u00f1os esos expedientes quedaron cajoneados\u00bb.<\/p>\n\n\n\n<p>Beltr\u00e1n resume categ\u00f3rica: \u201cEste consejo escolar nunca dej\u00f3 de trabajar, ni siquiera en la atenci\u00f3n al p\u00fablico, porque somos esenciales. Desde el \u00e1rea de infraestructura, el trabajo se garantiz\u00f3 siempre. Entonces <strong>no comparto la idea de que no se trabaj\u00f3 el a\u00f1o pasado, porque s\u00ed se trabaj\u00f3<\/strong>\u201d.<\/p>\n\n\n\n<figure class=\"wp-block-image\"><img decoding=\"async\" src=\"https:\/\/scontent.fepa2-1.fna.fbcdn.net\/v\/t1.6435-9\/197948438_1596991380511836_3130693169808399115_n.jpg?_nc_cat=109&amp;ccb=1-3&amp;_nc_sid=8bfeb9&amp;_nc_eui2=AeFsNvJ4X6dXqy2JKGz6GaAnfiSfFmxHuH5-JJ8WbEe4fkwxY5zg1mXfqA_n2PrD7IQ&amp;_nc_ohc=pOYZcmH8R5kAX8cYg52&amp;_nc_ht=scontent.fepa2-1.fna&amp;oh=8253789cad8ba3d5ea3c835474d39364&amp;oe=60CF8D1C\" alt=\"No hay ninguna descripci\u00f3n de la foto disponible.\"\/><\/figure>\n\n\n\n<h4 class=\"wp-block-heading\">\u201cHacemos, con un gran compromiso, un trabajo que no se hizo nunca en relaci\u00f3n al&nbsp;gas\u201d.<\/h4>\n\n\n\n<p>La presidenta del Consejo Escolar se refiri\u00f3 a las obras de gas que se realizan en el distrito. Un tema sensible en Moreno debido a la explosi\u00f3n de la escuela N\u00b0 49.&nbsp;&nbsp;<\/p>\n\n\n\n<p>\u201c<strong>No es que hay escuelas sin gas y no se est\u00e1 haciendo nada, hay much\u00edsimas obras que se est\u00e1n realizando ya desde el a\u00f1o pasado<\/strong>\u201d, explica Beltr\u00e1n, y analiza: \u201cAntes no estaban los chicos en las aulas, y ahora volvemos a la presencialidad con temperaturas que necesitan determinado tipo de calefacci\u00f3n que tiene que estar en condiciones seguras seg\u00fan la normativa vigente\u00bb.<\/p>\n\n\n\n<figure class=\"wp-block-image\"><img decoding=\"async\" src=\"https:\/\/scontent.fepa2-1.fna.fbcdn.net\/v\/t1.6435-9\/202074225_1596991580511816_2101136008571718497_n.jpg?_nc_cat=106&amp;ccb=1-3&amp;_nc_sid=8bfeb9&amp;_nc_eui2=AeHMzv-KRe-v4uvnPQQDZroOcR8rCK9yH1NxHysIr3IfU_ybHsTkw7rY9FUi1qC_4cY&amp;_nc_ohc=g4b8ce5rVE4AX_yg5Sa&amp;tn=fjfKyfkxEwkNuctL&amp;_nc_ht=scontent.fepa2-1.fna&amp;oh=f2ef2b75c285c5166814be9990aaa238&amp;oe=60CFE194\" alt=\"\"\/><\/figure>\n\n\n\n<p>Respecto a eso, se\u00f1ala diferentes motivos por los que una escuela est\u00e1 cerrada:&nbsp;<\/p>\n\n\n\n<p>Primero, las escuelas en donde el gas funciona y no hay fugas, pero el problema es otro: \u201cHay escuelas donde el gas est\u00e1 en perfectas condiciones, no hay fugas de gas ni p\u00e9rdidas, pero el trabajo est\u00e1 mal hecho porque las condiciones no est\u00e1n normadas. Est\u00e1 mal hecho desde gestiones anteriores\u00bb.&nbsp;<\/p>\n\n\n\n<p>Otro motivo de no apertura de la escuela es porque \u00abel trabajo est\u00e1 bien&nbsp;hecho,&nbsp;pero no hay ventilaci\u00f3n porque hay una sola ventana\u201d.<\/p>\n\n\n\n<p>Por \u00faltimo,<strong> \u201cm\u00e1s all\u00e1 de que la prueba de hermeticidad haya dado bien, vamos con un gasista matriculado y se prende cada estufa en los establecimientos y se controla que no haya ninguna p\u00e9rdida<\/strong>\u00ab. Tal vez resulte un paso innecesario, pero la presidenta aclara que <strong>\u201clo solicitan los directores y es entendible porque, en el 2018, tuvimos lamentablemente una experiencia trist\u00edsima que se pudo haber evitado<\/strong>\u00ab.<\/p>\n\n\n\n<figure class=\"wp-block-image\"><img decoding=\"async\" src=\"https:\/\/scontent.fepa2-1.fna.fbcdn.net\/v\/t1.6435-9\/201577832_1596991520511822_6781098586126090755_n.jpg?_nc_cat=111&amp;ccb=1-3&amp;_nc_sid=8bfeb9&amp;_nc_eui2=AeFlJ3k1MAih1NV5iyzfBi0ufoK6jehz64t-grqN6HPriw0TE5qsdF2kIfoaCSpbJA8&amp;_nc_ohc=Y8DkqaxPNfIAX9tN8wJ&amp;_nc_ht=scontent.fepa2-1.fna&amp;oh=5435e44a8e765c8fe5b1498e7dc71ce9&amp;oe=60D16CB2\" alt=\"Puede ser una imagen de interior\"\/><\/figure>\n\n\n\n<p><strong>\u201cDesde que hemos asumido hacemos, con un gran compromiso, un trabajo que no se hizo durante a\u00f1os en relaci\u00f3n al gas<\/strong>\u00ab.<\/p>\n","protected":false},"excerpt":{"rendered":"<p>Sonia Beltr\u00e1n, presidenta del Consejo Escolar, se refiri\u00f3 contundente a las obras de gas y aclar\u00f3 que \u201ceste Consejo Escolar nunca dej\u00f3 de trabajar\u00bb y que \u00abdesde el \u00e1rea de infraestructura, el trabajo se garantiz\u00f3 siempre. Entonces no comparto la &hellip; <a href=\"https:\/\/morenoprimero.com.ar\/archivo\/beltran-desde-el-primer-dia-hacemos-un-trabajo-que-no-se-hizo-durante-anos-en-relacion-al-gas\/\">Sigue leyendo <span class=\"meta-nav\">&rarr;<\/span><\/a><\/p>\n","protected":false},"author":6,"featured_media":14081,"comment_status":"closed","ping_status":"closed","sticky":false,"template":"","format":"standard","meta":{"footnotes":""},"categories":[2,578,2328],"tags":[186,61,239,6,2569],"class_list":["post-14080","post","type-post","status-publish","format-standard","has-post-thumbnail","hentry","category-destacadas","category-educacion","category-local","tag-consejo-escolar","tag-escuela-publica","tag-escuelas","tag-moreno","tag-sonia-beltran"],"_links":{"self":[{"href":"https:\/\/morenoprimero.com.ar\/archivo\/wp-json\/wp\/v2\/posts\/14080","targetHints":{"allow":["GET"]}}],"collection":[{"href":"https:\/\/morenoprimero.com.ar\/archivo\/wp-json\/wp\/v2\/posts"}],"about":[{"href":"https:\/\/morenoprimero.com.ar\/archivo\/wp-json\/wp\/v2\/types\/post"}],"author":[{"embeddable":true,"href":"https:\/\/morenoprimero.com.ar\/archivo\/wp-json\/wp\/v2\/users\/6"}],"replies":[{"embeddable":true,"href":"https:\/\/morenoprimero.com.ar\/archivo\/wp-json\/wp\/v2\/comments?post=14080"}],"version-history":[{"count":3,"href":"https:\/\/morenoprimero.com.ar\/archivo\/wp-json\/wp\/v2\/posts\/14080\/revisions"}],"predecessor-version":[{"id":14086,"href":"https:\/\/morenoprimero.com.ar\/archivo\/wp-json\/wp\/v2\/posts\/14080\/revisions\/14086"}],"wp:featuredmedia":[{"embeddable":true,"href":"https:\/\/morenoprimero.com.ar\/archivo\/wp-json\/wp\/v2\/media\/14081"}],"wp:attachment":[{"href":"https:\/\/morenoprimero.com.ar\/archivo\/wp-json\/wp\/v2\/media?parent=14080"}],"wp:term":[{"taxonomy":"category","embeddable":true,"href":"https:\/\/morenoprimero.com.ar\/archivo\/wp-json\/wp\/v2\/categories?post=14080"},{"taxonomy":"post_tag","embeddable":true,"href":"https:\/\/morenoprimero.com.ar\/archivo\/wp-json\/wp\/v2\/tags?post=14080"}],"curies":[{"name":"wp","href":"https:\/\/api.w.org\/{rel}","templated":true}]}}