{"id":13977,"date":"2021-06-15T18:24:27","date_gmt":"2021-06-15T21:24:27","guid":{"rendered":"https:\/\/morenoprimero.com.ar\/?p=13977"},"modified":"2021-06-15T18:24:28","modified_gmt":"2021-06-15T21:24:28","slug":"mariel-fernandez-para-esta-gestion-es-muy-importante-el-cuidado-de-nuestra-casa-comun","status":"publish","type":"post","link":"https:\/\/morenoprimero.com.ar\/archivo\/mariel-fernandez-para-esta-gestion-es-muy-importante-el-cuidado-de-nuestra-casa-comun\/","title":{"rendered":"Mariel Fern\u00e1ndez: \u201cPara esta gesti\u00f3n es muy importante el cuidado de nuestra casa com\u00fan\u201d"},"content":{"rendered":"\n<p>El lunes el <strong>Municipio de Moreno<\/strong>, junto al<strong> Voluntariado Ambiental de Cascos Blancos<\/strong>, realizaron una jornada de limpieza y puesta en valor en terrenos aleda\u00f1os al <strong>Dique Roggero<\/strong>, una zona fundamental para el desarrollo tur\u00edstico local que hace a\u00f1os estaba abandonada.<\/p>\n\n\n\n<p>Distintas \u00e1reas municipales en conjunto con voluntarias y voluntarios de <strong>Cascos Blancos<\/strong>, realizaron el desmalezamiento, limpieza y puesta en valor en la parte baja del terrapl\u00e9n del Dique; retiraron gran cantidad de basura y acondicionaron el lugar para reforestar con plantas nativas. De esta forma, <strong>el gobierno municipal da respuesta a un reclamo hist\u00f3rico como lo es el cuidado de los espacios verdes del distrito.<\/strong><\/p>\n\n\n\n<p>La intendenta <strong>Mariel Fern\u00e1ndez <\/strong>se acerc\u00f3 a saludar y agradecer a todas las personas que participaron del operativo. <strong>\u201cPara esta gesti\u00f3n es muy importante el cuidado de nuestra casa com\u00fan, por eso nos pusimos el desaf\u00edo de recuperar el medioambiente e impulsamos distintas pol\u00edticas como el nuevo sistema de recolecci\u00f3n y el reciclaje. Tambi\u00e9n es fundamental que entre toda la comunidad mantengamos y cuidamos \u00e9ste y todos los espacios de nuestro Municipio\u201d<\/strong>, afirm\u00f3 la jefa comunal.<\/p>\n\n\n\n<figure class=\"wp-block-image size-large\"><a href=\"https:\/\/morenoprimero.com.ar\/wp-content\/uploads\/2021\/06\/limpieza2.jpeg\"><img loading=\"lazy\" decoding=\"async\" width=\"1024\" height=\"682\" src=\"https:\/\/morenoprimero.com.ar\/wp-content\/uploads\/2021\/06\/limpieza2-1024x682.jpeg\" alt=\"\" class=\"wp-image-13979\" srcset=\"https:\/\/morenoprimero.com.ar\/archivo\/wp-content\/uploads\/2021\/06\/limpieza2-1024x682.jpeg 1024w, https:\/\/morenoprimero.com.ar\/archivo\/wp-content\/uploads\/2021\/06\/limpieza2-300x200.jpeg 300w, https:\/\/morenoprimero.com.ar\/archivo\/wp-content\/uploads\/2021\/06\/limpieza2-768x512.jpeg 768w, https:\/\/morenoprimero.com.ar\/archivo\/wp-content\/uploads\/2021\/06\/limpieza2.jpeg 1280w\" sizes=\"auto, (max-width: 1024px) 100vw, 1024px\" \/><\/a><\/figure>\n\n\n\n<p><strong>\u201cDesde el Estado estamos creando y gestionando pol\u00edticas p\u00fablicas orientadas a las necesidades m\u00e1s urgentes del presente,<\/strong> una de ellas el cuidado del ambiente y la construcci\u00f3n de una transici\u00f3n justa hacia el desarrollo sostenible. A trav\u00e9s del Voluntariado Ambiental de Cascos Blancos, estamos trabajando junto a los gobiernos locales y las comunidades en la preservaci\u00f3n de nuestros bienes naturales y la promoci\u00f3n del cuidado del ambiente que habitamos\u201d destac\u00f3 la <strong>Presidenta de Cascos Blancos Marina Cardelli<\/strong> y enfatiz\u00f3 que <strong>\u201cJusticia social tambi\u00e9n justicia ambiental.\u201d<\/strong><\/p>\n\n\n\n<p>Por parte del Municipio, particip\u00f3 el \u00e1rea de <strong>Turismo del Instituto Municipal de Desarrollo Econ\u00f3mico Local<\/strong>, la <strong>Secretar\u00eda de Obras y Servicios P\u00fablicos<\/strong>, la <strong>Secretar\u00eda de Ambiente<\/strong> con el grupo de Guardaparques, las delegaciones de Moreno Sur y La Reja, y titulares del Programa Potenciar Trabajo.<\/p>\n\n\n\n<figure class=\"wp-block-image size-large\"><a href=\"https:\/\/morenoprimero.com.ar\/wp-content\/uploads\/2021\/06\/limpieza3.jpeg\"><img loading=\"lazy\" decoding=\"async\" width=\"1024\" height=\"682\" src=\"https:\/\/morenoprimero.com.ar\/wp-content\/uploads\/2021\/06\/limpieza3-1024x682.jpeg\" alt=\"\" class=\"wp-image-13980\" srcset=\"https:\/\/morenoprimero.com.ar\/archivo\/wp-content\/uploads\/2021\/06\/limpieza3-1024x682.jpeg 1024w, https:\/\/morenoprimero.com.ar\/archivo\/wp-content\/uploads\/2021\/06\/limpieza3-300x200.jpeg 300w, https:\/\/morenoprimero.com.ar\/archivo\/wp-content\/uploads\/2021\/06\/limpieza3-768x512.jpeg 768w, https:\/\/morenoprimero.com.ar\/archivo\/wp-content\/uploads\/2021\/06\/limpieza3.jpeg 1280w\" sizes=\"auto, (max-width: 1024px) 100vw, 1024px\" \/><\/a><\/figure>\n","protected":false},"excerpt":{"rendered":"<p>El lunes el Municipio de Moreno, junto al Voluntariado Ambiental de Cascos Blancos, realizaron una jornada de limpieza y puesta en valor en terrenos aleda\u00f1os al Dique Roggero, una zona fundamental para el desarrollo tur\u00edstico local que hace a\u00f1os estaba &hellip; <a href=\"https:\/\/morenoprimero.com.ar\/archivo\/mariel-fernandez-para-esta-gestion-es-muy-importante-el-cuidado-de-nuestra-casa-comun\/\">Sigue leyendo <span class=\"meta-nav\">&rarr;<\/span><\/a><\/p>\n","protected":false},"author":6,"featured_media":13978,"comment_status":"closed","ping_status":"closed","sticky":false,"template":"","format":"standard","meta":{"footnotes":""},"categories":[2328],"tags":[437,276,714,2574],"class_list":["post-13977","post","type-post","status-publish","format-standard","has-post-thumbnail","hentry","category-local","tag-dique-roggero","tag-mariel-fernandez","tag-municipalidad-de-moreno","tag-voluntariado-ambiental-de-cascos-blancos"],"_links":{"self":[{"href":"https:\/\/morenoprimero.com.ar\/archivo\/wp-json\/wp\/v2\/posts\/13977","targetHints":{"allow":["GET"]}}],"collection":[{"href":"https:\/\/morenoprimero.com.ar\/archivo\/wp-json\/wp\/v2\/posts"}],"about":[{"href":"https:\/\/morenoprimero.com.ar\/archivo\/wp-json\/wp\/v2\/types\/post"}],"author":[{"embeddable":true,"href":"https:\/\/morenoprimero.com.ar\/archivo\/wp-json\/wp\/v2\/users\/6"}],"replies":[{"embeddable":true,"href":"https:\/\/morenoprimero.com.ar\/archivo\/wp-json\/wp\/v2\/comments?post=13977"}],"version-history":[{"count":1,"href":"https:\/\/morenoprimero.com.ar\/archivo\/wp-json\/wp\/v2\/posts\/13977\/revisions"}],"predecessor-version":[{"id":13981,"href":"https:\/\/morenoprimero.com.ar\/archivo\/wp-json\/wp\/v2\/posts\/13977\/revisions\/13981"}],"wp:featuredmedia":[{"embeddable":true,"href":"https:\/\/morenoprimero.com.ar\/archivo\/wp-json\/wp\/v2\/media\/13978"}],"wp:attachment":[{"href":"https:\/\/morenoprimero.com.ar\/archivo\/wp-json\/wp\/v2\/media?parent=13977"}],"wp:term":[{"taxonomy":"category","embeddable":true,"href":"https:\/\/morenoprimero.com.ar\/archivo\/wp-json\/wp\/v2\/categories?post=13977"},{"taxonomy":"post_tag","embeddable":true,"href":"https:\/\/morenoprimero.com.ar\/archivo\/wp-json\/wp\/v2\/tags?post=13977"}],"curies":[{"name":"wp","href":"https:\/\/api.w.org\/{rel}","templated":true}]}}