{"id":1390,"date":"2020-08-18T16:41:15","date_gmt":"2020-08-18T16:41:15","guid":{"rendered":"https:\/\/morenoprimero.com.ar\/?p=1390"},"modified":"2020-08-18T16:41:15","modified_gmt":"2020-08-18T16:41:15","slug":"la-upa-12-se-suma-al-programa-de-reciclado-de-la-fundacion-garrahan","status":"publish","type":"post","link":"https:\/\/morenoprimero.com.ar\/archivo\/la-upa-12-se-suma-al-programa-de-reciclado-de-la-fundacion-garrahan\/","title":{"rendered":"LA UPA 12 SE SUMA AL PROGRAMA DE RECICLADO DE LA FUNDACI\u00d3N GARRAHAN"},"content":{"rendered":"\n<h3 class=\"wp-block-heading\">&nbsp; La Unidad de Pronta Atenci\u00f3n (UPA) 12 se suma al emprendimiento de apoyo a la salud p\u00fablica y de cuidado del medio ambiente, propuesto por la Fundaci\u00f3n Garrahan, y con 20 a\u00f1os de funcionamiento.&nbsp;<\/h3>\n\n\n\n<p>&nbsp; <strong>La UPA 12 de Moreno anunci\u00f3 en sus redes sociales que comenz\u00f3 a formar parte del circuito de colaboradores del Programa de Reciclado de la Fundaci\u00f3n Garrahan.<\/strong> Este programa forma parte de las tantas iniciativas de la Fundaci\u00f3n Garrahan desde 1988.<\/p>\n\n\n\n<p>&nbsp; &nbsp;En su comunicado, aprovecharon para contar a los vecinos y vecinas de moreno qu\u00e9 materiales est\u00e1n reciclando e invitarlos a aportar su colaboraci\u00f3n.&nbsp;<\/p>\n\n\n\n<blockquote class=\"wp-block-quote is-layout-flow wp-block-quote-is-layout-flow\"><p>&nbsp;\u201cEn esta oportunidad comenzamos a impulsar desde la UPA12-HM5 el reciclado de tapitas pl\u00e1sticas, papel, metales y otros materiales como radiograf\u00edas o cables. Si&nbsp;cont\u00e1s&nbsp;con alguno de estos materiales y&nbsp;ten\u00e9s&nbsp;que atenderte en nuestra Unidad de Pronta Atenci\u00f3n no dudes en acompa\u00f1ar esta propuesta de reciclado, ya que estar\u00e1s colaborando con el Hospital Garrahan, que atiende a ni\u00f1os y ni\u00f1as de todo el pa\u00eds, y brindando una gran ayuda con el cuidado y la conservaci\u00f3n del medio ambiente.\u201d&nbsp;<\/p><\/blockquote>\n","protected":false},"excerpt":{"rendered":"<p>&nbsp; La Unidad de Pronta Atenci\u00f3n (UPA) 12 se suma al emprendimiento de apoyo a la salud p\u00fablica y de cuidado del medio ambiente, propuesto por la Fundaci\u00f3n Garrahan, y con 20 a\u00f1os de funcionamiento.&nbsp; &nbsp; La UPA 12 de &hellip; <a href=\"https:\/\/morenoprimero.com.ar\/archivo\/la-upa-12-se-suma-al-programa-de-reciclado-de-la-fundacion-garrahan\/\">Sigue leyendo <span class=\"meta-nav\">&rarr;<\/span><\/a><\/p>\n","protected":false},"author":6,"featured_media":1391,"comment_status":"open","ping_status":"open","sticky":false,"template":"","format":"standard","meta":{"footnotes":""},"categories":[21,20],"tags":[160,6,418],"class_list":["post-1390","post","type-post","status-publish","format-standard","has-post-thumbnail","hentry","category-interes-general","category-sociedad","tag-fundacion-garrahan","tag-moreno","tag-upa-12"],"_links":{"self":[{"href":"https:\/\/morenoprimero.com.ar\/archivo\/wp-json\/wp\/v2\/posts\/1390","targetHints":{"allow":["GET"]}}],"collection":[{"href":"https:\/\/morenoprimero.com.ar\/archivo\/wp-json\/wp\/v2\/posts"}],"about":[{"href":"https:\/\/morenoprimero.com.ar\/archivo\/wp-json\/wp\/v2\/types\/post"}],"author":[{"embeddable":true,"href":"https:\/\/morenoprimero.com.ar\/archivo\/wp-json\/wp\/v2\/users\/6"}],"replies":[{"embeddable":true,"href":"https:\/\/morenoprimero.com.ar\/archivo\/wp-json\/wp\/v2\/comments?post=1390"}],"version-history":[{"count":2,"href":"https:\/\/morenoprimero.com.ar\/archivo\/wp-json\/wp\/v2\/posts\/1390\/revisions"}],"predecessor-version":[{"id":1394,"href":"https:\/\/morenoprimero.com.ar\/archivo\/wp-json\/wp\/v2\/posts\/1390\/revisions\/1394"}],"wp:featuredmedia":[{"embeddable":true,"href":"https:\/\/morenoprimero.com.ar\/archivo\/wp-json\/wp\/v2\/media\/1391"}],"wp:attachment":[{"href":"https:\/\/morenoprimero.com.ar\/archivo\/wp-json\/wp\/v2\/media?parent=1390"}],"wp:term":[{"taxonomy":"category","embeddable":true,"href":"https:\/\/morenoprimero.com.ar\/archivo\/wp-json\/wp\/v2\/categories?post=1390"},{"taxonomy":"post_tag","embeddable":true,"href":"https:\/\/morenoprimero.com.ar\/archivo\/wp-json\/wp\/v2\/tags?post=1390"}],"curies":[{"name":"wp","href":"https:\/\/api.w.org\/{rel}","templated":true}]}}