{"id":13898,"date":"2021-06-14T17:46:51","date_gmt":"2021-06-14T20:46:51","guid":{"rendered":"https:\/\/morenoprimero.com.ar\/?p=13898"},"modified":"2021-06-14T17:46:52","modified_gmt":"2021-06-14T20:46:52","slug":"moreno-abrio-la-inscripcion-para-cursos-de-formacion-profesional-gratuitos-y-virtuales","status":"publish","type":"post","link":"https:\/\/morenoprimero.com.ar\/archivo\/moreno-abrio-la-inscripcion-para-cursos-de-formacion-profesional-gratuitos-y-virtuales\/","title":{"rendered":"Moreno: abri\u00f3 la inscripci\u00f3n para cursos de formaci\u00f3n profesional gratuitos y virtuales"},"content":{"rendered":"\n<p>La <strong>Municipalidad de Moreno<\/strong>, a trav\u00e9s de la<strong> Coordinaci\u00f3n de Empleo y Capacitaci\u00f3n del IMDEL <\/strong>(Instituto Municipal de Desarrollo Econ\u00f3mico Local), invita a las vecinas y los vecinos a participar de los nuevos <strong>Cursos de Formaci\u00f3n Profesional, gratuitos y virtuales<\/strong>.<\/p>\n\n\n\n<p>Para poder anotarse se debe ser mayor de 16 a\u00f1os, ser de Moreno y completar el formulario de inscripci\u00f3n al que se podr\u00e1 acceder \u00fanicamente por la p\u00e1gina de Facebook oficial del <strong>IMDEL Moreno<\/strong>.<\/p>\n\n\n\n<p>Para agilizar la inscripci\u00f3n, se sugiere contar con una foto digital del DNI (frente y dorso). Una vez completado el formulario, el sistema informar\u00e1 si la persona qued\u00f3 inscripta y el instructor o instructora se comunicar\u00e1 el primer d\u00eda de clase.&nbsp;<\/p>\n\n\n\n<p>Cada curso virtual dispone de <strong>20 vacantes<\/strong> y cada persona podr\u00e1 inscribirse en un solo curso con el fin de que pueda participar la mayor cantidad de personas posible. Adem\u00e1s, estos cursos de <strong>Formaci\u00f3n Profesional<\/strong> sirven como contraprestaci\u00f3n al<strong> Programa Potenciar.&nbsp;<\/strong><\/p>\n\n\n\n<p>Cronograma de inscripci\u00f3n por d\u00edas y actividades:<\/p>\n\n\n\n<p>&#8211; Martes, 15 de Junio: GASTRONOM\u00cdA<\/p>\n\n\n\n<p>&#8211; Mi\u00e9rcoles, 16 de Junio: EST\u00c9TICA \u2013 TEXTIL \u2013 INFORM\u00c1TICA<\/p>\n\n\n\n<p>&#8211; Jueves, 17 de Junio: CONSTRUCCI\u00d3N \u2013 AGRARIO \u2013 ARTE Y DECORACI\u00d3N\u00a0<\/p>\n\n\n\n<p>Para m\u00e1s informaci\u00f3n escribir a: infocapacitacion@moreno.gov.ar<\/p>\n\n\n\n<figure class=\"wp-block-gallery columns-3 is-cropped wp-block-gallery-1 is-layout-flex wp-block-gallery-is-layout-flex\"><ul class=\"blocks-gallery-grid\"><li class=\"blocks-gallery-item\"><figure><a href=\"https:\/\/morenoprimero.com.ar\/wp-content\/uploads\/2021\/06\/WhatsApp-Image-2021-06-14-at-4.03.00-PM.jpeg\"><img loading=\"lazy\" decoding=\"async\" width=\"1024\" height=\"1024\" src=\"https:\/\/morenoprimero.com.ar\/wp-content\/uploads\/2021\/06\/WhatsApp-Image-2021-06-14-at-4.03.00-PM-1024x1024.jpeg\" alt=\"\" data-id=\"13902\" data-full-url=\"https:\/\/morenoprimero.com.ar\/wp-content\/uploads\/2021\/06\/WhatsApp-Image-2021-06-14-at-4.03.00-PM.jpeg\" data-link=\"https:\/\/morenoprimero.com.ar\/?attachment_id=13902\" class=\"wp-image-13902\" srcset=\"https:\/\/morenoprimero.com.ar\/archivo\/wp-content\/uploads\/2021\/06\/WhatsApp-Image-2021-06-14-at-4.03.00-PM-1024x1024.jpeg 1024w, https:\/\/morenoprimero.com.ar\/archivo\/wp-content\/uploads\/2021\/06\/WhatsApp-Image-2021-06-14-at-4.03.00-PM-300x300.jpeg 300w, https:\/\/morenoprimero.com.ar\/archivo\/wp-content\/uploads\/2021\/06\/WhatsApp-Image-2021-06-14-at-4.03.00-PM-150x150.jpeg 150w, https:\/\/morenoprimero.com.ar\/archivo\/wp-content\/uploads\/2021\/06\/WhatsApp-Image-2021-06-14-at-4.03.00-PM-768x769.jpeg 768w, https:\/\/morenoprimero.com.ar\/archivo\/wp-content\/uploads\/2021\/06\/WhatsApp-Image-2021-06-14-at-4.03.00-PM.jpeg 1279w\" sizes=\"auto, (max-width: 1024px) 100vw, 1024px\" \/><\/a><\/figure><\/li><li class=\"blocks-gallery-item\"><figure><a href=\"https:\/\/morenoprimero.com.ar\/wp-content\/uploads\/2021\/06\/WhatsApp-Image-2021-06-14-at-4.02.59-PM-3.jpeg\"><img loading=\"lazy\" decoding=\"async\" width=\"1024\" height=\"1024\" src=\"https:\/\/morenoprimero.com.ar\/wp-content\/uploads\/2021\/06\/WhatsApp-Image-2021-06-14-at-4.02.59-PM-3-1024x1024.jpeg\" alt=\"\" data-id=\"13903\" data-full-url=\"https:\/\/morenoprimero.com.ar\/wp-content\/uploads\/2021\/06\/WhatsApp-Image-2021-06-14-at-4.02.59-PM-3.jpeg\" data-link=\"https:\/\/morenoprimero.com.ar\/?attachment_id=13903\" class=\"wp-image-13903\" srcset=\"https:\/\/morenoprimero.com.ar\/archivo\/wp-content\/uploads\/2021\/06\/WhatsApp-Image-2021-06-14-at-4.02.59-PM-3-1024x1024.jpeg 1024w, https:\/\/morenoprimero.com.ar\/archivo\/wp-content\/uploads\/2021\/06\/WhatsApp-Image-2021-06-14-at-4.02.59-PM-3-300x300.jpeg 300w, https:\/\/morenoprimero.com.ar\/archivo\/wp-content\/uploads\/2021\/06\/WhatsApp-Image-2021-06-14-at-4.02.59-PM-3-150x150.jpeg 150w, https:\/\/morenoprimero.com.ar\/archivo\/wp-content\/uploads\/2021\/06\/WhatsApp-Image-2021-06-14-at-4.02.59-PM-3-768x768.jpeg 768w, https:\/\/morenoprimero.com.ar\/archivo\/wp-content\/uploads\/2021\/06\/WhatsApp-Image-2021-06-14-at-4.02.59-PM-3.jpeg 1280w\" sizes=\"auto, (max-width: 1024px) 100vw, 1024px\" \/><\/a><\/figure><\/li><li class=\"blocks-gallery-item\"><figure><a href=\"https:\/\/morenoprimero.com.ar\/wp-content\/uploads\/2021\/06\/WhatsApp-Image-2021-06-14-at-4.02.59-PM-1.jpeg\"><img loading=\"lazy\" decoding=\"async\" width=\"1024\" height=\"1024\" src=\"https:\/\/morenoprimero.com.ar\/wp-content\/uploads\/2021\/06\/WhatsApp-Image-2021-06-14-at-4.02.59-PM-1-1024x1024.jpeg\" alt=\"\" data-id=\"13904\" data-full-url=\"https:\/\/morenoprimero.com.ar\/wp-content\/uploads\/2021\/06\/WhatsApp-Image-2021-06-14-at-4.02.59-PM-1.jpeg\" data-link=\"https:\/\/morenoprimero.com.ar\/?attachment_id=13904\" class=\"wp-image-13904\" srcset=\"https:\/\/morenoprimero.com.ar\/archivo\/wp-content\/uploads\/2021\/06\/WhatsApp-Image-2021-06-14-at-4.02.59-PM-1-1024x1024.jpeg 1024w, https:\/\/morenoprimero.com.ar\/archivo\/wp-content\/uploads\/2021\/06\/WhatsApp-Image-2021-06-14-at-4.02.59-PM-1-300x300.jpeg 300w, https:\/\/morenoprimero.com.ar\/archivo\/wp-content\/uploads\/2021\/06\/WhatsApp-Image-2021-06-14-at-4.02.59-PM-1-150x150.jpeg 150w, https:\/\/morenoprimero.com.ar\/archivo\/wp-content\/uploads\/2021\/06\/WhatsApp-Image-2021-06-14-at-4.02.59-PM-1-768x768.jpeg 768w, https:\/\/morenoprimero.com.ar\/archivo\/wp-content\/uploads\/2021\/06\/WhatsApp-Image-2021-06-14-at-4.02.59-PM-1.jpeg 1280w\" sizes=\"auto, (max-width: 1024px) 100vw, 1024px\" \/><\/a><\/figure><\/li><li class=\"blocks-gallery-item\"><figure><a href=\"https:\/\/morenoprimero.com.ar\/wp-content\/uploads\/2021\/06\/WhatsApp-Image-2021-06-14-at-4.02.59-PM.jpeg\"><img loading=\"lazy\" decoding=\"async\" width=\"1016\" height=\"1024\" src=\"https:\/\/morenoprimero.com.ar\/wp-content\/uploads\/2021\/06\/WhatsApp-Image-2021-06-14-at-4.02.59-PM-1016x1024.jpeg\" alt=\"\" data-id=\"13905\" data-full-url=\"https:\/\/morenoprimero.com.ar\/wp-content\/uploads\/2021\/06\/WhatsApp-Image-2021-06-14-at-4.02.59-PM.jpeg\" data-link=\"https:\/\/morenoprimero.com.ar\/?attachment_id=13905\" class=\"wp-image-13905\" srcset=\"https:\/\/morenoprimero.com.ar\/archivo\/wp-content\/uploads\/2021\/06\/WhatsApp-Image-2021-06-14-at-4.02.59-PM-1016x1024.jpeg 1016w, https:\/\/morenoprimero.com.ar\/archivo\/wp-content\/uploads\/2021\/06\/WhatsApp-Image-2021-06-14-at-4.02.59-PM-298x300.jpeg 298w, https:\/\/morenoprimero.com.ar\/archivo\/wp-content\/uploads\/2021\/06\/WhatsApp-Image-2021-06-14-at-4.02.59-PM-150x150.jpeg 150w, https:\/\/morenoprimero.com.ar\/archivo\/wp-content\/uploads\/2021\/06\/WhatsApp-Image-2021-06-14-at-4.02.59-PM-768x774.jpeg 768w, https:\/\/morenoprimero.com.ar\/archivo\/wp-content\/uploads\/2021\/06\/WhatsApp-Image-2021-06-14-at-4.02.59-PM.jpeg 1270w\" sizes=\"auto, (max-width: 1016px) 100vw, 1016px\" \/><\/a><\/figure><\/li><\/ul><\/figure>\n\n\n\n<p><\/p>\n","protected":false},"excerpt":{"rendered":"<p>La Municipalidad de Moreno, a trav\u00e9s de la Coordinaci\u00f3n de Empleo y Capacitaci\u00f3n del IMDEL (Instituto Municipal de Desarrollo Econ\u00f3mico Local), invita a las vecinas y los vecinos a participar de los nuevos Cursos de Formaci\u00f3n Profesional, gratuitos y virtuales. &hellip; <a href=\"https:\/\/morenoprimero.com.ar\/archivo\/moreno-abrio-la-inscripcion-para-cursos-de-formacion-profesional-gratuitos-y-virtuales\/\">Sigue leyendo <span class=\"meta-nav\">&rarr;<\/span><\/a><\/p>\n","protected":false},"author":6,"featured_media":13899,"comment_status":"closed","ping_status":"closed","sticky":false,"template":"","format":"standard","meta":{"footnotes":""},"categories":[1],"tags":[],"class_list":["post-13898","post","type-post","status-publish","format-standard","has-post-thumbnail","hentry","category-sin-categoria"],"_links":{"self":[{"href":"https:\/\/morenoprimero.com.ar\/archivo\/wp-json\/wp\/v2\/posts\/13898","targetHints":{"allow":["GET"]}}],"collection":[{"href":"https:\/\/morenoprimero.com.ar\/archivo\/wp-json\/wp\/v2\/posts"}],"about":[{"href":"https:\/\/morenoprimero.com.ar\/archivo\/wp-json\/wp\/v2\/types\/post"}],"author":[{"embeddable":true,"href":"https:\/\/morenoprimero.com.ar\/archivo\/wp-json\/wp\/v2\/users\/6"}],"replies":[{"embeddable":true,"href":"https:\/\/morenoprimero.com.ar\/archivo\/wp-json\/wp\/v2\/comments?post=13898"}],"version-history":[{"count":1,"href":"https:\/\/morenoprimero.com.ar\/archivo\/wp-json\/wp\/v2\/posts\/13898\/revisions"}],"predecessor-version":[{"id":13907,"href":"https:\/\/morenoprimero.com.ar\/archivo\/wp-json\/wp\/v2\/posts\/13898\/revisions\/13907"}],"wp:featuredmedia":[{"embeddable":true,"href":"https:\/\/morenoprimero.com.ar\/archivo\/wp-json\/wp\/v2\/media\/13899"}],"wp:attachment":[{"href":"https:\/\/morenoprimero.com.ar\/archivo\/wp-json\/wp\/v2\/media?parent=13898"}],"wp:term":[{"taxonomy":"category","embeddable":true,"href":"https:\/\/morenoprimero.com.ar\/archivo\/wp-json\/wp\/v2\/categories?post=13898"},{"taxonomy":"post_tag","embeddable":true,"href":"https:\/\/morenoprimero.com.ar\/archivo\/wp-json\/wp\/v2\/tags?post=13898"}],"curies":[{"name":"wp","href":"https:\/\/api.w.org\/{rel}","templated":true}]}}