{"id":13837,"date":"2021-06-11T20:37:22","date_gmt":"2021-06-11T23:37:22","guid":{"rendered":"https:\/\/morenoprimero.com.ar\/?p=13837"},"modified":"2021-06-11T20:38:44","modified_gmt":"2021-06-11T23:38:44","slug":"tobias-la-promesa-morenense-de-las-artes-marciales-que-nos-representa-mundialmente","status":"publish","type":"post","link":"https:\/\/morenoprimero.com.ar\/archivo\/tobias-la-promesa-morenense-de-las-artes-marciales-que-nos-representa-mundialmente\/","title":{"rendered":"Tob\u00edas Lopez: La promesa morenense de las artes marciales que nos representa mundialmente"},"content":{"rendered":"\n<p>\u00bfQui\u00e9n es <strong>Tob\u00edas Lopez<\/strong>, el joven morenense que con tan solo 20 a\u00f1os es campe\u00f3n de <strong>chaiu do kwan, <\/strong>capit\u00e1n de la selecci\u00f3n Argentina de combate a puntos y representa a su ciudad y el pa\u00eds a nivel internacional?<\/p>\n\n\n\n<p>Una vida dedicada a las artes marciales: entrena desde los 4 a\u00f1os, es cintur\u00f3n negro tercer dan y especialista en <em>point fighting<\/em>, el combate a puntos. Este fin de semana viajar\u00e1 a Estados Unidos para defender su t\u00edtulo en el <strong>US OPEN<\/strong> <strong>de artes marciales<\/strong>, y su pr\u00f3ximo objetivo es empezar a competir en Europa para tratar de hacerse un lugar entre los mejores peleadores del mundo.<\/p>\n\n\n\n<p>\u201cMi trayectoria fue ascendente desde que empec\u00e9. Siempre tuve muy buenos resultados ganando todos los eventos m\u00e1s importantes de Argentina y compitiendo en todas las provincias y los pa\u00edses: <strong>Chile, Paraguay, Uruguay, Brasil, Bolivia, Puerto Rico y 10 veces en Estados Unidos.<\/strong> En el a\u00f1o 2016, tras ganar el <strong>Grand Champion<\/strong> del festival de Disney, cuyas finales fueron televisadas por <strong>ESPN<\/strong>, me llev\u00f3 a ser contratado por el Team Velocity de Miami. Desde ese entonces, mi carrera dio un salto muy grande. En el 2020, durante la pandemia, tuve la suerte de recibir una nueva oferta, la cual acept\u00e9 y cambi\u00e9 de equipo. Me contrat\u00f3 el team <strong>All Stars de California<\/strong>, que es uno de los mejores equipos del mundo. Lo m\u00e1s importante que gan\u00e9 en mi carrera fue el Grand Champion de la batalla de Atlanta en el 2018&#8243;, cont\u00f3 para Moreno Primero la joven promesa de las artes marciales.&nbsp;<\/p>\n\n\n\n<p>Adem\u00e1s de los entrenamientos, Tob\u00edas se prepara haciendo seminarios. Ha hecho con grandes maestros, los mejores peleadores del mundo como Jack Felton, Justin Ortiz, Leo Valdivia, entre otros. Lo define como un <strong>estilo de vida<\/strong> con una gran significancia en su d\u00eda a d\u00eda, y, dice, si bien muchas personas lo hacen como un pasatiempos o para defensa personal, \u00e9l lo ha elegido como la carrera profesional en la que se forma y proyecta.&nbsp;<\/p>\n\n\n\n<figure class=\"wp-block-image size-large\"><a href=\"https:\/\/morenoprimero.com.ar\/wp-content\/uploads\/2021\/06\/tobias.jpeg\"><img loading=\"lazy\" decoding=\"async\" width=\"743\" height=\"1024\" src=\"https:\/\/morenoprimero.com.ar\/wp-content\/uploads\/2021\/06\/tobias-743x1024.jpeg\" alt=\"\" class=\"wp-image-13840\" srcset=\"https:\/\/morenoprimero.com.ar\/archivo\/wp-content\/uploads\/2021\/06\/tobias-743x1024.jpeg 743w, https:\/\/morenoprimero.com.ar\/archivo\/wp-content\/uploads\/2021\/06\/tobias-218x300.jpeg 218w, https:\/\/morenoprimero.com.ar\/archivo\/wp-content\/uploads\/2021\/06\/tobias-768x1058.jpeg 768w, https:\/\/morenoprimero.com.ar\/archivo\/wp-content\/uploads\/2021\/06\/tobias.jpeg 929w\" sizes=\"auto, (max-width: 743px) 100vw, 743px\" \/><\/a><\/figure>\n\n\n\n<p>\u201cEs gran parte de mi vida cotidiana porque estoy relacionado con esto todos los d\u00edas, ya sea dando clases, seminarios o entrenando. Por mi parte, entreno todos los d\u00edas, m\u00e1s o menos 2 horas, a veces un poco m\u00e1s. El entrenamiento va variando, dependiendo para lo que me est\u00e9 preparando. Ahora estamos haciendo un entrenamiento de alto rendimiento debido a que se acerca un torneo muy importante\u00bb. Explica haciendo referencia al ya nombrado <strong>US OPEN en Estados Unidos<\/strong> este domingo 12.&nbsp;<\/p>\n\n\n\n<p>Ante los nervios y la ansiedad previa a un torneo importante, <em>Toto, <\/em>como lo llaman sus allegados, prefiere estar solo; descansar y relajarse escuchando m\u00fasica, pero tambi\u00e9n le gusta hablar con alguien que le genere tranquilidad para bajar la intensidad. \u201cEs esencial mantenerse concentrado para no perder el foco\u201d, afirma.&nbsp;<\/p>\n\n\n\n<p>Con el orgullo en lo m\u00e1s alto de representar no solo a su pa\u00eds, sino al municipio y en busca de ese sue\u00f1o que tiene desde peque\u00f1o, el representante de los morenenses quiere seguir haciendo historia. Como \u00e9l mismo dice: \u201cEl cielo es el l\u00edmite\u201d y lo va a demostrar, una vez m\u00e1s, este domingo en el US OPEN norteamericano.&nbsp;<\/p>\n","protected":false},"excerpt":{"rendered":"<p>\u00bfQui\u00e9n es Tob\u00edas Lopez, el joven morenense que con tan solo 20 a\u00f1os es campe\u00f3n de chaiu do kwan, capit\u00e1n de la selecci\u00f3n Argentina de combate a puntos y representa a su ciudad y el pa\u00eds a nivel internacional? Una &hellip; <a href=\"https:\/\/morenoprimero.com.ar\/archivo\/tobias-la-promesa-morenense-de-las-artes-marciales-que-nos-representa-mundialmente\/\">Sigue leyendo <span class=\"meta-nav\">&rarr;<\/span><\/a><\/p>\n","protected":false},"author":6,"featured_media":13839,"comment_status":"closed","ping_status":"closed","sticky":false,"template":"","format":"standard","meta":{"footnotes":""},"categories":[673,3],"tags":[2554,2553,2555,2551,2552],"class_list":["post-13837","post","type-post","status-publish","format-standard","has-post-thumbnail","hentry","category-deporte","category-importantes","tag-all-stars-california","tag-artes-marciales","tag-chaiu-do-kwan","tag-tobias-lopez","tag-us-open"],"_links":{"self":[{"href":"https:\/\/morenoprimero.com.ar\/archivo\/wp-json\/wp\/v2\/posts\/13837","targetHints":{"allow":["GET"]}}],"collection":[{"href":"https:\/\/morenoprimero.com.ar\/archivo\/wp-json\/wp\/v2\/posts"}],"about":[{"href":"https:\/\/morenoprimero.com.ar\/archivo\/wp-json\/wp\/v2\/types\/post"}],"author":[{"embeddable":true,"href":"https:\/\/morenoprimero.com.ar\/archivo\/wp-json\/wp\/v2\/users\/6"}],"replies":[{"embeddable":true,"href":"https:\/\/morenoprimero.com.ar\/archivo\/wp-json\/wp\/v2\/comments?post=13837"}],"version-history":[{"count":7,"href":"https:\/\/morenoprimero.com.ar\/archivo\/wp-json\/wp\/v2\/posts\/13837\/revisions"}],"predecessor-version":[{"id":13846,"href":"https:\/\/morenoprimero.com.ar\/archivo\/wp-json\/wp\/v2\/posts\/13837\/revisions\/13846"}],"wp:featuredmedia":[{"embeddable":true,"href":"https:\/\/morenoprimero.com.ar\/archivo\/wp-json\/wp\/v2\/media\/13839"}],"wp:attachment":[{"href":"https:\/\/morenoprimero.com.ar\/archivo\/wp-json\/wp\/v2\/media?parent=13837"}],"wp:term":[{"taxonomy":"category","embeddable":true,"href":"https:\/\/morenoprimero.com.ar\/archivo\/wp-json\/wp\/v2\/categories?post=13837"},{"taxonomy":"post_tag","embeddable":true,"href":"https:\/\/morenoprimero.com.ar\/archivo\/wp-json\/wp\/v2\/tags?post=13837"}],"curies":[{"name":"wp","href":"https:\/\/api.w.org\/{rel}","templated":true}]}}