{"id":1382,"date":"2020-08-17T17:50:43","date_gmt":"2020-08-17T17:50:43","guid":{"rendered":"https:\/\/morenoprimero.com.ar\/?p=1382"},"modified":"2020-08-17T17:50:43","modified_gmt":"2020-08-17T17:50:43","slug":"golpe-en-moreno-cae-banda-con-un-arsenal","status":"publish","type":"post","link":"https:\/\/morenoprimero.com.ar\/archivo\/golpe-en-moreno-cae-banda-con-un-arsenal\/","title":{"rendered":"GOLPE EN MORENO: CAE BANDA CON UN ARSENAL"},"content":{"rendered":"\n<h4 class=\"wp-block-heading\">Se realizaron 4 allanamientos que tuvo como resultado 6 detenidos, 19 armas de fuego, m\u00e1s de 200 proyectiles, droga, dinero y rodados.<\/h4>\n\n\n\n<p>La primera semana de agosto se realizaron distintos allanamientos por un robo calificado perpetrado en diciembre del 2019 en Moreno. Se allanaron viviendas en Paysand\u00fa al 4700, calle Ascasubi, Larreta al 3700 y Lamadrid y Esopo.<\/p>\n\n\n\n<p><strong>\u00a0<br>Personal policial, Grupo Halc\u00f3n, GAD e Infanter\u00eda lograron detener a 6 personas secuestrando\u00a0un arsenal: 19 armas, m\u00e1s de 200 proyectiles, droga y rodados.<\/strong><\/p>\n\n\n\n<p>Se secuestraron: una pistola calibre 9, un pistol\u00f3n calibre 12,\u00a03 pistolas Bersa calibre 22, un revolver 32, una carabina 22 modelo 1890, otra carabina 22 marca Saurio, una escopeta calibre 16,\u00a0 3 escopetas sin funcionar, un revolver de fabricaci\u00f3n casera calibre 22 y 6 armas tumberas; 228 municiones, dos handys Motorola, moto Honda Falc\u00f3n con pedido de secuestro, rodado VW Gol, chaleco de PFA, gorra de PFA,\u00a0 campera inscripci\u00f3n polic\u00eda. Tambi\u00e9n se secuestr\u00f3  dinero en efectivo y droga: 299 envoltorios de coca\u00edna con un peso total de 300 gramos.\u00a0Un\u00a0planta de marihuana de 1 Kg, frasco con cogollos. $107.400 efectivo y 5 celulares.<\/p>\n\n\n\n<p>Las acciones fueron dirigidas por la UFI n\u00b0 6 del Dpto. Judicial de Mor\u00f3n.<\/p>\n","protected":false},"excerpt":{"rendered":"<p>Se realizaron 4 allanamientos que tuvo como resultado 6 detenidos, 19 armas de fuego, m\u00e1s de 200 proyectiles, droga, dinero y rodados. La primera semana de agosto se realizaron distintos allanamientos por un robo calificado perpetrado en diciembre del 2019 &hellip; <a href=\"https:\/\/morenoprimero.com.ar\/archivo\/golpe-en-moreno-cae-banda-con-un-arsenal\/\">Sigue leyendo <span class=\"meta-nav\">&rarr;<\/span><\/a><\/p>\n","protected":false},"author":6,"featured_media":169,"comment_status":"open","ping_status":"open","sticky":false,"template":"","format":"standard","meta":{"footnotes":""},"categories":[8,5],"tags":[10,110,179],"class_list":["post-1382","post","type-post","status-publish","format-standard","has-post-thumbnail","hentry","category-policiales","category-recomendadas","tag-allanamientos","tag-delincuentes","tag-policia-bonaerense"],"_links":{"self":[{"href":"https:\/\/morenoprimero.com.ar\/archivo\/wp-json\/wp\/v2\/posts\/1382","targetHints":{"allow":["GET"]}}],"collection":[{"href":"https:\/\/morenoprimero.com.ar\/archivo\/wp-json\/wp\/v2\/posts"}],"about":[{"href":"https:\/\/morenoprimero.com.ar\/archivo\/wp-json\/wp\/v2\/types\/post"}],"author":[{"embeddable":true,"href":"https:\/\/morenoprimero.com.ar\/archivo\/wp-json\/wp\/v2\/users\/6"}],"replies":[{"embeddable":true,"href":"https:\/\/morenoprimero.com.ar\/archivo\/wp-json\/wp\/v2\/comments?post=1382"}],"version-history":[{"count":1,"href":"https:\/\/morenoprimero.com.ar\/archivo\/wp-json\/wp\/v2\/posts\/1382\/revisions"}],"predecessor-version":[{"id":1383,"href":"https:\/\/morenoprimero.com.ar\/archivo\/wp-json\/wp\/v2\/posts\/1382\/revisions\/1383"}],"wp:featuredmedia":[{"embeddable":true,"href":"https:\/\/morenoprimero.com.ar\/archivo\/wp-json\/wp\/v2\/media\/169"}],"wp:attachment":[{"href":"https:\/\/morenoprimero.com.ar\/archivo\/wp-json\/wp\/v2\/media?parent=1382"}],"wp:term":[{"taxonomy":"category","embeddable":true,"href":"https:\/\/morenoprimero.com.ar\/archivo\/wp-json\/wp\/v2\/categories?post=1382"},{"taxonomy":"post_tag","embeddable":true,"href":"https:\/\/morenoprimero.com.ar\/archivo\/wp-json\/wp\/v2\/tags?post=1382"}],"curies":[{"name":"wp","href":"https:\/\/api.w.org\/{rel}","templated":true}]}}