{"id":1379,"date":"2020-08-17T17:47:43","date_gmt":"2020-08-17T17:47:43","guid":{"rendered":"https:\/\/morenoprimero.com.ar\/?p=1379"},"modified":"2020-08-17T17:47:43","modified_gmt":"2020-08-17T17:47:43","slug":"zapiola-allanamientos-y-motos-secuestradas-tras-la-denuncia-de-una-victima","status":"publish","type":"post","link":"https:\/\/morenoprimero.com.ar\/archivo\/zapiola-allanamientos-y-motos-secuestradas-tras-la-denuncia-de-una-victima\/","title":{"rendered":"ZAPIOLA: ALLANAMIENTOS Y MOTOS SECUESTRADAS TRAS LA DENUNCIA DE UNA VICTIMA"},"content":{"rendered":"\n<p> A partir del trabajo conjunto de la UFI 4 a cargo del Dr So\u00f1ora y la informaci\u00f3n brindada por la Secretar\u00eda de Justicia, Seguridad y DDHH del Municipio de Moreno, se realizaron distintos allanamientos en funci\u00f3n de una investigaci\u00f3n que comenz\u00f3 con la denuncia de una v\u00edctima.\u00a0\u00a0<\/p>\n\n\n\n<p>D\u00edas a tras, un grupo de masculinos entr\u00f3 a la casa de una mujer rob\u00e1ndole hasta su perro pitbull.\u00a0 La victima se fue de su casa por miedo a estos sujetos quienes vienen atemorizando a los vecinos del asentamiento del Camino de la Rivera, Zapiola.\u00a0<\/p>\n\n\n\n<p>Se realizaron dos allanamientos, uno en calle Zapiola y otro en La Reja, donde encontraron&nbsp;varias motos, 2 de ellas con pedido de secuestro.<\/p>\n","protected":false},"excerpt":{"rendered":"<p>A partir del trabajo conjunto de la UFI 4 a cargo del Dr So\u00f1ora y la informaci\u00f3n brindada por la Secretar\u00eda de Justicia, Seguridad y DDHH del Municipio de Moreno, se realizaron distintos allanamientos en funci\u00f3n de una investigaci\u00f3n que &hellip; <a href=\"https:\/\/morenoprimero.com.ar\/archivo\/zapiola-allanamientos-y-motos-secuestradas-tras-la-denuncia-de-una-victima\/\">Sigue leyendo <span class=\"meta-nav\">&rarr;<\/span><\/a><\/p>\n","protected":false},"author":6,"featured_media":1380,"comment_status":"open","ping_status":"open","sticky":false,"template":"","format":"standard","meta":{"footnotes":""},"categories":[8,5],"tags":[10,110,112],"class_list":["post-1379","post","type-post","status-publish","format-standard","has-post-thumbnail","hentry","category-policiales","category-recomendadas","tag-allanamientos","tag-delincuentes","tag-detenidos"],"_links":{"self":[{"href":"https:\/\/morenoprimero.com.ar\/archivo\/wp-json\/wp\/v2\/posts\/1379","targetHints":{"allow":["GET"]}}],"collection":[{"href":"https:\/\/morenoprimero.com.ar\/archivo\/wp-json\/wp\/v2\/posts"}],"about":[{"href":"https:\/\/morenoprimero.com.ar\/archivo\/wp-json\/wp\/v2\/types\/post"}],"author":[{"embeddable":true,"href":"https:\/\/morenoprimero.com.ar\/archivo\/wp-json\/wp\/v2\/users\/6"}],"replies":[{"embeddable":true,"href":"https:\/\/morenoprimero.com.ar\/archivo\/wp-json\/wp\/v2\/comments?post=1379"}],"version-history":[{"count":1,"href":"https:\/\/morenoprimero.com.ar\/archivo\/wp-json\/wp\/v2\/posts\/1379\/revisions"}],"predecessor-version":[{"id":1381,"href":"https:\/\/morenoprimero.com.ar\/archivo\/wp-json\/wp\/v2\/posts\/1379\/revisions\/1381"}],"wp:featuredmedia":[{"embeddable":true,"href":"https:\/\/morenoprimero.com.ar\/archivo\/wp-json\/wp\/v2\/media\/1380"}],"wp:attachment":[{"href":"https:\/\/morenoprimero.com.ar\/archivo\/wp-json\/wp\/v2\/media?parent=1379"}],"wp:term":[{"taxonomy":"category","embeddable":true,"href":"https:\/\/morenoprimero.com.ar\/archivo\/wp-json\/wp\/v2\/categories?post=1379"},{"taxonomy":"post_tag","embeddable":true,"href":"https:\/\/morenoprimero.com.ar\/archivo\/wp-json\/wp\/v2\/tags?post=1379"}],"curies":[{"name":"wp","href":"https:\/\/api.w.org\/{rel}","templated":true}]}}