{"id":13757,"date":"2021-06-11T10:36:44","date_gmt":"2021-06-11T13:36:44","guid":{"rendered":"https:\/\/morenoprimero.com.ar\/?p=13757"},"modified":"2021-06-11T10:37:16","modified_gmt":"2021-06-11T13:37:16","slug":"vence-hoy-el-dnu-con-restricciones-por-la-pandemia-y-el-gobierno-nacional-anuncia-su-prorroga","status":"publish","type":"post","link":"https:\/\/morenoprimero.com.ar\/archivo\/vence-hoy-el-dnu-con-restricciones-por-la-pandemia-y-el-gobierno-nacional-anuncia-su-prorroga\/","title":{"rendered":"Vence hoy el DNU con restricciones por la pandemia y el Gobierno nacional anuncia su pr\u00f3rroga"},"content":{"rendered":"\n<h4 class=\"wp-block-heading\">Continuar\u00e1 el par\u00e1metro del sem\u00e1foro epidemiol\u00f3gico, que establece distintos tipos de restricciones seg\u00fan la situaci\u00f3n sanitaria en cada distrito del pa\u00eds. Se extender\u00e1 durante las pr\u00f3ximas dos semanas.<\/h4>\n\n\n\n<p>El Gobierno nacional anunciar\u00e1 este viernes los alcances de un nuevo Decreto de Necesidad y Urgencia (DNU) con medidas de cuidado para mitigar el avance de la segunda ola de coronavirus que atraviesa el pa\u00eds, y que continuar\u00e1 con el par\u00e1metro del sem\u00e1foro epidemiol\u00f3gico, que establece distintos tipos de restricciones seg\u00fan la situaci\u00f3n sanitaria en cada distrito del pa\u00eds.<\/p>\n\n\n\n<p>\u00abEl DNU se va a renovar con los mismos par\u00e1metros que se vienen aplicando hasta ahora, con el fundamento de aplicar criterios objetivos y que no haya mucha m\u00e1s discusi\u00f3n\u00bb,\u00a0<strong>anticip\u00f3 anoche el jefe de Gabinete, Santiago Cafiero<\/strong>, en declaraciones a la se\u00f1al de cable A24.<\/p>\n\n\n\n<p>El nuevo DNU -que comenzar\u00e1 a regir esta medianoche- se extender\u00e1 por las pr\u00f3ximas dos semanas, mientras el Gobierno nacional espera que la C\u00e1mara de Diputados debata la ley de \u00abEmergencia Covid\u00bb que\u00a0<strong>el jueves obtuvo dictamen favorable en un plenario de comisiones<\/strong>.<\/p>\n\n\n\n<p>Este proyecto establece un marco normativo sobre par\u00e1metros epidemiol\u00f3gicos y sanitarios para mitigar el impacto de la segunda ola de coronavirus.<\/p>\n\n\n\n<p>El objetivo del Gobierno nacional era obtener el jueves la sanci\u00f3n de la norma, ya aprobada por el Senado, antes de que venza este viernes el DNU vigente con restricciones, pero ante la falta de acuerdo con la oposici\u00f3n, la propuesta deber\u00e1 ser tratada en una nueva sesi\u00f3n dentro de dos semanas.<\/p>\n\n\n\n<p>En sus declaraciones de anoche, Cafiero ratific\u00f3 que la nueva norma va a extenderse por \u00abdos semanas\u00bb a la \u00abespera\u00bb de que \u00abse termine el tratamiento de la ley que tambi\u00e9n copia estas medidas\u00bb, por lo cual, aclar\u00f3, \u00abcuando se apruebe, tampoco va a cambiar\u00bb el criterio para adoptar las restricciones.<\/p>\n\n\n\n<blockquote class=\"wp-block-quote is-layout-flow wp-block-quote-is-layout-flow\"><p><em>El DNU se va a renovar con los mismos par\u00e1metros que se vienen aplicando hasta ahora, con el fundamento de aplicar criterios objetivos y que no haya mucha m\u00e1s discusi\u00f3n<\/em><\/p><\/blockquote>\n\n\n\n<p>El DNU que vence este viernes estableci\u00f3 nueve d\u00edas de aislamiento estricto (entre el 22 y el 30 de mayo); luego cinco d\u00edas con mayores habilitaciones (del 31 de mayo al 4 de junio); el pasado fin de semana (5 y 6), nuevamente con restricciones m\u00e1s duras, y los \u00faltimos d\u00edas de esta etapa (del 7 al 11 de junio) otra vez con medidas m\u00e1s laxas.<\/p>\n\n\n\n<p>El par\u00e1metro sanitario que rige actualmente, incluido en el proyecto de ley que se trata en el Congreso, establece la divisi\u00f3n del pa\u00eds en cuatro categor\u00edas, de acuerdo con los riesgos: bajo, mediano, alto y alarma epidemiol\u00f3gica y sanitaria.<\/p>\n\n\n\n<p>El jueves, Cafiero, y la ministra de Salud, Carla Vizzotti, se reunieron con el comit\u00e9 asesor de expertos para evaluar la situaci\u00f3n sanitaria nacional .<\/p>\n\n\n\n<p>En ese encuentro, los epidemi\u00f3logos que asesoran al presidente Alberto Fern\u00e1ndez calificaron de \u00abalarmante\u00bb que las vacaciones de invierno se extiendan 14 d\u00edas a ra\u00edz de la \u00abmovilidad que generar\u00eda en todo el pa\u00eds\u00bb, y los expertos lo consideraron una \u00abantesala de la tercera ola\u00bb, por lo que propusieron \u00abseparar\u00bb esa instancia en \u00abper\u00edodos m\u00e1s cortos\u00bb.<\/p>\n\n\n\n<p>Seg\u00fan pudo saber T\u00e9lam de fuentes oficiales, los expertos recomendaron al Poder Ejecutivo mantener \u00abmedidas similares\u00bb a las actuales en los distritos que est\u00e9n en alarma epidemiol\u00f3gica.<\/p>\n\n\n\n<p>Previamente, Cafiero hab\u00eda recibido en su despacho de Casa Rosada a sus pares de provincia y Ciudad de Buenos Aires, Carlos Bianco y Felipe Miguel, respectivamente, para analizar los datos epidemiol\u00f3gicos en el \u00c1rea Metropolitana de Buenos Aires (AMBA) que integran ambas jurisdicciones.<\/p>\n\n\n\n<p>En ese encuentro, que se extendi\u00f3 por 50 minutos, se destac\u00f3 \u00abel descenso paulatino\u00bb de los casos pero se coincidi\u00f3 en que \u00aba\u00fan falta mucho camino por recorrer\u00bb.<\/p>\n\n\n\n<p>Fuentes oficiales indicaron que se considera la posibilidad de \u00abvolver a tener per\u00edodos\u00bb de aislamiento \u00abdurante el invierno, es decir, aprovechar los feriados y semanas cortas\u00bb.<\/p>\n\n\n\n<p>Tambi\u00e9n remarcaron que, despu\u00e9s de aquellos nueve d\u00edas de aislamiento obligatorio, las medidas \u00abfueron eficaces\u00bb para bajar los casos en todo el pa\u00eds, con excepci\u00f3n de C\u00f3rdoba, que \u00abexplot\u00f3\u00bb.<\/p>\n\n\n\n<p>El Gobierno nacional est\u00e1 preocupado por la situaci\u00f3n sanitaria en C\u00f3rdoba y tambi\u00e9n por la suba de casos en Chaco y Jujuy.<\/p>\n\n\n\n<p>En el encuentro dejueves, los expertos \u00abdefendieron el sem\u00e1foro epidemiol\u00f3gico y reiteraron que debe haber mayores controles por parte de las jurisdicciones\u00bb ante \u00abel r\u00e9cord de ocupaci\u00f3n en camas de unidades de terapia intensiva\u00bb.<\/p>\n\n\n\n<p>\u00a0<\/p>\n","protected":false},"excerpt":{"rendered":"<p>Continuar\u00e1 el par\u00e1metro del sem\u00e1foro epidemiol\u00f3gico, que establece distintos tipos de restricciones seg\u00fan la situaci\u00f3n sanitaria en cada distrito del pa\u00eds. Se extender\u00e1 durante las pr\u00f3ximas dos semanas. El Gobierno nacional anunciar\u00e1 este viernes los alcances de un nuevo Decreto &hellip; <a href=\"https:\/\/morenoprimero.com.ar\/archivo\/vence-hoy-el-dnu-con-restricciones-por-la-pandemia-y-el-gobierno-nacional-anuncia-su-prorroga\/\">Sigue leyendo <span class=\"meta-nav\">&rarr;<\/span><\/a><\/p>\n","protected":false},"author":6,"featured_media":13114,"comment_status":"closed","ping_status":"closed","sticky":false,"template":"","format":"standard","meta":{"footnotes":""},"categories":[2330],"tags":[1199,603,2004],"class_list":["post-13757","post","type-post","status-publish","format-standard","has-post-thumbnail","hentry","category-nacional","tag-decreto","tag-gobierno-nacional","tag-restricciones"],"_links":{"self":[{"href":"https:\/\/morenoprimero.com.ar\/archivo\/wp-json\/wp\/v2\/posts\/13757","targetHints":{"allow":["GET"]}}],"collection":[{"href":"https:\/\/morenoprimero.com.ar\/archivo\/wp-json\/wp\/v2\/posts"}],"about":[{"href":"https:\/\/morenoprimero.com.ar\/archivo\/wp-json\/wp\/v2\/types\/post"}],"author":[{"embeddable":true,"href":"https:\/\/morenoprimero.com.ar\/archivo\/wp-json\/wp\/v2\/users\/6"}],"replies":[{"embeddable":true,"href":"https:\/\/morenoprimero.com.ar\/archivo\/wp-json\/wp\/v2\/comments?post=13757"}],"version-history":[{"count":2,"href":"https:\/\/morenoprimero.com.ar\/archivo\/wp-json\/wp\/v2\/posts\/13757\/revisions"}],"predecessor-version":[{"id":13760,"href":"https:\/\/morenoprimero.com.ar\/archivo\/wp-json\/wp\/v2\/posts\/13757\/revisions\/13760"}],"wp:featuredmedia":[{"embeddable":true,"href":"https:\/\/morenoprimero.com.ar\/archivo\/wp-json\/wp\/v2\/media\/13114"}],"wp:attachment":[{"href":"https:\/\/morenoprimero.com.ar\/archivo\/wp-json\/wp\/v2\/media?parent=13757"}],"wp:term":[{"taxonomy":"category","embeddable":true,"href":"https:\/\/morenoprimero.com.ar\/archivo\/wp-json\/wp\/v2\/categories?post=13757"},{"taxonomy":"post_tag","embeddable":true,"href":"https:\/\/morenoprimero.com.ar\/archivo\/wp-json\/wp\/v2\/tags?post=13757"}],"curies":[{"name":"wp","href":"https:\/\/api.w.org\/{rel}","templated":true}]}}