{"id":1375,"date":"2020-08-17T17:44:25","date_gmt":"2020-08-17T17:44:25","guid":{"rendered":"https:\/\/morenoprimero.com.ar\/?p=1375"},"modified":"2020-08-17T17:44:25","modified_gmt":"2020-08-17T17:44:25","slug":"barrio-parque-detienen-a-4-delincuentes-a-metros-del-cpu-nuevo","status":"publish","type":"post","link":"https:\/\/morenoprimero.com.ar\/archivo\/barrio-parque-detienen-a-4-delincuentes-a-metros-del-cpu-nuevo\/","title":{"rendered":"BARRIO PARQUE: DETIENEN A 4 DELINCUENTES A METROS DEL CPU NUEVO"},"content":{"rendered":"\n<p>A pocos metros del recientemente instalado CPU de la polic\u00eda, en Pasteur y Belgrano, detienen a tres hombres y una mujer quienes circulaban en un Peugeot 307 robado con pedido de secuestro.<\/p>\n\n\n\n<p>&nbsp;El autom\u00f3vil&nbsp;hab\u00eda sido robado el mismo viernes, en la localidad de San Miguel.&nbsp;De los detenidos, la mujer ten\u00eda un pedido de paradero activo. Intervino la UFI N\u00ba6 de Moreno.<\/p>\n\n\n\n<figure class=\"wp-block-image size-large\"><img loading=\"lazy\" decoding=\"async\" width=\"1024\" height=\"1024\" src=\"https:\/\/morenoprimero.com.ar\/wp-content\/uploads\/2020\/08\/FGF-1024x1024.jpg\" alt=\"\" class=\"wp-image-1377\" srcset=\"https:\/\/morenoprimero.com.ar\/archivo\/wp-content\/uploads\/2020\/08\/FGF-1024x1024.jpg 1024w, https:\/\/morenoprimero.com.ar\/archivo\/wp-content\/uploads\/2020\/08\/FGF-300x300.jpg 300w, https:\/\/morenoprimero.com.ar\/archivo\/wp-content\/uploads\/2020\/08\/FGF-150x150.jpg 150w, https:\/\/morenoprimero.com.ar\/archivo\/wp-content\/uploads\/2020\/08\/FGF-768x768.jpg 768w, https:\/\/morenoprimero.com.ar\/archivo\/wp-content\/uploads\/2020\/08\/FGF.jpg 1280w\" sizes=\"auto, (max-width: 1024px) 100vw, 1024px\" \/><\/figure>\n","protected":false},"excerpt":{"rendered":"<p>A pocos metros del recientemente instalado CPU de la polic\u00eda, en Pasteur y Belgrano, detienen a tres hombres y una mujer quienes circulaban en un Peugeot 307 robado con pedido de secuestro. &nbsp;El autom\u00f3vil&nbsp;hab\u00eda sido robado el mismo viernes, en &hellip; <a href=\"https:\/\/morenoprimero.com.ar\/archivo\/barrio-parque-detienen-a-4-delincuentes-a-metros-del-cpu-nuevo\/\">Sigue leyendo <span class=\"meta-nav\">&rarr;<\/span><\/a><\/p>\n","protected":false},"author":6,"featured_media":1376,"comment_status":"open","ping_status":"open","sticky":false,"template":"","format":"standard","meta":{"footnotes":""},"categories":[21,8,20],"tags":[110,112,179,39],"class_list":["post-1375","post","type-post","status-publish","format-standard","has-post-thumbnail","hentry","category-interes-general","category-policiales","category-sociedad","tag-delincuentes","tag-detenidos","tag-policia-bonaerense","tag-robo"],"_links":{"self":[{"href":"https:\/\/morenoprimero.com.ar\/archivo\/wp-json\/wp\/v2\/posts\/1375","targetHints":{"allow":["GET"]}}],"collection":[{"href":"https:\/\/morenoprimero.com.ar\/archivo\/wp-json\/wp\/v2\/posts"}],"about":[{"href":"https:\/\/morenoprimero.com.ar\/archivo\/wp-json\/wp\/v2\/types\/post"}],"author":[{"embeddable":true,"href":"https:\/\/morenoprimero.com.ar\/archivo\/wp-json\/wp\/v2\/users\/6"}],"replies":[{"embeddable":true,"href":"https:\/\/morenoprimero.com.ar\/archivo\/wp-json\/wp\/v2\/comments?post=1375"}],"version-history":[{"count":1,"href":"https:\/\/morenoprimero.com.ar\/archivo\/wp-json\/wp\/v2\/posts\/1375\/revisions"}],"predecessor-version":[{"id":1378,"href":"https:\/\/morenoprimero.com.ar\/archivo\/wp-json\/wp\/v2\/posts\/1375\/revisions\/1378"}],"wp:featuredmedia":[{"embeddable":true,"href":"https:\/\/morenoprimero.com.ar\/archivo\/wp-json\/wp\/v2\/media\/1376"}],"wp:attachment":[{"href":"https:\/\/morenoprimero.com.ar\/archivo\/wp-json\/wp\/v2\/media?parent=1375"}],"wp:term":[{"taxonomy":"category","embeddable":true,"href":"https:\/\/morenoprimero.com.ar\/archivo\/wp-json\/wp\/v2\/categories?post=1375"},{"taxonomy":"post_tag","embeddable":true,"href":"https:\/\/morenoprimero.com.ar\/archivo\/wp-json\/wp\/v2\/tags?post=1375"}],"curies":[{"name":"wp","href":"https:\/\/api.w.org\/{rel}","templated":true}]}}