{"id":1358,"date":"2020-08-17T17:17:25","date_gmt":"2020-08-17T17:17:25","guid":{"rendered":"https:\/\/morenoprimero.com.ar\/?p=1358"},"modified":"2020-08-17T17:21:55","modified_gmt":"2020-08-17T17:21:55","slug":"karina-alvarez-se-busca-regularizar-a-los-trabajadores-no-a-la-plataforma","status":"publish","type":"post","link":"https:\/\/morenoprimero.com.ar\/archivo\/karina-alvarez-se-busca-regularizar-a-los-trabajadores-no-a-la-plataforma\/","title":{"rendered":"KARINA \u00c1LVAREZ: \u00abSE BUSCA REGULARIZAR A LOS TRABAJADORES, NO A LA PLATAFORMA\u00bb"},"content":{"rendered":"\n<h4 class=\"wp-block-heading\">&nbsp; El HCD aprob\u00f3 la regulaci\u00f3n del Servicio de Transporte Privado de Pasajeros a trav\u00e9s de aplicaciones. Karina&nbsp;\u00c1lvarez, autora del proyecto, explica el objetivo del mismo.<\/h4>\n\n\n\n<p><em>&nbsp; <\/em>Desde Moreno Primero nos comunicamos con la concejala Karina&nbsp;\u00c1lvarez&nbsp;quien nos explic\u00f3 cu\u00e1l es el objetivo de la regulaci\u00f3n.&nbsp;<\/p>\n\n\n\n<p><em>&nbsp;\u201c<\/em>El objetivo es igualar a los trabajadores de&nbsp;remis&nbsp;con los trabajadores&nbsp;utilizan la aplicaci\u00f3n (UBER), porque los&nbsp;remises&nbsp;deben pagar tasas e impuestos y deben cubrir ciertos requisitos, mientras que los otros trabajadores no. Entonces los&nbsp;remises&nbsp;ganan menos plata\u00bb, explica la concejala, y aclara que dicho objetivo<strong> \u201cbusca regularizar a los trabajadores y no a la plataforma.\u201d&nbsp;<\/strong><\/p>\n\n\n\n<p><em>&nbsp;<\/em> &nbsp;Algunos sectores recibieron la ordenanza con disgusto al interpretar que lo que regulariza este es la plataforma UBER. En relaci\u00f3n a esto Karina \u00c1lvarez aclara el malentendido:<em> <\/em><strong>\u201cNosotros no tenemos la potestad para habilitar la plataforma. El que tiene la potestad es Naci\u00f3n, luego provincia y despu\u00e9s nosotros. Nosotros lo que queremos hacer es registrar a los trabajadores y trabajadoras que utilizan la plataforma. Lo que nosotros pretendemos es equiparar las ganancias de unos trabajadores y otros.\u201d&nbsp;<\/strong><\/p>\n\n\n\n<p><em>&nbsp;<\/em>Pese al mal entendido, la concejala explica que hay di\u00e1logo con la Federaci\u00f3n de Taxis, con la cual est\u00e1 pactada una reuni\u00f3n para esta semana.&nbsp;&nbsp;<\/p>\n\n\n\n<p><em>\u00a0\u00a0<\/em>\u00ab<strong>Desde la Federaci\u00f3n de Taxis se comunicaron conmigo. Pactamos una reuni\u00f3n para esta semana enfocados en tratar un proyecto para que vuelvan los taxis a moreno y esclarecer este proyecto<\/strong> que, como dije anteriormente, no pretende regularizar la aplicaci\u00f3n, sino a los trabajadores.\u00bb<\/p>\n\n\n\n<p><\/p>\n","protected":false},"excerpt":{"rendered":"<p>&nbsp; El HCD aprob\u00f3 la regulaci\u00f3n del Servicio de Transporte Privado de Pasajeros a trav\u00e9s de aplicaciones. Karina&nbsp;\u00c1lvarez, autora del proyecto, explica el objetivo del mismo. &nbsp; Desde Moreno Primero nos comunicamos con la concejala Karina&nbsp;\u00c1lvarez&nbsp;quien nos explic\u00f3 cu\u00e1l es &hellip; <a href=\"https:\/\/morenoprimero.com.ar\/archivo\/karina-alvarez-se-busca-regularizar-a-los-trabajadores-no-a-la-plataforma\/\">Sigue leyendo <span class=\"meta-nav\">&rarr;<\/span><\/a><\/p>\n","protected":false},"author":6,"featured_media":1364,"comment_status":"open","ping_status":"open","sticky":false,"template":"","format":"standard","meta":{"footnotes":""},"categories":[3,27],"tags":[120,369,416],"class_list":["post-1358","post","type-post","status-publish","format-standard","has-post-thumbnail","hentry","category-importantes","category-politica","tag-hcd-moreno","tag-proyecto-de-ordenanza","tag-uber"],"_links":{"self":[{"href":"https:\/\/morenoprimero.com.ar\/archivo\/wp-json\/wp\/v2\/posts\/1358","targetHints":{"allow":["GET"]}}],"collection":[{"href":"https:\/\/morenoprimero.com.ar\/archivo\/wp-json\/wp\/v2\/posts"}],"about":[{"href":"https:\/\/morenoprimero.com.ar\/archivo\/wp-json\/wp\/v2\/types\/post"}],"author":[{"embeddable":true,"href":"https:\/\/morenoprimero.com.ar\/archivo\/wp-json\/wp\/v2\/users\/6"}],"replies":[{"embeddable":true,"href":"https:\/\/morenoprimero.com.ar\/archivo\/wp-json\/wp\/v2\/comments?post=1358"}],"version-history":[{"count":4,"href":"https:\/\/morenoprimero.com.ar\/archivo\/wp-json\/wp\/v2\/posts\/1358\/revisions"}],"predecessor-version":[{"id":1365,"href":"https:\/\/morenoprimero.com.ar\/archivo\/wp-json\/wp\/v2\/posts\/1358\/revisions\/1365"}],"wp:featuredmedia":[{"embeddable":true,"href":"https:\/\/morenoprimero.com.ar\/archivo\/wp-json\/wp\/v2\/media\/1364"}],"wp:attachment":[{"href":"https:\/\/morenoprimero.com.ar\/archivo\/wp-json\/wp\/v2\/media?parent=1358"}],"wp:term":[{"taxonomy":"category","embeddable":true,"href":"https:\/\/morenoprimero.com.ar\/archivo\/wp-json\/wp\/v2\/categories?post=1358"},{"taxonomy":"post_tag","embeddable":true,"href":"https:\/\/morenoprimero.com.ar\/archivo\/wp-json\/wp\/v2\/tags?post=1358"}],"curies":[{"name":"wp","href":"https:\/\/api.w.org\/{rel}","templated":true}]}}