{"id":13366,"date":"2021-06-03T14:19:58","date_gmt":"2021-06-03T14:19:58","guid":{"rendered":"https:\/\/morenoprimero.com.ar\/?p=13366"},"modified":"2021-06-03T21:02:45","modified_gmt":"2021-06-03T21:02:45","slug":"ni-una-menos-prevenir-femicidios-es-posible-y-necesario","status":"publish","type":"post","link":"https:\/\/morenoprimero.com.ar\/archivo\/ni-una-menos-prevenir-femicidios-es-posible-y-necesario\/","title":{"rendered":"Ni una menos: prevenir femicidios es posible y necesario"},"content":{"rendered":"\n<h4 class=\"wp-block-heading\">Se cumplen 6 a\u00f1os de la primera marcha masiva \u00abNi una menos\u00bb, convocada por organizaciones feministas que exigen justicia por las que no est\u00e1n y por las que quedan. En esta nota, recordaremos a las v\u00edctimas de femicidios de los \u00faltimos dos a\u00f1os en Moreno. <\/h4>\n\n\n\n<p>El 3 de junio de 2015, miles de personas salieron a las calles a reclamar justicia, a gritar por las que ya no tienen ni voz ni vida porque las asesinaron hombres hijos sanos del patriarcado. Desde ese d\u00eda, todos los a\u00f1os se realiza una manifestaci\u00f3n inmensa en diferentes distritos, provincias y pa\u00edses. Este es el segundo a\u00f1o que, debido a la pandemia, no se puede encontrar la misma cantidad de gente en las calles, pero el reclamo sigue vigente, por eso desde el colectivo \u00abNi una menos\u00bb convocaron a un <a href=\"https:\/\/morenoprimero.com.ar\/ni-una-menos-convoca-a-un-cartelazo-para-este-3-de-junio\/\">cartelazo<\/a> en redes sociales, puertas y ventanas para este 3 de junio.<\/p>\n\n\n\n<p>Si bien, en materia de g\u00e9nero, teniendo un ministerio de Mujeres y diversidades, se avanzaron es varias pol\u00edticas p\u00fablicas para el bien de las mujeres y disidencias a\u00fan nos siguen matando, contin\u00faan ignorando las denuncias por violencias de g\u00e9nero, y la justicia no funciona en varios casos. <\/p>\n\n\n\n<p>En abril de este a\u00f1o, la hermana de <a href=\"https:\/\/morenoprimero.com.ar\/a-un-ano-del-femicidio-de-camila-tarocco-su-familia-pide-que-el-caso-no-quede-impune\/\">Camila Tarocco<\/a>, la joven que asesin\u00f3 Ariel Gonz\u00e1lez el 4 de abril de 2020, expres\u00f3 que fue a la Comisaria de la Mujer y le dijeron que \u00abcomo pas\u00f3 un a\u00f1o y a\u00fan no tiene condena, puede ser que le den la prisi\u00f3n domiciliaria. No queremos que lo suelten, ni que le den la prisi\u00f3n domiciliaria; queremos que lo juzguen y le den cadena perpetua\u201d.<\/p>\n\n\n\n<p>Adem\u00e1s, Ferm\u00edn\u00a0Ort\u00edz, recibi\u00f3 dos balazos cuando defendi\u00f3 a su hija de violencia de g\u00e9nero, qui\u00e9n ya hab\u00eda realizado denuncias,  en el barrio \u00abLa porte\u00f1a\u00bb de Moreno, el 29 de marzo 2021. Estas dos situaciones, son algunas de las injusticias que deben atravesar las familias de v\u00edctimas de violencias de g\u00e9nero y femicidios. <\/p>\n\n\n\n<p>En Moreno, son varias las mujeres que sufren <a href=\"https:\/\/morenoprimero.com.ar\/organizaciones-feministas-de-moreno-se-manifestaron-tras-el-decimo-femicidio-en-el-distrito\/\">violencia de g\u00e9nero <\/a>y que han sido asesinadas por sus maridos, exparejas, familiares, entre otros. Sandra Garc\u00eda, Camila\u00a0Tarocco, Olga\u00a0Veron, Rosa Estela Gracia,\u00a0D\u00e9bora\u00a0R\u00edos,\u00a0Mar\u00eda\u00a0Magdalena Figueredo y su hija Luz Emily Figueredo, Marilyn Alejandra\u00a0S\u00e1nchez\u00a0y Ludmila\u00a0Pretti, Juana Ru\u00edz,\u00a0Anabella\u00a0Olmos y Jessica Fern\u00e1ndez, qui\u00e9n luego de recibir varios disparos por su expareja frente a sus hijos, pudo salir con vida de esa tragedia, son algunas de las v\u00edctimas de las garras violentas del patriarcado.<\/p>\n\n\n\n<p>Asesinadas por estrangulamiento, apu\u00f1aladas, prendidas fuego, apuntadas y disparadas por un arma, asfixiadas, son algunas de las formas en las que asesinan a las morenenses y a todas las mujeres y diversidades del pa\u00eds. Seg\u00fan el informe del Observatorio \u00abLuc\u00eda P\u00e9rez\u00bb de violencia patriarcal, en 5 meses hubo 127 femicidios y travesticidios, lo que dej\u00f3 103 infancias hu\u00e9rfanas. <\/p>\n\n\n\n<p>Adem\u00e1s, hace m\u00e1s de dos meses que se desconoce el paradero de Tehuel de la Torre, quiEn sali\u00f3 el 11 de marzo a trabajar y no se supo m\u00e1s nada de \u00e9l y los principales imputados contin\u00faan sin dar a conocer informaci\u00f3n sobre Tehuel.<\/p>\n\n\n\n<p>El 12 de mayo, las familias sobrevivientes de femicidios le entregaron a la ministra Elizabeth G\u00f3mez Alcorta el siguiente reclamo:<\/p>\n\n\n\n<blockquote class=\"wp-block-quote is-layout-flow wp-block-quote-is-layout-flow\"><p>\u201c<strong>En este doloroso y angustiante camino que emprendimos el d\u00eda que asesinaron a nuestras hijas hemos tenido que luchar todos los d\u00edas contra un Poder Judicial enceguecido por la corrupci\u00f3n de sus intereses, un Poder Legislativo que se acuerda del tema cada fecha fotografiable y un Poder Ejecutivo que habla m\u00e1s de lo que hace. Algunas familias llevamos a\u00f1os cargando esta cruz, as\u00ed que la afirmaci\u00f3n se aplica a diferentes administraciones, incluso de signo pol\u00edtico contrario.<\/strong><\/p><p><strong>Todas han prometido mucho, todas han hecho poco.<\/strong><\/p><p><strong>Todas tambi\u00e9n han preferido tener como interlocutores a \u201cexpertxs\u201d que no han soportado el cachetazo que significa que un Estado obligado por leyes y tratados a hacer algo, lo incumpla todos los d\u00edas.<\/strong><\/p><p><strong>As\u00ed, la puerta de acceso a los derechos que tenemos como familias es estrecha, arbitraria y prebendaria.<\/strong><\/p><p><strong>As\u00ed, no podemos seguir ni un d\u00eda m\u00e1s.<\/strong><\/p><p><strong>Sumando nuestros dolores y experiencias focalizamos hoy nuestra exigencia en estos tres reclamos urgentes, necesarios y justos.<\/strong><\/p><p><strong>Al concretarse el Estado argentino estar\u00e1 cumpliendo sus obligaciones y dando un paso determinante para que la letra de la ley se convierta en hechos.<\/strong><\/p><p><strong>Nuestras tres exigencias son las siguientes:<\/strong><\/p><p><strong>1) Exigimos el cambio en la reglamentaci\u00f3n de la Ley Brisa:<\/strong><\/p><p>El acceso al derecho que garantiza la Ley Brisa a las infancias hu\u00e9rfanas por femicidios se ve obstruido por la reglamentaci\u00f3n que hizo el Poder Ejecutivo. Como consecuencia en el peor momento y cuando m\u00e1s apoyo necesitan, las familias deben hacerse cargo de sostener la vida de esas infancias sin apoyo alguno. El tr\u00e1mite actualmente no es administrativo sino judicial, lo cual requiere la participaci\u00f3n de abogadxs. Los letrados oficiales est\u00e1n recargados y hacen m\u00e1s lento el proceso judicial.<\/p><p>En 2020 hubo 343 infancias hu\u00e9rfanas por femicidios y en los primeros 100 d\u00edas del a\u00f1o 2021 ya suman 80, seg\u00fan datos del Observatorio Luc\u00eda P\u00e9rez. Esas infancias no pueden esperar ni un d\u00eda m\u00e1s.<\/p><p><strong>Reglamentaci\u00f3n actual:<\/strong><\/p><p>A trav\u00e9s del decreto 871\/2018, el Poder Ejecutivo reglament\u00f3 la Ley 27.452, que cre\u00f3 el R\u00e9gimen de Reparaci\u00f3n Econ\u00f3mica para hijos de v\u00edctimas de femicidio. El art\u00edculo 1 de la ley establece que el R\u00e9gimen de Reparaci\u00f3n Econ\u00f3mica para las ni\u00f1as, ni\u00f1os y adolescentes tiene lugar cuando:<br>a) Su progenitor y\/o progenitor af\u00edn hayan sido procesados y\/o condenados como autores, coautores, instigadores o c\u00f3mplices del delito de homicidio de su progenitora. De acuerdo al decreto reglamentario, tanto el auto de procesamiento como la sentencia condenatoria deber\u00e1n encontrarse firmes. Esto significa: sentencia confirmada por la Corte Suprema. As\u00ed redactado, todo el proceso requerido para acceder al subsidio demandar\u00eda una d\u00e9cada.<br>b) Seg\u00fan la norma publicada el 1 de octubre de 2018 en el Bolet\u00edn Oficial, el juez debe establecer y declarar que la causal es la violencia intrafamiliar o de g\u00e9nero. Muchos tribunales caratulan la causa con otras formas jur\u00eddicas y parte de la lucha de las familias es lograr su cambio, lo cual demanda tambi\u00e9n varios a\u00f1os.<\/p><p><strong>Reglamentaci\u00f3n necesaria:<\/strong><\/p><p>Exigimos un decreto del Poder Ejecutivo que establezca que desde el momento en que se produce el femicidio las infancias hu\u00e9rfanas tiene derecho a percibir un subsidio para garantizar su manutenci\u00f3n. El Anses puede ordenar un informe que avale la validez del derecho a esta pensi\u00f3n. No relacionar el acceso a este derecho al tr\u00e1mite judicial, sino a un tr\u00e1mite administrativo garantiza el acceso al subisidio en el momento en que se lo necesita.<\/p><p><strong>2) Exigimos que el Estado garantice desde el primer d\u00eda la investigaci\u00f3n judicial imparcial, justa y con perspectiva de g\u00e9nero.<\/strong><\/p><p>En momentos donde las familias estamos aturdidas por el dolor y desorientadas sobre qu\u00e9 es correcto hacer es exactamente el momento en el que el Poder Judicial arruina las pruebas. En esas primeras horas se juega entonces la posibilidad de obtener un proceso justo. Desde el arribo a la escena del crimen (como en el caso de Nora Dalmasso, solo para apelar a un ejemplo que la mayor\u00eda recuerda) hasta la forma de tomar los primeros testimonios son siempre, como m\u00ednimo, inadecuadas y en muchos casos, tendenciosas. As\u00ed, se garantiza la impunidad. Esta mec\u00e1nica es lamentablemente tan extendida que en los barrios de todo el pa\u00eds cada vez que se produce un femicidio espont\u00e1neamente vecinos y vecinas rodean la comisaria para evitar estas maniobras, y tambi\u00e9n para denunciarlas p\u00fablicamente.<\/p><p>Estas pr\u00e1cticas mafiosas son, adem\u00e1s, mucho m\u00e1s definitorias en los casos de femicidios territoriales, en los cuales el crimen no se produce a manos de un novio, ex pareja o pareja violenta, sino por quienes ya tienen garantizada una red de impunidad territorial que les permite cometer delitos. Son las nuevas formas de \u201czonas liberadas\u201d y en esa trama tanto las polic\u00edas como las fiscal\u00edas est\u00e1n implicadas, por acci\u00f3n u omisi\u00f3n. En ese contexto es imposible para las familias acceder a un proceso judicial justo, ya que los primeros en actuar y escribir la primera versi\u00f3n de los hechos son partes implicadas, que hicieron posible que ese crimen ocurra.<\/p><p>a) Exigimos la creaci\u00f3n de un cuerpo nacional de fiscales y peritos oficiales que intervengan desde el primer momento en casos de femicidios territoriales.<\/p><p>b) Exigimos que en aquellos casos en los que la trama de corrupci\u00f3n incluyan a polic\u00edas y justicia, los juicios orales se realicen fuera del \u00e1mbito jurisdiccional controlado por las redes que produjeron el delito.<\/p><p>b) Exigimos que tal cual obligan los tratados y leyes vigentes, el Estado argentino se haga cargo de los honorarios de abogadxs, peritos y costos de la causa judicial, incluido pasajes y estad\u00edas a la que nos obliga la organizaci\u00f3n vigente del Poder Judicial, que nos somete a viajar miles de kil\u00f3metros para garantizar el justo proceso en todas sus instancias.<\/p><p>c) Exigimos que las querellas legales respeten la voluntad de las familias y las representen ante el Poder Judicial sin alterar el enfoque legal que ellas pretenden, las mantengan debidamente informadas del proceso y las acompa\u00f1en en todas las instancias necesarias hasta lograr el cierre del proceso, algo que hoy no est\u00e1 garantizado.<\/p><p>d) Exigimos que los procesados por femicidios no puedan cumplir sus excepciones carcelarias en las cercan\u00edas del hogar de las familias de las v\u00edctimas. Es responsabilidad del juez de garant\u00edas todo lo que suceda con la liberaci\u00f3n de un procesado por femicidio y deber\u00e1 responder por ello.<\/p><p>f) Exigimos que el Poder Ejecutivo nacional y provincial no facilite que los jueces eludan su responsabilidad otorg\u00e1ndoles el escape de una jubilaci\u00f3n para evitar el jury.<\/p><p>g) Exigimos que se elimine la obligaci\u00f3n de depositar una cauci\u00f3n de 250 mil pesos como condici\u00f3n para que las familias pueden solicitar el jury a los jueces que intervienen en el crimen de sus hijas.<\/p><p>h) Exigimos que el Poder Ejecutivo garantice que la aplicaci\u00f3n de la ley Micaela no sea para la foto, sino que implique una formaci\u00f3n continua, sostenida y con seguimiento, medici\u00f3n y rendici\u00f3n p\u00fablica de cambios y logros.<\/p><p>h) Exigimos que el Poder Legislativo sancione leyes de prevenci\u00f3n de femicidios, tales como:<\/p><p>1) Establecer que es un delito la violaci\u00f3n de la restricci\u00f3n perimetral<\/p><p>2) Crear centros de aislamiento y reeducaci\u00f3n de varones violentos<\/p><p>3) Establecer porcentajes a los que est\u00e1n obligados los medios estatales y privados para destinar a la difusi\u00f3n de campa\u00f1as de prevenci\u00f3n de estas violencias.<\/p><p><strong>3) Exigimos el acompa\u00f1amiento integral a las familias v\u00edctimas de femicidios.<\/strong><\/p><p>La normativa internacional de derechos humanos obliga al Estado argentino a reconocer la identidad de v\u00edctimas que tienen nuestras familias. Dicha identidad de v\u00edctimas nos convierte en los portadores de los derechos que les fueron asesinados a nuestras hijas y esos derechos est\u00e1n claramente establecidos por leyes y tratados. Exigimos que comiencen a cumplirse, se respeten y garanticen en forma integral.<\/p><p>Nuestras familias deben sumar al enorme peso que produce el dolor del asesinato de nuestras hijas el tremendo castigo emocional y econ\u00f3mico que nos inflige el actual sistema de acceso a la justicia. Hemos perdido adem\u00e1s de nuestras hijas, salud y empleos.<\/p><p>En las actuales circunstancias y tal c\u00f3mo ha organizado el Estado el acceso a la justicia para estos cr\u00edmenes es imposible afrontar este camino sin ayuda. Todos estos a\u00f1os hemos sido acompa\u00f1ados por la sociedad y gracias a ese apoyo seguimos en pie. Es hora de que el Estado tambi\u00e9n est\u00e9 al lado nuestro y presente.<\/p><p>Exigimos:<\/p><p>1) Pensi\u00f3n asistencial a las familias que deban afrontar un proceso de justicia por femicidio.<\/p><p>2) Decretos que garanticen que a aquellas familias que tengan empleo no pierdan su trabajo ni se le descuenten los d\u00edas cuando deba asistir a compromisos derivados de su reclamo de justicia. Un ejemplo: actualmente las familias que trabajan en el \u00e1mbito estatal deben pedir licencia psiqui\u00e1trica para poder asistir al juicio oral donde se juzga el femicidio de sus hijas. Es decir, deben hacerse pasar por locas. Todo dicho\u201d.<\/p><p>Familias Sobrevivientes de Femicidios<\/p><\/blockquote>\n\n\n\n<p>Libres, vivas, tranquilas y seguras nos queremos. Exigimos que pare la violencia patriarcal y que se act\u00fae para que esto deje de suceder, basta de femicidios, de abusos, violaciones. No queremos ser m\u00e1s ignoradxs, queremos saber d\u00f3nde est\u00e1 Tehuel de la Torre y precisamos, urgentemente, que \u00a1Paren de Matarnos! <\/p>\n","protected":false},"excerpt":{"rendered":"<p>Se cumplen 6 a\u00f1os de la primera marcha masiva \u00abNi una menos\u00bb, convocada por organizaciones feministas que exigen justicia por las que no est\u00e1n y por las que quedan. En esta nota, recordaremos a las v\u00edctimas de femicidios de los &hellip; <a href=\"https:\/\/morenoprimero.com.ar\/archivo\/ni-una-menos-prevenir-femicidios-es-posible-y-necesario\/\">Sigue leyendo <span class=\"meta-nav\">&rarr;<\/span><\/a><\/p>\n","protected":false},"author":6,"featured_media":13368,"comment_status":"closed","ping_status":"closed","sticky":false,"template":"","format":"standard","meta":{"footnotes":""},"categories":[2331,2328],"tags":[6,2127,2493,612,1728],"class_list":["post-13366","post","type-post","status-publish","format-standard","has-post-thumbnail","hentry","category-genero","category-local","tag-moreno","tag-ni-una-menos","tag-victimas-de-femicidios","tag-violencia-de-genero-2","tag-violencia-patriarcal"],"_links":{"self":[{"href":"https:\/\/morenoprimero.com.ar\/archivo\/wp-json\/wp\/v2\/posts\/13366","targetHints":{"allow":["GET"]}}],"collection":[{"href":"https:\/\/morenoprimero.com.ar\/archivo\/wp-json\/wp\/v2\/posts"}],"about":[{"href":"https:\/\/morenoprimero.com.ar\/archivo\/wp-json\/wp\/v2\/types\/post"}],"author":[{"embeddable":true,"href":"https:\/\/morenoprimero.com.ar\/archivo\/wp-json\/wp\/v2\/users\/6"}],"replies":[{"embeddable":true,"href":"https:\/\/morenoprimero.com.ar\/archivo\/wp-json\/wp\/v2\/comments?post=13366"}],"version-history":[{"count":3,"href":"https:\/\/morenoprimero.com.ar\/archivo\/wp-json\/wp\/v2\/posts\/13366\/revisions"}],"predecessor-version":[{"id":13429,"href":"https:\/\/morenoprimero.com.ar\/archivo\/wp-json\/wp\/v2\/posts\/13366\/revisions\/13429"}],"wp:featuredmedia":[{"embeddable":true,"href":"https:\/\/morenoprimero.com.ar\/archivo\/wp-json\/wp\/v2\/media\/13368"}],"wp:attachment":[{"href":"https:\/\/morenoprimero.com.ar\/archivo\/wp-json\/wp\/v2\/media?parent=13366"}],"wp:term":[{"taxonomy":"category","embeddable":true,"href":"https:\/\/morenoprimero.com.ar\/archivo\/wp-json\/wp\/v2\/categories?post=13366"},{"taxonomy":"post_tag","embeddable":true,"href":"https:\/\/morenoprimero.com.ar\/archivo\/wp-json\/wp\/v2\/tags?post=13366"}],"curies":[{"name":"wp","href":"https:\/\/api.w.org\/{rel}","templated":true}]}}