{"id":13263,"date":"2021-06-02T15:29:27","date_gmt":"2021-06-02T15:29:27","guid":{"rendered":"https:\/\/morenoprimero.com.ar\/?p=13263"},"modified":"2021-06-02T15:48:47","modified_gmt":"2021-06-02T15:48:47","slug":"ni-una-menos-convoca-a-un-cartelazo-para-este-3-de-junio","status":"publish","type":"post","link":"https:\/\/morenoprimero.com.ar\/archivo\/ni-una-menos-convoca-a-un-cartelazo-para-este-3-de-junio\/","title":{"rendered":"\u00abNi una menos\u00bb convoca a un cartelazo para este 3 de junio"},"content":{"rendered":"\n<h4 class=\"wp-block-heading\">Se cumplen 6 a\u00f1os de la primera movilizaci\u00f3n del colectivo NI UNA MENOS, impulsado por organizaciones feministas que se hartaron de seguir contabilizando femicidios por violencias de g\u00e9nero. \u00abCre\u00e1 tu cartel y Sumate al Cartelazo en este #3J\u00bb es la propuesta para colocar en ventanas, puertas y redes, advirtiendo la realidad que sufren las mujeres y diversidades.<\/h4>\n\n\n\n<p>En el marco de los 6 a\u00f1os,  el colectivo de \u00abNi una menos\u00bb convoc\u00f3 a un cartelazo en puertas, ventanas y redes sociales para advertir sobre la gravedad de los femicidios y la violencia de g\u00e9nero en el pa\u00eds. La primera movilizaci\u00f3n se realiz\u00f3 en 2015 en reclamo y repudio a la masividad de femicidios, como el de Chiara P\u00e1ez, quien ten\u00eda 14 a\u00f1os, cursaba segundo a\u00f1o del secundario y estaba embarazada de dos meses cuando fue asesinada en mayo del 2015.<\/p>\n\n\n\n<p>\u00abCre\u00e1 tu cartel y Sumate al Cartelazo en este #3J\u00bb, anunciaron desde las cuentas del colectivo que trabaja desde el 3 de junio de 2015 en crear conciencia sobre la violencia de g\u00e9nero. <strong>Un informe de la organizaci\u00f3n <a href=\"https:\/\/twitter.com\/BsasMumala\/status\/1399449106867707912\">MuMal\u00e1-Mujeres de la Matria Latinoamericana <\/a>difundido este domingo, registr\u00f3 un total de 94 femicidos en lo que va del a\u00f1o en la Argentina,<\/strong>\u00a0entre ellos 15 vinculados y 4 trans-travesticidios, lo que significa uno cada 38 horas.<\/p>\n\n\n\n<p>Moreno no est\u00e1 exento de los <a href=\"https:\/\/morenoprimero.com.ar\/cuatro-femicidios-durante-la-pandemia-en-moreno\/\">femicidios <\/a>y, por este motivo, desde la Subsecretaria de Prevenci\u00f3n y Sensibilizaci\u00f3n del municipio, convocaron a muralistas para participar de los murales colectivos durante el mes de junio. Para participar es necesario enviar un mail a: <strong><em>subsecprevencionysensibilizacion@moreno.gov.ar <\/em><\/strong><\/p>\n\n\n\n<figure class=\"wp-block-gallery columns-3 is-cropped wp-block-gallery-1 is-layout-flex wp-block-gallery-is-layout-flex\"><ul class=\"blocks-gallery-grid\"><li class=\"blocks-gallery-item\"><figure><a href=\"https:\/\/morenoprimero.com.ar\/wp-content\/uploads\/2021\/06\/consigna-soberania-alimentaria.jpg\"><img loading=\"lazy\" decoding=\"async\" width=\"768\" height=\"768\" src=\"https:\/\/morenoprimero.com.ar\/wp-content\/uploads\/2021\/06\/consigna-soberania-alimentaria.jpg\" alt=\"\" data-id=\"13267\" class=\"wp-image-13267\" srcset=\"https:\/\/morenoprimero.com.ar\/archivo\/wp-content\/uploads\/2021\/06\/consigna-soberania-alimentaria.jpg 768w, https:\/\/morenoprimero.com.ar\/archivo\/wp-content\/uploads\/2021\/06\/consigna-soberania-alimentaria-300x300.jpg 300w, https:\/\/morenoprimero.com.ar\/archivo\/wp-content\/uploads\/2021\/06\/consigna-soberania-alimentaria-150x150.jpg 150w\" sizes=\"auto, (max-width: 768px) 100vw, 768px\" \/><\/a><\/figure><\/li><li class=\"blocks-gallery-item\"><figure><a href=\"https:\/\/morenoprimero.com.ar\/wp-content\/uploads\/2021\/06\/nos-falta-tehuel.jpg\"><img loading=\"lazy\" decoding=\"async\" width=\"768\" height=\"768\" src=\"https:\/\/morenoprimero.com.ar\/wp-content\/uploads\/2021\/06\/nos-falta-tehuel.jpg\" alt=\"\" data-id=\"13268\" data-link=\"https:\/\/morenoprimero.com.ar\/?attachment_id=13268\" class=\"wp-image-13268\" srcset=\"https:\/\/morenoprimero.com.ar\/archivo\/wp-content\/uploads\/2021\/06\/nos-falta-tehuel.jpg 768w, https:\/\/morenoprimero.com.ar\/archivo\/wp-content\/uploads\/2021\/06\/nos-falta-tehuel-300x300.jpg 300w, https:\/\/morenoprimero.com.ar\/archivo\/wp-content\/uploads\/2021\/06\/nos-falta-tehuel-150x150.jpg 150w\" sizes=\"auto, (max-width: 768px) 100vw, 768px\" \/><\/a><\/figure><\/li><li class=\"blocks-gallery-item\"><figure><a href=\"https:\/\/morenoprimero.com.ar\/wp-content\/uploads\/2021\/06\/reforma-judicial-feminista.jpg\"><img loading=\"lazy\" decoding=\"async\" width=\"768\" height=\"768\" src=\"https:\/\/morenoprimero.com.ar\/wp-content\/uploads\/2021\/06\/reforma-judicial-feminista.jpg\" alt=\"\" data-id=\"13269\" data-link=\"https:\/\/morenoprimero.com.ar\/?attachment_id=13269\" class=\"wp-image-13269\" srcset=\"https:\/\/morenoprimero.com.ar\/archivo\/wp-content\/uploads\/2021\/06\/reforma-judicial-feminista.jpg 768w, https:\/\/morenoprimero.com.ar\/archivo\/wp-content\/uploads\/2021\/06\/reforma-judicial-feminista-300x300.jpg 300w, https:\/\/morenoprimero.com.ar\/archivo\/wp-content\/uploads\/2021\/06\/reforma-judicial-feminista-150x150.jpg 150w\" sizes=\"auto, (max-width: 768px) 100vw, 768px\" \/><\/a><\/figure><\/li><li class=\"blocks-gallery-item\"><figure><a href=\"https:\/\/morenoprimero.com.ar\/wp-content\/uploads\/2021\/06\/cupo-laboral-travesti-trans-ya.jpg\"><img loading=\"lazy\" decoding=\"async\" width=\"768\" height=\"768\" src=\"https:\/\/morenoprimero.com.ar\/wp-content\/uploads\/2021\/06\/cupo-laboral-travesti-trans-ya.jpg\" alt=\"\" data-id=\"13270\" data-full-url=\"https:\/\/morenoprimero.com.ar\/wp-content\/uploads\/2021\/06\/cupo-laboral-travesti-trans-ya.jpg\" data-link=\"https:\/\/morenoprimero.com.ar\/?attachment_id=13270\" class=\"wp-image-13270\" srcset=\"https:\/\/morenoprimero.com.ar\/archivo\/wp-content\/uploads\/2021\/06\/cupo-laboral-travesti-trans-ya.jpg 768w, https:\/\/morenoprimero.com.ar\/archivo\/wp-content\/uploads\/2021\/06\/cupo-laboral-travesti-trans-ya-300x300.jpg 300w, https:\/\/morenoprimero.com.ar\/archivo\/wp-content\/uploads\/2021\/06\/cupo-laboral-travesti-trans-ya-150x150.jpg 150w\" sizes=\"auto, (max-width: 768px) 100vw, 768px\" \/><\/a><\/figure><\/li><\/ul><\/figure>\n\n\n\n<p><\/p>\n","protected":false},"excerpt":{"rendered":"<p>Se cumplen 6 a\u00f1os de la primera movilizaci\u00f3n del colectivo NI UNA MENOS, impulsado por organizaciones feministas que se hartaron de seguir contabilizando femicidios por violencias de g\u00e9nero. \u00abCre\u00e1 tu cartel y Sumate al Cartelazo en este #3J\u00bb es la &hellip; <a href=\"https:\/\/morenoprimero.com.ar\/archivo\/ni-una-menos-convoca-a-un-cartelazo-para-este-3-de-junio\/\">Sigue leyendo <span class=\"meta-nav\">&rarr;<\/span><\/a><\/p>\n","protected":false},"author":6,"featured_media":13265,"comment_status":"closed","ping_status":"closed","sticky":false,"template":"","format":"standard","meta":{"footnotes":""},"categories":[2331,2330],"tags":[6,2127,612],"class_list":["post-13263","post","type-post","status-publish","format-standard","has-post-thumbnail","hentry","category-genero","category-nacional","tag-moreno","tag-ni-una-menos","tag-violencia-de-genero-2"],"_links":{"self":[{"href":"https:\/\/morenoprimero.com.ar\/archivo\/wp-json\/wp\/v2\/posts\/13263","targetHints":{"allow":["GET"]}}],"collection":[{"href":"https:\/\/morenoprimero.com.ar\/archivo\/wp-json\/wp\/v2\/posts"}],"about":[{"href":"https:\/\/morenoprimero.com.ar\/archivo\/wp-json\/wp\/v2\/types\/post"}],"author":[{"embeddable":true,"href":"https:\/\/morenoprimero.com.ar\/archivo\/wp-json\/wp\/v2\/users\/6"}],"replies":[{"embeddable":true,"href":"https:\/\/morenoprimero.com.ar\/archivo\/wp-json\/wp\/v2\/comments?post=13263"}],"version-history":[{"count":5,"href":"https:\/\/morenoprimero.com.ar\/archivo\/wp-json\/wp\/v2\/posts\/13263\/revisions"}],"predecessor-version":[{"id":13295,"href":"https:\/\/morenoprimero.com.ar\/archivo\/wp-json\/wp\/v2\/posts\/13263\/revisions\/13295"}],"wp:featuredmedia":[{"embeddable":true,"href":"https:\/\/morenoprimero.com.ar\/archivo\/wp-json\/wp\/v2\/media\/13265"}],"wp:attachment":[{"href":"https:\/\/morenoprimero.com.ar\/archivo\/wp-json\/wp\/v2\/media?parent=13263"}],"wp:term":[{"taxonomy":"category","embeddable":true,"href":"https:\/\/morenoprimero.com.ar\/archivo\/wp-json\/wp\/v2\/categories?post=13263"},{"taxonomy":"post_tag","embeddable":true,"href":"https:\/\/morenoprimero.com.ar\/archivo\/wp-json\/wp\/v2\/tags?post=13263"}],"curies":[{"name":"wp","href":"https:\/\/api.w.org\/{rel}","templated":true}]}}