{"id":13245,"date":"2021-06-02T13:13:43","date_gmt":"2021-06-02T13:13:43","guid":{"rendered":"https:\/\/morenoprimero.com.ar\/?p=13245"},"modified":"2021-06-02T14:25:26","modified_gmt":"2021-06-02T14:25:26","slug":"daniela-ledesma-no-me-imagino-un-dia-de-mi-vida-sin-ser-bombera","status":"publish","type":"post","link":"https:\/\/morenoprimero.com.ar\/archivo\/daniela-ledesma-no-me-imagino-un-dia-de-mi-vida-sin-ser-bombera\/","title":{"rendered":"Daniela Ledesma: \u00abNo me imagino un d\u00eda de mi vida sin ser bombera\u00bb"},"content":{"rendered":"\n<h4 class=\"wp-block-heading\">Un incendio en la Boca, donde vecinos y vecinas realizaron una cadena humana para que el fuego no se propague, dio comienzo a la creaci\u00f3n del primer cuerpo de bomberos voluntarios de Argentina. En una conversaci\u00f3n con Daniela Ledesma, bombera voluntaria del cuartel central de Moreno, pudimos conocer un poco m\u00e1s de la vida de quien decide prevenir de peligros y cuidar a toda la comunidad.<\/h4>\n\n\n\n<p>Un 2 de junio de 1884, un gran incendio azot\u00f3 la Boca, en Capital Federal. All\u00ed, un hombre llamado Tom\u00e1s Liberti, junto a otros vecinos y vecinas, impulsaron una cadena humana para que el fuego no se propague por el barrio. Con esta experiencia, a\u00f1os despu\u00e9s, se dio inicio a lo que seria el primer cuerpo de bomberos voluntarios. <\/p>\n\n\n\n<p>Asimismo, el 1\u00b0 de febrero de 1954, se form\u00f3 el <a href=\"https:\/\/morenoprimero.com.ar\/un-dia-como-hoy-hace-67-anos-nacia-el-cuerpo-de-bomberos-voluntarios-de-moreno\/\">primer cuerpo de bomberos voluntarios<\/a>, cuatro a\u00f1os despu\u00e9s del feroz incendio en la <a href=\"https:\/\/morenoprimero.com.ar\/la-catedral-de-moreno-y-los-bomberos-voluntarios-una-historia-desde-abajo\/\">catedral frente a la Plaza Municipal.<\/a> Este a\u00f1o, los bomberos voluntarios de Moreno cumplieron 67 a\u00f1os en el servicio, brind\u00e1ndole prevenci\u00f3n, cuidado y seguridad a las vecinas y vecinos morenenses.<\/p>\n\n\n\n<p>Si hablamos del cuerpo bomberil de Moreno, deber\u00edamos hablar tambi\u00e9n de una de sus integrantes, Daniela Ledesma, del barrio Los Patos, quien hoy tendr\u00e1 doble festejo, ya que adem\u00e1s cumple 31 a\u00f1os, mientras se encuentra de guardia en el cuartel central de Moreno. Ingres\u00f3 a los 24 a\u00f1os a estudiar y entrenar para poder obtener su alta de bombera. Si bien al principio su familia tem\u00eda por la vida y por la elecci\u00f3n de Daniela, con el tiempo, al ver el compromiso y deseo que ten\u00eda para con los bomberos voluntarios, fueron entendiendo que ese era su camino y la acompa\u00f1aron desde ah\u00ed en adelante. <\/p>\n\n\n\n<p>Daniela sostuvo con convicci\u00f3n y orgullo que: <\/p>\n\n\n\n<blockquote class=\"wp-block-quote is-layout-flow wp-block-quote-is-layout-flow\"><p>\u00abDesde que me enter\u00e9 en el jard\u00edn de infantes que el 2 de junio, d\u00eda de mi cumplea\u00f1os, era el D\u00eda del Bombero Voluntario, fue all\u00ed que siempre quise dedicarme a esto. Lo quise toda mi vida\u00bb.<\/p><\/blockquote>\n\n\n\n<p>Quiz\u00e1s el destino s\u00ed est\u00e1 escrito, o as\u00ed parece para Daniela, ya que, el d\u00eda de su jura como bombera voluntaria, tuvo su primera intervenci\u00f3n ejerciendo la jerarqu\u00eda. \u00abEst\u00e1bamos cenando y son\u00f3 la sirena. Yo me form\u00e9 como siempre. Me preguntaron si ya ten\u00eda el alta y me dijeron que proceda\u00bb, explic\u00f3 con entusiasmo Dani y agreg\u00f3: \u00abEsperaba todos los d\u00edas que llegue el d\u00eda en el que pueda intervenir, ir poni\u00e9ndome el traje arriba del cami\u00f3n de bomberos fue una gran experiencia. Ese d\u00eda apagamos un veh\u00edculo que hab\u00edan prendido fuego\u00bb, expres\u00f3 la vecina de los Patos.<\/p>\n\n\n\n<p>Son varias las experiencias que tuvo Daniela en sus 6 a\u00f1os como bombera voluntaria. Una de ellas es haber rescatado a Sirena, una perrita que encontraron debajo de un cord\u00f3n de autos que se estaba incendiando. \u00abSufri\u00f3 quemaduras en el lomo y cabeza, la encontramos y la llev\u00e9 al veterinario m\u00e1s cercano. All\u00ed la atendieron de diez y no me cobraron nada. Les voy a estar agradecida siempre\u00bb, resalt\u00f3 Daniela, quien agreg\u00f3 que ahora Sirena se encuentra viviendo en la casa de una de las bomberas del cuartel que tiene espacios verdes.<br><br>\u00abEs bastante inquieta, ten\u00edamos que andar esquiv\u00e1ndola en el cuartel cuando surg\u00eda salir hacia alguna intervenci\u00f3n, as\u00ed que ahora vive con una de nosotras\u00bb, dijo entre risas Daniela.<\/p>\n\n\n\n<p>Daniela destaca que una de las situaciones que m\u00e1s extra\u00f1a, previa a la pandemia, son las mesas largas con todos sus compa\u00f1eros y compa\u00f1eras cenando, charlando, poder abrazarse, compartir un mate. \u00abTom\u00e1bamos mate todos los d\u00edas, todo el tiempo, ahora en pandemia, cada unx usa su mate individual\u00bb, describi\u00f3 Dani. Adem\u00e1s, record\u00f3 cuando durante las fiestas de fin de a\u00f1o, uno de los compa\u00f1eros se disfraz\u00f3 de Pap\u00e1 Noel y, arriba del cami\u00f3n, iba desfilando por las calles de Moreno entregando golosinas. <\/p>\n\n\n\n<p>Con respecto a las preguntas que m\u00e1s le hacen, cuando la gente la conoce y les cuenta que es bombera, suelen preguntarle si le pagan, ya que es voluntaria. Otras de las frases que suele escuchar es: \u00ab\u00bfVos entras a los incendios? \u00bfC\u00f3mo haces con las herramientas? \u00bfLas agarr\u00e1s vos? Daniela, orgullosa y con paciencia, responde que s\u00ed a todo y explica que es solo cuesti\u00f3n de buscarle la vuelta a la hora de utilizar las herramientas. Adem\u00e1s, siempre est\u00e1n los compa\u00f1eros presentes para acompa\u00f1ar y ayudar en caso de que sea necesario. <\/p>\n\n\n\n<p>En el cuartel central de Moreno, hay alrededor de 10 mujeres que se encuentran trabajando actualmente en las guardias. \u00abCuando se comenzaron a construir espacios para que puedan ser parte las mujeres tambi\u00e9n, es cuando habilitaron el ingreso de nosotras\u00bb. Daniela explica que son dos cuarteles m\u00e1s, uno en Trujui y otro en \u00c1lvarez. All\u00ed, ya hab\u00eda un espacio construido para que puedan ingresar las mujeres. \u00abLas mujeres pasan todo el tiempo por el cuartel a preguntar cu\u00e1ndo es la inscripci\u00f3n para poder obtener el alta de bombera bomberil\u00bb, mencion\u00f3 Dani y plante\u00f3 que \u00abyo calculo que tambi\u00e9n es porque nos ven a nosotras actualmente en el cuartel. Nos ven y se motivan. Si ella puede, yo tambi\u00e9n puedo\u00bb, sostuvo convencida Daniela. <\/p>\n\n\n\n<p>\u00abSer bombera es todo lo que quise siempre desde chica, ahora lo estoy cumpliendo y es parte de m\u00ed. No me imagino no siendo bombera\u00bb.<\/p>\n\n\n\n<p>Por \u00faltimo, Daniela enfatiz\u00f3 que \u00abMi idea es seguir capacit\u00e1ndome en todo lo que se proponga en el cuartel, para el d\u00eda de ma\u00f1ana no solo ascender, sino poder desenvolverme en la emergencia que haya y poder guiar a cualquier compa\u00f1ero o compa\u00f1era o sumarme al que est\u00e9\u00bb. Tambi\u00e9n le recomend\u00f3 a la comunidad morenense que cuando haya alg\u00fan incendio, llamen al 100 o al n\u00famero del cuartel central (0237 462 2000), ya que, a veces, vecinos y vecinas se enfadan con los bomberos por llegar tarde al incendio luego de haber llamado al 911, que tiene sede en la ciudad de La Plata, y hasta que derivan la llamada, la vivienda puede quedar en ruinas.<\/p>\n","protected":false},"excerpt":{"rendered":"<p>Un incendio en la Boca, donde vecinos y vecinas realizaron una cadena humana para que el fuego no se propague, dio comienzo a la creaci\u00f3n del primer cuerpo de bomberos voluntarios de Argentina. En una conversaci\u00f3n con Daniela Ledesma, bombera &hellip; <a href=\"https:\/\/morenoprimero.com.ar\/archivo\/daniela-ledesma-no-me-imagino-un-dia-de-mi-vida-sin-ser-bombera\/\">Sigue leyendo <span class=\"meta-nav\">&rarr;<\/span><\/a><\/p>\n","protected":false},"author":6,"featured_media":13247,"comment_status":"closed","ping_status":"closed","sticky":false,"template":"","format":"standard","meta":{"footnotes":""},"categories":[2328],"tags":[2480,1213,2481,6,342],"class_list":["post-13245","post","type-post","status-publish","format-standard","has-post-thumbnail","hentry","category-local","tag-bombera-voluntaria","tag-catedral","tag-los-patos","tag-moreno","tag-moreno-centro"],"_links":{"self":[{"href":"https:\/\/morenoprimero.com.ar\/archivo\/wp-json\/wp\/v2\/posts\/13245","targetHints":{"allow":["GET"]}}],"collection":[{"href":"https:\/\/morenoprimero.com.ar\/archivo\/wp-json\/wp\/v2\/posts"}],"about":[{"href":"https:\/\/morenoprimero.com.ar\/archivo\/wp-json\/wp\/v2\/types\/post"}],"author":[{"embeddable":true,"href":"https:\/\/morenoprimero.com.ar\/archivo\/wp-json\/wp\/v2\/users\/6"}],"replies":[{"embeddable":true,"href":"https:\/\/morenoprimero.com.ar\/archivo\/wp-json\/wp\/v2\/comments?post=13245"}],"version-history":[{"count":4,"href":"https:\/\/morenoprimero.com.ar\/archivo\/wp-json\/wp\/v2\/posts\/13245\/revisions"}],"predecessor-version":[{"id":13264,"href":"https:\/\/morenoprimero.com.ar\/archivo\/wp-json\/wp\/v2\/posts\/13245\/revisions\/13264"}],"wp:featuredmedia":[{"embeddable":true,"href":"https:\/\/morenoprimero.com.ar\/archivo\/wp-json\/wp\/v2\/media\/13247"}],"wp:attachment":[{"href":"https:\/\/morenoprimero.com.ar\/archivo\/wp-json\/wp\/v2\/media?parent=13245"}],"wp:term":[{"taxonomy":"category","embeddable":true,"href":"https:\/\/morenoprimero.com.ar\/archivo\/wp-json\/wp\/v2\/categories?post=13245"},{"taxonomy":"post_tag","embeddable":true,"href":"https:\/\/morenoprimero.com.ar\/archivo\/wp-json\/wp\/v2\/tags?post=13245"}],"curies":[{"name":"wp","href":"https:\/\/api.w.org\/{rel}","templated":true}]}}