{"id":12924,"date":"2021-05-26T23:41:55","date_gmt":"2021-05-26T23:41:55","guid":{"rendered":"https:\/\/morenoprimero.com.ar\/?p=12924"},"modified":"2021-05-26T23:41:56","modified_gmt":"2021-05-26T23:41:56","slug":"moreno-hoy-fallecieron-14-pacientes-por-covid-19","status":"publish","type":"post","link":"https:\/\/morenoprimero.com.ar\/archivo\/moreno-hoy-fallecieron-14-pacientes-por-covid-19\/","title":{"rendered":"Moreno: hoy fallecieron 14 pacientes por covid-19"},"content":{"rendered":"\n<p>En el d\u00eda de hoy se confirmaron 128 nuevos casos positivos, se recuperaron 263 vecinos y fallecieron 14 personas.<\/p>\n\n\n\n<p>Los n\u00fameros totales hasta la fecha son 45944 confirmados y 41332 recuperados. Mientras tanto, el operativo de vacunaci\u00f3n contin\u00faa en marcha con un total de 84317 morenenses vacunados con la primera dosis y 21809 con ambas.&nbsp;<\/p>\n\n\n\n<p>Estamos en un momento de plena emergencia sanitaria donde es urgente m\u00e1s que nunca extremar los cuidados, cumplir con los protocolos vigentes y tener responsabilidad individual para cuidarnos colectivamente.<\/p>\n","protected":false},"excerpt":{"rendered":"<p>En el d\u00eda de hoy se confirmaron 128 nuevos casos positivos, se recuperaron 263 vecinos y fallecieron 14 personas. Los n\u00fameros totales hasta la fecha son 45944 confirmados y 41332 recuperados. Mientras tanto, el operativo de vacunaci\u00f3n contin\u00faa en marcha &hellip; <a href=\"https:\/\/morenoprimero.com.ar\/archivo\/moreno-hoy-fallecieron-14-pacientes-por-covid-19\/\">Sigue leyendo <span class=\"meta-nav\">&rarr;<\/span><\/a><\/p>\n","protected":false},"author":6,"featured_media":12925,"comment_status":"closed","ping_status":"closed","sticky":false,"template":"","format":"standard","meta":{"footnotes":""},"categories":[2328],"tags":[540,6,102],"class_list":["post-12924","post","type-post","status-publish","format-standard","has-post-thumbnail","hentry","category-local","tag-covid","tag-moreno","tag-municipio-de-moreno"],"_links":{"self":[{"href":"https:\/\/morenoprimero.com.ar\/archivo\/wp-json\/wp\/v2\/posts\/12924","targetHints":{"allow":["GET"]}}],"collection":[{"href":"https:\/\/morenoprimero.com.ar\/archivo\/wp-json\/wp\/v2\/posts"}],"about":[{"href":"https:\/\/morenoprimero.com.ar\/archivo\/wp-json\/wp\/v2\/types\/post"}],"author":[{"embeddable":true,"href":"https:\/\/morenoprimero.com.ar\/archivo\/wp-json\/wp\/v2\/users\/6"}],"replies":[{"embeddable":true,"href":"https:\/\/morenoprimero.com.ar\/archivo\/wp-json\/wp\/v2\/comments?post=12924"}],"version-history":[{"count":1,"href":"https:\/\/morenoprimero.com.ar\/archivo\/wp-json\/wp\/v2\/posts\/12924\/revisions"}],"predecessor-version":[{"id":12926,"href":"https:\/\/morenoprimero.com.ar\/archivo\/wp-json\/wp\/v2\/posts\/12924\/revisions\/12926"}],"wp:featuredmedia":[{"embeddable":true,"href":"https:\/\/morenoprimero.com.ar\/archivo\/wp-json\/wp\/v2\/media\/12925"}],"wp:attachment":[{"href":"https:\/\/morenoprimero.com.ar\/archivo\/wp-json\/wp\/v2\/media?parent=12924"}],"wp:term":[{"taxonomy":"category","embeddable":true,"href":"https:\/\/morenoprimero.com.ar\/archivo\/wp-json\/wp\/v2\/categories?post=12924"},{"taxonomy":"post_tag","embeddable":true,"href":"https:\/\/morenoprimero.com.ar\/archivo\/wp-json\/wp\/v2\/tags?post=12924"}],"curies":[{"name":"wp","href":"https:\/\/api.w.org\/{rel}","templated":true}]}}