{"id":129,"date":"2020-07-02T12:29:43","date_gmt":"2020-07-02T12:29:43","guid":{"rendered":"https:\/\/morenoprimero.com.ar\/?p=129"},"modified":"2020-07-02T12:29:43","modified_gmt":"2020-07-02T12:29:43","slug":"el-hcd-aprobo-la-adhesion-a-la-ley-micaela","status":"publish","type":"post","link":"https:\/\/morenoprimero.com.ar\/archivo\/el-hcd-aprobo-la-adhesion-a-la-ley-micaela\/","title":{"rendered":"El HCD APROB\u00d3 LA ADHESI\u00d3N A LA LEY MICAELA"},"content":{"rendered":"\n<p>El Honorable Consejo Deliberante aprob\u00f3 por unanimidad el Expediente 33882\/20 trabajado por la Comisi\u00f3n Especial de Equidad de G\u00e9neros, en el que manifestaron que: \u201c<strong>en el contexto de pandemia y aislamiento social preventivo y obligatorio la violencia contra las mujeres ha aumentado y resulta importante implementar pol\u00edticas orientadas a resolver la problem\u00e1tica en articulaci\u00f3n con el Departamento Ejecutivo<\/strong>.\u201d<\/p>\n\n\n\n<p>&nbsp;&nbsp;&nbsp;&nbsp;Se trata de la <strong>adhesi\u00f3n a la Ley Micaela que establece la capacitaci\u00f3n obligatoria en g\u00e9nero y violencia de g\u00e9nero para todas las personas que se desempe\u00f1an en la funci\u00f3n p\u00fablica<\/strong>. Tambi\u00e9n se aprob\u00f3 por unanimidad la moci\u00f3n del concejal Mirko Garc\u00eda que declara al fiscal Fernando Rivarola como persona no grata en Moreno. Rivarola hab\u00eda declarado una violaci\u00f3n como \u201cdesahogo sexual\u201d.<\/p>\n\n\n\n<p>&nbsp;&nbsp;<strong>&nbsp;Josefina D\u00edaz<\/strong>, concejal del Frente de Todos, asegur\u00f3 que \u201cde todo lo que puede llegar a suceder en funci\u00f3n de la defensa de los derechos de las mujeres y por la igualdad, lo m\u00e1s valioso es que sean iniciativas colectivas, as\u00ed que, quer\u00eda aclarar eso porque la verdad que no quiero ser abanderada de nada sino parte de una lucha por derechos y con muchas compa\u00f1eras trabajos en funci\u00f3n de eso.\u201d<\/p>\n\n\n\n<p>&nbsp;&nbsp;&nbsp;<strong>Nadia Olea<\/strong>, integrante del mismo bloque, resalt\u00f3 que \u201cDesde la Comisi\u00f3n Especial de G\u00e9neros creemos que es necesario llevar a cabo pol\u00edticas p\u00fablicas que sigan ayudando a erradicar la violencia de g\u00e9nero en todos los \u00e1mbitos, en este caso, con la Ley Micaela, es una adhesi\u00f3n lo que estamos pidiendo, fue llevada a cabo por este consejo en el 2019 y no tenemos registro desde este cuerpo sobre su implementaci\u00f3n\u201d.&nbsp; Luego, se refiri\u00f3 a las capacitaciones: \u201ctambi\u00e9n solicitamos que se ponga en marcha las capacitaciones que implican a la ley Micaela, una herramienta muy importante para seguir trabajando la concientizaci\u00f3n sobre la violencia de g\u00e9nero\u201d.&nbsp;<\/p>\n\n\n\n<p>&nbsp;Por su parte, <strong>Giselle Agostinelli, <\/strong>del bloque de Juntos por el Cambio repudi\u00f3 al diputado Francisco S\u00e1nchez, quien hab\u00eda asegurado que esta ley es un adoctrinamiento obligatorio y una posici\u00f3n totalitaria. \u201cSon expresiones muy fuera de lugar, que necesitan que todos hagamos el repudio para que empiecen a sentirse inc\u00f3modos tambi\u00e9n, para que vean lo que es estar tambi\u00e9n del otro lado y tener que poner el cuerpo a las situaciones\u201d, destac\u00f3 Agostinelli.<\/p>\n","protected":false},"excerpt":{"rendered":"<p>El Honorable Consejo Deliberante aprob\u00f3 por unanimidad el Expediente 33882\/20 trabajado por la Comisi\u00f3n Especial de Equidad de G\u00e9neros, en el que manifestaron que: \u201cen el contexto de pandemia y aislamiento social preventivo y obligatorio la violencia contra las mujeres &hellip; <a href=\"https:\/\/morenoprimero.com.ar\/archivo\/el-hcd-aprobo-la-adhesion-a-la-ley-micaela\/\">Sigue leyendo <span class=\"meta-nav\">&rarr;<\/span><\/a><\/p>\n","protected":false},"author":6,"featured_media":130,"comment_status":"open","ping_status":"open","sticky":false,"template":"","format":"standard","meta":{"footnotes":""},"categories":[3,21,20],"tags":[51,52,53,6],"class_list":["post-129","post","type-post","status-publish","format-standard","has-post-thumbnail","hentry","category-importantes","category-interes-general","category-sociedad","tag-concejo-deliberantes","tag-genero","tag-ley-micaela","tag-moreno"],"_links":{"self":[{"href":"https:\/\/morenoprimero.com.ar\/archivo\/wp-json\/wp\/v2\/posts\/129","targetHints":{"allow":["GET"]}}],"collection":[{"href":"https:\/\/morenoprimero.com.ar\/archivo\/wp-json\/wp\/v2\/posts"}],"about":[{"href":"https:\/\/morenoprimero.com.ar\/archivo\/wp-json\/wp\/v2\/types\/post"}],"author":[{"embeddable":true,"href":"https:\/\/morenoprimero.com.ar\/archivo\/wp-json\/wp\/v2\/users\/6"}],"replies":[{"embeddable":true,"href":"https:\/\/morenoprimero.com.ar\/archivo\/wp-json\/wp\/v2\/comments?post=129"}],"version-history":[{"count":1,"href":"https:\/\/morenoprimero.com.ar\/archivo\/wp-json\/wp\/v2\/posts\/129\/revisions"}],"predecessor-version":[{"id":131,"href":"https:\/\/morenoprimero.com.ar\/archivo\/wp-json\/wp\/v2\/posts\/129\/revisions\/131"}],"wp:featuredmedia":[{"embeddable":true,"href":"https:\/\/morenoprimero.com.ar\/archivo\/wp-json\/wp\/v2\/media\/130"}],"wp:attachment":[{"href":"https:\/\/morenoprimero.com.ar\/archivo\/wp-json\/wp\/v2\/media?parent=129"}],"wp:term":[{"taxonomy":"category","embeddable":true,"href":"https:\/\/morenoprimero.com.ar\/archivo\/wp-json\/wp\/v2\/categories?post=129"},{"taxonomy":"post_tag","embeddable":true,"href":"https:\/\/morenoprimero.com.ar\/archivo\/wp-json\/wp\/v2\/tags?post=129"}],"curies":[{"name":"wp","href":"https:\/\/api.w.org\/{rel}","templated":true}]}}