{"id":1284,"date":"2020-08-16T14:23:07","date_gmt":"2020-08-16T14:23:07","guid":{"rendered":"https:\/\/morenoprimero.com.ar\/?p=1284"},"modified":"2020-08-17T17:13:34","modified_gmt":"2020-08-17T17:13:34","slug":"declaran-ciudadanos-ilustres-a-sandra-y-ruben","status":"publish","type":"post","link":"https:\/\/morenoprimero.com.ar\/archivo\/declaran-ciudadanos-ilustres-a-sandra-y-ruben\/","title":{"rendered":"DECLARAN CIUDADANOS ILUSTRES A SANDRA Y RUB\u00c9N"},"content":{"rendered":"\n<p><strong>El jueves 13 de agosto se vot\u00f3 en el Concejo Deliberante de Moreno, correspondiente a la comisi\u00f3n de cultura, el reconocimiento hacia Sandra Calamano y R\u00faben Rodr\u00edguez, quienes perdieron la vida en la Escuela n\u00b049 del distrito en 2018.<\/strong><\/p>\n\n\n\n<figure class=\"wp-block-image size-large\"><img loading=\"lazy\" decoding=\"async\" width=\"960\" height=\"640\" src=\"https:\/\/morenoprimero.com.ar\/wp-content\/uploads\/2020\/08\/hcd-moreno-1.jpg\" alt=\"\" class=\"wp-image-1287\" srcset=\"https:\/\/morenoprimero.com.ar\/archivo\/wp-content\/uploads\/2020\/08\/hcd-moreno-1.jpg 960w, https:\/\/morenoprimero.com.ar\/archivo\/wp-content\/uploads\/2020\/08\/hcd-moreno-1-300x200.jpg 300w, https:\/\/morenoprimero.com.ar\/archivo\/wp-content\/uploads\/2020\/08\/hcd-moreno-1-768x512.jpg 768w\" sizes=\"auto, (max-width: 960px) 100vw, 960px\" \/><\/figure>\n\n\n\n<p>El d\u00eda jueves a las 14:30 horas se llev\u00f3 a cabo la sesi\u00f3n en el HCD de Moreno para votar distintas ordenanzas, entre ellas, la consideraci\u00f3n como ciudadanos ilustres post mortem a Sandra Calamano y R\u00faben Rodr\u00edguez. Sandra era vicedirectora y R\u00faben auxiliar de la escuela n\u00b0 49, juntos murieron cuando les iban a preparar el desayuno a las y los estudiantes la ma\u00f1ana del 2 de agosto de 2018. <\/p>\n\n\n\n<p>Al respecto, Lucas Franco, concejal del Frente de Todos, dijo:<\/p>\n\n\n\n<blockquote class=\"wp-block-quote is-layout-flow wp-block-quote-is-layout-flow\"><p>\u00abEs un honor reconocer a dos vecinos de Moreno que dejaron la vida defendiendo la escuela p\u00fablica, que marcaron una instancia disruptiva en la historia de Moreno (porque dieron origen al Morenazo) y que nos ense\u00f1aron con su vida al servicio de la educaci\u00f3n que hay que defender lo p\u00fablico. Una vez m\u00e1s hoy la muerte se acerca a nuestras comunidades y una vez m\u00e1s hoy en este contexto, emerge la comunidad defendiendo el rol del Estado y la importancia de lo p\u00fablico, hoy la salud p\u00fablica. No tenemos que permitir que ning\u00fan trabajador, ninguna trabajadora m\u00e1s pierda la vida en su \u00e1mbito de trabajo por el abandono. No tenemos que permitir que la voz de quienes trabajan y se dejan la piel todos los d\u00edas defendiendo nuestros \u00e1mbitos p\u00fablicos no sea escuchada. Y no tenemos que permitir que ning\u00fan vecino ni vecina de Moreno se olvide de estos dos compa\u00f1eros. Deben ser ademas del paso institucional necesario y muy loable que vamos a dar hoy votando este reconocimiento. Deben ser adem\u00e1s ciudadanos ilustres y presentes para siempre en la memoria y en la actividad diaria de quienes estamos comprometidos y convencidos de que hay que defender la educaci\u00f3n p\u00fablica. <strong>Quiero decir que Sandra y Rub\u00e9n est\u00e1n, estuvieron y van a seguir estando presentes no solamente en nuestra memoria sino en nuestra hoja de ruta diaria para defender los \u00e1mbitos p\u00fablicos que son la garant\u00eda de construir una sociedad con dignidad. <\/strong><\/p><\/blockquote>\n","protected":false},"excerpt":{"rendered":"<p>El jueves 13 de agosto se vot\u00f3 en el Concejo Deliberante de Moreno, correspondiente a la comisi\u00f3n de cultura, el reconocimiento hacia Sandra Calamano y R\u00faben Rodr\u00edguez, quienes perdieron la vida en la Escuela n\u00b049 del distrito en 2018. El &hellip; <a href=\"https:\/\/morenoprimero.com.ar\/archivo\/declaran-ciudadanos-ilustres-a-sandra-y-ruben\/\">Sigue leyendo <span class=\"meta-nav\">&rarr;<\/span><\/a><\/p>\n","protected":false},"author":6,"featured_media":1290,"comment_status":"open","ping_status":"open","sticky":false,"template":"","format":"standard","meta":{"footnotes":""},"categories":[3,27,20],"tags":[120,290],"class_list":["post-1284","post","type-post","status-publish","format-standard","has-post-thumbnail","hentry","category-importantes","category-politica","category-sociedad","tag-hcd-moreno","tag-sandra-y-ruben"],"_links":{"self":[{"href":"https:\/\/morenoprimero.com.ar\/archivo\/wp-json\/wp\/v2\/posts\/1284","targetHints":{"allow":["GET"]}}],"collection":[{"href":"https:\/\/morenoprimero.com.ar\/archivo\/wp-json\/wp\/v2\/posts"}],"about":[{"href":"https:\/\/morenoprimero.com.ar\/archivo\/wp-json\/wp\/v2\/types\/post"}],"author":[{"embeddable":true,"href":"https:\/\/morenoprimero.com.ar\/archivo\/wp-json\/wp\/v2\/users\/6"}],"replies":[{"embeddable":true,"href":"https:\/\/morenoprimero.com.ar\/archivo\/wp-json\/wp\/v2\/comments?post=1284"}],"version-history":[{"count":4,"href":"https:\/\/morenoprimero.com.ar\/archivo\/wp-json\/wp\/v2\/posts\/1284\/revisions"}],"predecessor-version":[{"id":1361,"href":"https:\/\/morenoprimero.com.ar\/archivo\/wp-json\/wp\/v2\/posts\/1284\/revisions\/1361"}],"wp:featuredmedia":[{"embeddable":true,"href":"https:\/\/morenoprimero.com.ar\/archivo\/wp-json\/wp\/v2\/media\/1290"}],"wp:attachment":[{"href":"https:\/\/morenoprimero.com.ar\/archivo\/wp-json\/wp\/v2\/media?parent=1284"}],"wp:term":[{"taxonomy":"category","embeddable":true,"href":"https:\/\/morenoprimero.com.ar\/archivo\/wp-json\/wp\/v2\/categories?post=1284"},{"taxonomy":"post_tag","embeddable":true,"href":"https:\/\/morenoprimero.com.ar\/archivo\/wp-json\/wp\/v2\/tags?post=1284"}],"curies":[{"name":"wp","href":"https:\/\/api.w.org\/{rel}","templated":true}]}}