{"id":12633,"date":"2021-05-21T13:07:59","date_gmt":"2021-05-21T13:07:59","guid":{"rendered":"https:\/\/morenoprimero.com.ar\/?p=12633"},"modified":"2021-05-21T13:18:56","modified_gmt":"2021-05-21T13:18:56","slug":"el-municipio-de-moreno-llego-a-la-100-000-personas-vacunadas","status":"publish","type":"post","link":"https:\/\/morenoprimero.com.ar\/archivo\/el-municipio-de-moreno-llego-a-la-100-000-personas-vacunadas\/","title":{"rendered":"El municipio de Moreno lleg\u00f3 a la 100.000 personas vacunadas"},"content":{"rendered":"\n<h4 class=\"wp-block-heading\">En total son 100.875 las dosis aplicadas. La jefa comunal, Mariel Fern\u00e1ndez, resalt\u00f3 que \u00absi bien la vacuna representa esperanza, avanzar con esta campa\u00f1a de vacunaci\u00f3n hist\u00f3rica es tan importante como seguir respetando todas y cada una de las medidas para prevenir el contagio\u201d.<\/h4>\n\n\n\n<p>Miles de vecinas y vecinos de Moreno ya fueron inmunizados desde el inicio de la campa\u00f1a nacional contra el coronavirus y el Plan p\u00fablico, gratuito y optativo de la Provincia de Buenos Aires <strong>\u201cVacunate\u201d. Al d\u00eda de hoy, se aplicaron 100.875 vacunas, de las cuales 81.397 corresponden a la primera dosis y 19.478 a la segunda.\u00a0<\/strong><\/p>\n\n\n\n<p><strong>\u201cEs una enorme alegr\u00eda haber aplicado 100 mil dosis en Moreno. Es el fruto del gran trabajo que se lleva adelante desde el Municipio, en conjunto con el gobierno provincial, el gobierno nacional y toda la comunidad<\/strong>\u201d, celebr\u00f3 la jefa comunal, Mariel Fern\u00e1ndez, y resalt\u00f3 que \u201csi bien la vacuna representa esperanza, avanzar con esta campa\u00f1a de vacunaci\u00f3n hist\u00f3rica es tan importante como seguir respetando todas y cada una de las medidas para prevenir el contagio\u00bb.\u00a0\u00a0<\/p>\n\n\n\n<figure class=\"wp-block-image size-large\"><a href=\"https:\/\/morenoprimero.com.ar\/wp-content\/uploads\/2021\/05\/11.jpeg\"><img loading=\"lazy\" decoding=\"async\" width=\"853\" height=\"568\" src=\"https:\/\/morenoprimero.com.ar\/wp-content\/uploads\/2021\/05\/11.jpeg\" alt=\"\" class=\"wp-image-12634\" srcset=\"https:\/\/morenoprimero.com.ar\/archivo\/wp-content\/uploads\/2021\/05\/11.jpeg 853w, https:\/\/morenoprimero.com.ar\/archivo\/wp-content\/uploads\/2021\/05\/11-300x200.jpeg 300w, https:\/\/morenoprimero.com.ar\/archivo\/wp-content\/uploads\/2021\/05\/11-768x511.jpeg 768w\" sizes=\"auto, (max-width: 853px) 100vw, 853px\" \/><\/a><figcaption>Mariel Fern\u00e1ndez:<em> \u00abEs una enorme alegr\u00eda haber aplicado 100 mil dosis en Moreno. Es el fruto del gran trabajo que se lleva adelante desde el Municipio en conjunto con el gobierno provincial, el gobierno nacional y toda la comunidad<\/em>\u00ab<\/figcaption><\/figure>\n\n\n\n<p>El municipio de Moreno qued\u00f3 a la espera de nuevas dosis para continuar la campa\u00f1a en diez centros de vacunaci\u00f3n que permiten inocular todos los d\u00edas a personal de salud, adultos mayores, personas de 18 a 59 a\u00f1os con factores de riesgo, docentes, auxiliares, fuerzas de seguridad y, recientemente, se agregaron pacientes oncol\u00f3gicos, quienes tengan tuberculosis activa, personas con discapacidad intelectual y del desarrollo, incluyendo S\u00edndrome de Down.\u00a0\u00a0<\/p>\n\n\n\n<p>Adem\u00e1s, el Municipio junto a organizaciones sociales y comunitarias, ofrece asesoramiento y ayuda con la inscripci\u00f3n para recibir la vacuna en distintos puntos distribuidos en todo el distrito.\u00a0<\/p>\n\n\n\n<p><strong>Buenos Aires&nbsp;<\/strong><strong>Vacunate<\/strong>&nbsp;<\/p>\n\n\n\n<p>Para acceder a la vacuna es condici\u00f3n necesaria registrarse en&nbsp;&nbsp;<a href=\"https:\/\/word-edit.officeapps.live.com\/we\/www.vacunatepba.gba.gob.ar\" target=\"_blank\" rel=\"noreferrer noopener\">www.vacunatepba.gba.gob.ar<\/a>&nbsp;haciendo&nbsp;click&nbsp;en el bot\u00f3n \u201cMe quiero registrar\u201d o descargando la aplicaci\u00f3n \u201cBuenos Aires&nbsp;Vacunate\u201d&nbsp; en ANDROID:&nbsp;<a href=\"https:\/\/play.google.com\/store\/apps\/details?id=com.minsaludpba.vacunatePBA&amp;hl=es\" target=\"_blank\" rel=\"noreferrer noopener\">https:\/\/play.google.com\/store\/apps\/details?id=com.minsaludpba.vacunatePBA&amp;hl=es<\/a>&nbsp;y en&nbsp;&nbsp;<\/p>\n\n\n\n<p>iPhone:&nbsp;<a href=\"https:\/\/apps.apple.com\/ar\/app\/vacunatepba\/id1548211332\" target=\"_blank\" rel=\"noreferrer noopener\">https:\/\/apps.apple.com\/ar\/app\/vacunatepba\/id1548211332<\/a>&nbsp;<\/p>\n\n\n\n<p><strong>Operativos Detectar<\/strong>&nbsp;<\/p>\n\n\n\n<p>Se realizan todas las semanas en distintos puntos del distrito que pueden consultarse en <a href=\"https:\/\/moreno.gob.ar\/\">moreno.gob.ar<\/a>&nbsp;<\/p>\n\n\n\n<p><strong>Vacunaci\u00f3n en la provincia de Buenos Aires<\/strong><\/p>\n\n\n\n<p>En total, en la provincia de Buenos Aires, ya hay aplicadas 4.215.688 dosis. Entre ellas, 3.414.376 corresponden a la primera dosis, mientras que 801.312 corresponden a la segunda dosis.<\/p>\n\n\n\n<p><\/p>\n","protected":false},"excerpt":{"rendered":"<p>En total son 100.875 las dosis aplicadas. La jefa comunal, Mariel Fern\u00e1ndez, resalt\u00f3 que \u00absi bien la vacuna representa esperanza, avanzar con esta campa\u00f1a de vacunaci\u00f3n hist\u00f3rica es tan importante como seguir respetando todas y cada una de las medidas &hellip; <a href=\"https:\/\/morenoprimero.com.ar\/archivo\/el-municipio-de-moreno-llego-a-la-100-000-personas-vacunadas\/\">Sigue leyendo <span class=\"meta-nav\">&rarr;<\/span><\/a><\/p>\n","protected":false},"author":6,"featured_media":12635,"comment_status":"closed","ping_status":"closed","sticky":false,"template":"","format":"standard","meta":{"footnotes":""},"categories":[2328],"tags":[6,17,1470],"class_list":["post-12633","post","type-post","status-publish","format-standard","has-post-thumbnail","hentry","category-local","tag-moreno","tag-pandemia","tag-vacunacion-2"],"_links":{"self":[{"href":"https:\/\/morenoprimero.com.ar\/archivo\/wp-json\/wp\/v2\/posts\/12633","targetHints":{"allow":["GET"]}}],"collection":[{"href":"https:\/\/morenoprimero.com.ar\/archivo\/wp-json\/wp\/v2\/posts"}],"about":[{"href":"https:\/\/morenoprimero.com.ar\/archivo\/wp-json\/wp\/v2\/types\/post"}],"author":[{"embeddable":true,"href":"https:\/\/morenoprimero.com.ar\/archivo\/wp-json\/wp\/v2\/users\/6"}],"replies":[{"embeddable":true,"href":"https:\/\/morenoprimero.com.ar\/archivo\/wp-json\/wp\/v2\/comments?post=12633"}],"version-history":[{"count":4,"href":"https:\/\/morenoprimero.com.ar\/archivo\/wp-json\/wp\/v2\/posts\/12633\/revisions"}],"predecessor-version":[{"id":12649,"href":"https:\/\/morenoprimero.com.ar\/archivo\/wp-json\/wp\/v2\/posts\/12633\/revisions\/12649"}],"wp:featuredmedia":[{"embeddable":true,"href":"https:\/\/morenoprimero.com.ar\/archivo\/wp-json\/wp\/v2\/media\/12635"}],"wp:attachment":[{"href":"https:\/\/morenoprimero.com.ar\/archivo\/wp-json\/wp\/v2\/media?parent=12633"}],"wp:term":[{"taxonomy":"category","embeddable":true,"href":"https:\/\/morenoprimero.com.ar\/archivo\/wp-json\/wp\/v2\/categories?post=12633"},{"taxonomy":"post_tag","embeddable":true,"href":"https:\/\/morenoprimero.com.ar\/archivo\/wp-json\/wp\/v2\/tags?post=12633"}],"curies":[{"name":"wp","href":"https:\/\/api.w.org\/{rel}","templated":true}]}}