{"id":12582,"date":"2021-05-20T15:19:01","date_gmt":"2021-05-20T15:19:01","guid":{"rendered":"https:\/\/morenoprimero.com.ar\/?p=12582"},"modified":"2021-05-20T16:30:03","modified_gmt":"2021-05-20T16:30:03","slug":"avanza-el-proyecto-para-postergar-las-paso-y-las-elecciones-generales","status":"publish","type":"post","link":"https:\/\/morenoprimero.com.ar\/archivo\/avanza-el-proyecto-para-postergar-las-paso-y-las-elecciones-generales\/","title":{"rendered":"Avanza el proyecto para postergar las PASO y las elecciones generales"},"content":{"rendered":"\n<h4 class=\"wp-block-heading\">Diputados aprob\u00f3 el proyecto para aplazar el calendario electoral y ahora girar\u00e1 al Senado. Las PASO pasar\u00edan del 8 de agosto al 12 de septiembre y las generales del 24 de octubre al 14 de noviembre.<\/h4>\n\n\n\n<p>El mi\u00e9rcoles por la tarde la <strong>C\u00e1mara de Diputados<\/strong> aprob\u00f3 por 223 votos a favor contra tres rechazos y ocho abstenciones,<strong>&nbsp;un proyecto consensuado entre el Frente de Todos y Juntos por el Cambio<\/strong>&nbsp;para postergar por un mes las Primarias Abiertas, Simult\u00e1neas y Obligatorias (PASO) y las elecciones legislativas, debido a la segunda ola de contagios de coronavirus.<\/p>\n\n\n\n<p>El proyecto, que deber\u00e1 girar\u00e1 al Senado, establece que se trasladan las PASO del 8 de agosto al 12 de septiembre y las generales del 24 de octubre al 14 de noviembre, en la cual se elegir\u00e1n 127 diputados y 24 senadores. <\/p>\n\n\n\n<p>El diputado de izquierda Juan Carlos Giordano, el radical \u00c1lvaro de Lamadrid y el macrista Fernando Iglesias votaron en contra y se abstuvieron las y los diputados del Partido Social para la Justicia, Beatriz Avila, de Juntos por el Cambio Graciela Oca\u00f1a, Alejandro Cacace, Hector Baldassi, Mario Arce, Mart\u00edn Grande, H\u00e9ctor Stefani, y de la izquierda Nicolas del Ca\u00f1o.<\/p>\n\n\n\n<p>Al respecto del proyecto, el diputado nacional Walter Correa, expres\u00f3 en su Twitter personal:<\/p>\n\n\n\n<figure class=\"wp-block-embed is-type-rich is-provider-twitter wp-block-embed-twitter\"><div class=\"wp-block-embed__wrapper\">\n<blockquote class=\"twitter-tweet\" data-width=\"550\" data-dnt=\"true\"><p lang=\"es\" dir=\"ltr\">Por unanimidad, y por la excepcionalidad que impone  pandemia <a href=\"https:\/\/twitter.com\/hashtag\/coronavirus?src=hash&amp;ref_src=twsrc%5Etfw\">#coronavirus<\/a> votamos <a href=\"https:\/\/twitter.com\/DiputadosAR?ref_src=twsrc%5Etfw\">@DiputadosAR<\/a> la modificaci\u00f3n de las fechas de elecciones <a href=\"https:\/\/twitter.com\/hashtag\/Paso?src=hash&amp;ref_src=twsrc%5Etfw\">#Paso<\/a> y generales, y la suspensi\u00f3n de caducidad a partidos pol\u00edticos para su funcionamiento operativo hasta el 31\/12\/21 <a href=\"https:\/\/t.co\/Ien7ZX2JET\">pic.twitter.com\/Ien7ZX2JET<\/a><\/p>&mdash; Walter Correa (@waltercorreaok) <a href=\"https:\/\/twitter.com\/waltercorreaok\/status\/1395183237241180166?ref_src=twsrc%5Etfw\">May 20, 2021<\/a><\/blockquote><script async src=\"https:\/\/platform.twitter.com\/widgets.js\" charset=\"utf-8\"><\/script>\n<\/div><\/figure>\n\n\n\n<p>A su vez, al cierre de esta edici\u00f3n, el oficialismo tambi\u00e9n se preparaba para aprobar la reforma del impuesto a las Ganancias para las empresas, el Consenso Fiscal 2021, una iniciativa para fortalecer el Sistema Nacional de Bomberos Voluntarios y un paquete de transferencias de inmuebles desde el Estado Nacional a distintas provincias.\u00a0<\/p>\n\n\n\n<p>Junto a la postergaci\u00f3n de las elecciones, se aprob\u00f3 tambi\u00e9n &#8211; esta vez por unanimidad &#8211; el proyecto de suspensi\u00f3n de dos causales&nbsp;de caducidad de los partidos pol\u00edticos que no pudieron cumplir con los requisitos legales a causa de la pandemia, de modo que todos los partidos puedan participar del proceso electoral del 2021. <\/p>\n\n\n\n<p>Por su parte, el presidente de la comisi\u00f3n de Asuntos Constitucionales,&nbsp;<strong>Hern\u00e1n P\u00e9rez Araujo<\/strong>&nbsp;(Frente de Todos), destac\u00f3 el consenso alcanzado entre las fuerzas pol\u00edticas \u00aba fin de que podamos analizar y proponer la aprobaci\u00f3n de un proyecto sin encuestas en la mano\u00bb sino que se ha priorizado la emergencia a causa de la pandemia del coronavirus.<\/p>\n\n\n\n<p>Info: t\u00e9lam.<\/p>\n","protected":false},"excerpt":{"rendered":"<p>Diputados aprob\u00f3 el proyecto para aplazar el calendario electoral y ahora girar\u00e1 al Senado. Las PASO pasar\u00edan del 8 de agosto al 12 de septiembre y las generales del 24 de octubre al 14 de noviembre. El mi\u00e9rcoles por la &hellip; <a href=\"https:\/\/morenoprimero.com.ar\/archivo\/avanza-el-proyecto-para-postergar-las-paso-y-las-elecciones-generales\/\">Sigue leyendo <span class=\"meta-nav\">&rarr;<\/span><\/a><\/p>\n","protected":false},"author":6,"featured_media":12584,"comment_status":"closed","ping_status":"closed","sticky":false,"template":"","format":"standard","meta":{"footnotes":""},"categories":[2330],"tags":[802,28,2382,2383,2040,726],"class_list":["post-12582","post","type-post","status-publish","format-standard","has-post-thumbnail","hentry","category-nacional","tag-congreso","tag-frente-de-todos","tag-generales","tag-legislativas","tag-paso","tag-senado"],"_links":{"self":[{"href":"https:\/\/morenoprimero.com.ar\/archivo\/wp-json\/wp\/v2\/posts\/12582","targetHints":{"allow":["GET"]}}],"collection":[{"href":"https:\/\/morenoprimero.com.ar\/archivo\/wp-json\/wp\/v2\/posts"}],"about":[{"href":"https:\/\/morenoprimero.com.ar\/archivo\/wp-json\/wp\/v2\/types\/post"}],"author":[{"embeddable":true,"href":"https:\/\/morenoprimero.com.ar\/archivo\/wp-json\/wp\/v2\/users\/6"}],"replies":[{"embeddable":true,"href":"https:\/\/morenoprimero.com.ar\/archivo\/wp-json\/wp\/v2\/comments?post=12582"}],"version-history":[{"count":6,"href":"https:\/\/morenoprimero.com.ar\/archivo\/wp-json\/wp\/v2\/posts\/12582\/revisions"}],"predecessor-version":[{"id":12601,"href":"https:\/\/morenoprimero.com.ar\/archivo\/wp-json\/wp\/v2\/posts\/12582\/revisions\/12601"}],"wp:featuredmedia":[{"embeddable":true,"href":"https:\/\/morenoprimero.com.ar\/archivo\/wp-json\/wp\/v2\/media\/12584"}],"wp:attachment":[{"href":"https:\/\/morenoprimero.com.ar\/archivo\/wp-json\/wp\/v2\/media?parent=12582"}],"wp:term":[{"taxonomy":"category","embeddable":true,"href":"https:\/\/morenoprimero.com.ar\/archivo\/wp-json\/wp\/v2\/categories?post=12582"},{"taxonomy":"post_tag","embeddable":true,"href":"https:\/\/morenoprimero.com.ar\/archivo\/wp-json\/wp\/v2\/tags?post=12582"}],"curies":[{"name":"wp","href":"https:\/\/api.w.org\/{rel}","templated":true}]}}